{"id":10851,"date":"2022-11-14T08:18:09","date_gmt":"2022-11-14T14:18:09","guid":{"rendered":"http:\/\/tvalaire.com\/?p=10851"},"modified":"2022-12-07T08:20:20","modified_gmt":"2022-12-07T14:20:20","slug":"todo-listo-para-la-noche-magica-del-festival-internacional-del-globo","status":"publish","type":"post","link":"http:\/\/tvalaire.com\/?p=10851","title":{"rendered":"<strong>TODO LISTO PARA LA NOCHE M\u00c1GICA DEL FESTIVAL INTERNACIONAL DEL GLOBO<\/strong>"},"content":{"rendered":"\n<p><\/p>\n\n\n\n<ul class=\"wp-block-list\">\n<li><strong>Elefante en concierto a partir de las 10:00 de la noche<\/strong><\/li>\n\n\n\n<li><strong>Desfile por las principales calles de la ciudad<\/strong><\/li>\n<\/ul>\n\n\n\n<p>Las actividades para la \u201cNoche M\u00e1gica\u201d dentro del Festival Internacional del Globo (FIG) La Piedad, ya est\u00e1n listas para este pr\u00f3ximo viernes 25. El Gobierno Municipal hace la cordial invitaci\u00f3n al p\u00fablico en general para disfrutar en familia del desfile que se realizar\u00e1 por calles principales de la ciudad.<\/p>\n\n\n\n<p>Ser\u00e1 en punto de las 6:00 de la tarde que se inicie con el recorrido que tiene su punto de partida a la altura de Aurrera, para seguir por Heroico Colegio Militar y continuar por Mariano Jim<a><\/a>\u00e9nez, tomar la calle Pino Su\u00e1rez, subir hasta la calle Ju\u00e1rez, 20 de Noviembre y pasar por Hidalgo para llegar hasta el bulevar y concluir en la Secundaria Federal \u201cLic. Rafael Reyes\u201d.<\/p>\n\n\n\n<p>Brenda Orozco Torres, directora de Promoci\u00f3n Econ\u00f3mica, coment\u00f3 que para esta actividad se tienen preparadas 11 canastillas de Globo Aerost\u00e1tico, que con el quemador de propano lanzan fuego.<\/p>\n\n\n\n<p>De igual manera Orozco Torres, se\u00f1al\u00f3 que ser\u00e1 un evento con el que de manera oficial se iniciar\u00e1n las actividades programadas dentro del Festival Internacional en La Piedad, para este a\u00f1o.<\/p>\n\n\n\n<p>As\u00ed mismo, destac\u00f3 que en el recorrido que se tiene previsto realizar, estar\u00e1n participando clubes de autos, patrocinadores, comercios y empresas de la localidad, a quienes reconoci\u00f3 la suma de esfuerzos para la realizaci\u00f3n de este evento.<\/p>\n\n\n\n<p>Posterior al desfile, la actividad en la presa de Ticu\u00edtaco comenzar\u00e1 con la presentaci\u00f3n de artistas locales tales como Armadillo Rock, Los Becarefuls y Old Station Band.<\/p>\n\n\n\n<p>En punto de la 9:00 de la noche se tiene prevista la \u201cNoche M\u00e1gica\u201d en la que, al ritmo de m\u00fasica los globos lanzan fuego, haciendo de la noche un momento espectacular. A partir de las 10:00 de la noche el grupo Elefante termina la actividad de ese d\u00eda con la presentaci\u00f3n de todos sus \u00e9xitos musicales.&nbsp;<\/p>\n\n\n\n<figure class=\"wp-block-image size-large is-style-default\"><img loading=\"lazy\" decoding=\"async\" width=\"1024\" height=\"1024\" src=\"http:\/\/tvalaire.com\/wp-content\/uploads\/2022\/12\/01-1-1024x1024.jpg\" alt=\"\" class=\"wp-image-10853\" srcset=\"http:\/\/tvalaire.com\/wp-content\/uploads\/2022\/12\/01-1-1024x1024.jpg 1024w, http:\/\/tvalaire.com\/wp-content\/uploads\/2022\/12\/01-1-300x300.jpg 300w, http:\/\/tvalaire.com\/wp-content\/uploads\/2022\/12\/01-1-150x150.jpg 150w, http:\/\/tvalaire.com\/wp-content\/uploads\/2022\/12\/01-1-768x768.jpg 768w, http:\/\/tvalaire.com\/wp-content\/uploads\/2022\/12\/01-1-1536x1536.jpg 1536w, http:\/\/tvalaire.com\/wp-content\/uploads\/2022\/12\/01-1-2048x2048.jpg 2048w\" sizes=\"(max-width: 1024px) 100vw, 1024px\" \/><\/figure>\n","protected":false},"excerpt":{"rendered":"<p>Las actividades para la \u201cNoche M\u00e1gica\u201d dentro del Festival Internacional del Globo (FIG) La Piedad,&#8230;<\/p>\n","protected":false},"author":1,"featured_media":10852,"comment_status":"open","ping_status":"open","sticky":false,"template":"","format":"standard","meta":{"jetpack_post_was_ever_published":false,"_jetpack_newsletter_access":"","_jetpack_dont_email_post_to_subs":false,"_jetpack_newsletter_tier_id":0,"_jetpack_memberships_contains_paywalled_content":false,"_jetpack_memberships_contains_paid_content":false,"footnotes":"","jetpack_publicize_message":"","jetpack_publicize_feature_enabled":true,"jetpack_social_post_already_shared":true,"jetpack_social_options":{"image_generator_settings":{"template":"highway","enabled":false},"version":2}},"categories":[1],"tags":[15],"class_list":["post-10851","post","type-post","status-publish","format-standard","has-post-thumbnail","hentry","category-la-piedad","tag-la-piedad"],"jetpack_publicize_connections":[],"jetpack_sharing_enabled":true,"featured_image_urls":{"full":["http:\/\/tvalaire.com\/wp-content\/uploads\/2022\/12\/01-2-scaled.jpg",2560,2560,false],"thumbnail":["http:\/\/tvalaire.com\/wp-content\/uploads\/2022\/12\/01-2-150x150.jpg",150,150,true],"medium":["http:\/\/tvalaire.com\/wp-content\/uploads\/2022\/12\/01-2-300x300.jpg",300,300,true],"medium_large":["http:\/\/tvalaire.com\/wp-content\/uploads\/2022\/12\/01-2-768x768.jpg",640,640,true],"large":["http:\/\/tvalaire.com\/wp-content\/uploads\/2022\/12\/01-2-1024x1024.jpg",640,640,true],"post-slider-thumb-size":["http:\/\/tvalaire.com\/wp-content\/uploads\/2022\/12\/01-2-330x190.jpg",330,190,true],"post-category-slider-size":["http:\/\/tvalaire.com\/wp-content\/uploads\/2022\/12\/01-2-scaled.jpg",330,330,false],"1536x1536":["http:\/\/tvalaire.com\/wp-content\/uploads\/2022\/12\/01-2-1536x1536.jpg",1536,1536,true],"2048x2048":["http:\/\/tvalaire.com\/wp-content\/uploads\/2022\/12\/01-2-2048x2048.jpg",2048,2048,true],"newsium-slider-full":["http:\/\/tvalaire.com\/wp-content\/uploads\/2022\/12\/01-2-1280x845.jpg",1280,845,true],"newsium-featured":["http:\/\/tvalaire.com\/wp-content\/uploads\/2022\/12\/01-2-1024x1024.jpg",1024,1024,true],"newsium-medium":["http:\/\/tvalaire.com\/wp-content\/uploads\/2022\/12\/01-2-720x475.jpg",720,475,true]},"author_info":{"info":["tvalairenoti"]},"category_info":"<a href=\"http:\/\/tvalaire.com\/?cat=1\" rel=\"category\">La Piedad<\/a>","tag_info":"La Piedad","comment_count":"0","jetpack_featured_media_url":"http:\/\/tvalaire.com\/wp-content\/uploads\/2022\/12\/01-2-scaled.jpg","_links":{"self":[{"href":"http:\/\/tvalaire.com\/index.php?rest_route=\/wp\/v2\/posts\/10851"}],"collection":[{"href":"http:\/\/tvalaire.com\/index.php?rest_route=\/wp\/v2\/posts"}],"about":[{"href":"http:\/\/tvalaire.com\/index.php?rest_route=\/wp\/v2\/types\/post"}],"author":[{"embeddable":true,"href":"http:\/\/tvalaire.com\/index.php?rest_route=\/wp\/v2\/users\/1"}],"replies":[{"embeddable":true,"href":"http:\/\/tvalaire.com\/index.php?rest_route=%2Fwp%2Fv2%2Fcomments&post=10851"}],"version-history":[{"count":1,"href":"http:\/\/tvalaire.com\/index.php?rest_route=\/wp\/v2\/posts\/10851\/revisions"}],"predecessor-version":[{"id":10854,"href":"http:\/\/tvalaire.com\/index.php?rest_route=\/wp\/v2\/posts\/10851\/revisions\/10854"}],"wp:featuredmedia":[{"embeddable":true,"href":"http:\/\/tvalaire.com\/index.php?rest_route=\/wp\/v2\/media\/10852"}],"wp:attachment":[{"href":"http:\/\/tvalaire.com\/index.php?rest_route=%2Fwp%2Fv2%2Fmedia&parent=10851"}],"wp:term":[{"taxonomy":"category","embeddable":true,"href":"http:\/\/tvalaire.com\/index.php?rest_route=%2Fwp%2Fv2%2Fcategories&post=10851"},{"taxonomy":"post_tag","embeddable":true,"href":"http:\/\/tvalaire.com\/index.php?rest_route=%2Fwp%2Fv2%2Ftags&post=10851"}],"curies":[{"name":"wp","href":"https:\/\/api.w.org\/{rel}","templated":true}]}}