{"id":10838,"date":"2022-11-09T08:09:20","date_gmt":"2022-11-09T14:09:20","guid":{"rendered":"http:\/\/tvalaire.com\/?p=10838"},"modified":"2022-12-07T08:11:27","modified_gmt":"2022-12-07T14:11:27","slug":"brinda-gobierno-de-la-piedad-apoyo-al-campo-de-manera-constante","status":"publish","type":"post","link":"http:\/\/tvalaire.com\/?p=10838","title":{"rendered":"<strong>BRINDA GOBIERNO DE LA PIEDAD APOYO AL CAMPO DE MANERA CONSTANTE<\/strong>"},"content":{"rendered":"\n<p><\/p>\n\n\n\n<ul class=\"wp-block-list\">\n<li><strong>Capacitaci\u00f3n en Islas agropecuarias con diversas tecnolog\u00edas<\/strong><\/li>\n\n\n\n<li><strong>Entregan alambre de p\u00faas y l\u00e1minas galvanizadas<\/strong><\/li>\n<\/ul>\n\n\n\n<p>A trav\u00e9s de la Direcci\u00f3n de Fomento Agropecuario, el Gobierno de La Piedad, que encabeza Samuel Hidalgo Gallardo, sigue incentivando y ofreciendo oportunidades de desarrollo y crecimiento en favor del campo y de los agricultores del municipio.<\/p>\n\n\n\n<p>\u201cEn atenci\u00f3n a lo encomendado por el Edil, estamos trabajando de cerca con este sector de nuestra ciudad, pues la instrucci\u00f3n del Presidente es clara. Difundir, acercar y asesorar en los diferentes programas de cultivo, producci\u00f3n y tecnificaci\u00f3n del campo\u201d, expres\u00f3 Heriberto L\u00f3pez Ram\u00edrez, director de Fomento Agropecuario.<\/p>\n\n\n\n<p>L\u00f3pez Ram\u00edrez, destac\u00f3 que muestra de las acciones se pueden ver en<a><\/a> la pasada entrega de alambre de p\u00faas y l\u00e1minas galvanizadas que se hicieron a 76 productores del campo, de las comunidades de Paredones, Taquiscuareo, El Algodonal, La Providencia, Ticu\u00edtaco, entre otras. Cabe destacar que este tipo de apoyos tambi\u00e9n se han entregado en otras zonas rurales.<\/p>\n\n\n\n<p>Asimismo, coment\u00f3 el funcionario sobre la asesor\u00eda que se brind\u00f3 a los agricultores quienes tramitaron sus t\u00edtulos parcelarios, los cuales ahora ya cuentan con una certidumbre de sus propiedades. Ah\u00ed mismo se realiz\u00f3 el registro de 169 listas de sucesi\u00f3n y la entrega de 31 certificados.&nbsp;<\/p>\n\n\n\n<p>L\u00f3pez Ram\u00edrez, a nombre del Presidente, extendi\u00f3 un agradecimiento y reconocimiento por el apoyo brindado a las instituciones de la Procuradur\u00eda Agraria y elRegistro Agrario Nacional (RAN) del Gobierno Federal, quienes otorgaron todas las facilidades para entregar dichos t\u00edtulos.<\/p>\n\n\n\n<p>Agreg\u00f3 que en este mismo sector se trabaja con las Islas Agropecuarias, en donde la \u00faltima exhibici\u00f3n en verde que se hizo en la comunidad de Tanque de Pe\u00f1a, se capacit\u00f3 a m\u00e1s de 100 productores de diferentes comunidades del municipio, con tecnolog\u00edas que ayudaron a potencializar la producci\u00f3n de sus tierras.<\/p>\n\n\n\n<p>Los asistentes fueron asesorados en la ruptura vertical, curvas a nivel y manejo de plagas con feromonas Provivi, as\u00ed como el manejo adecuado de herbicidas para el control de malezas.<\/p>\n\n\n\n<figure class=\"wp-block-image size-full is-style-default\"><img loading=\"lazy\" decoding=\"async\" width=\"1024\" height=\"682\" src=\"http:\/\/tvalaire.com\/wp-content\/uploads\/2022\/12\/01-3-1.jpeg\" alt=\"\" class=\"wp-image-10840\" srcset=\"http:\/\/tvalaire.com\/wp-content\/uploads\/2022\/12\/01-3-1.jpeg 1024w, http:\/\/tvalaire.com\/wp-content\/uploads\/2022\/12\/01-3-1-300x200.jpeg 300w, http:\/\/tvalaire.com\/wp-content\/uploads\/2022\/12\/01-3-1-768x512.jpeg 768w\" sizes=\"(max-width: 1024px) 100vw, 1024px\" \/><\/figure>\n\n\n\n<p><\/p>\n\n\n\n<figure class=\"wp-block-image size-full is-style-default\"><img loading=\"lazy\" decoding=\"async\" width=\"1024\" height=\"682\" src=\"http:\/\/tvalaire.com\/wp-content\/uploads\/2022\/12\/01-4.jpeg\" alt=\"\" class=\"wp-image-10841\" srcset=\"http:\/\/tvalaire.com\/wp-content\/uploads\/2022\/12\/01-4.jpeg 1024w, http:\/\/tvalaire.com\/wp-content\/uploads\/2022\/12\/01-4-300x200.jpeg 300w, http:\/\/tvalaire.com\/wp-content\/uploads\/2022\/12\/01-4-768x512.jpeg 768w\" sizes=\"(max-width: 1024px) 100vw, 1024px\" \/><\/figure>\n","protected":false},"excerpt":{"rendered":"<p>A trav\u00e9s de la Direcci\u00f3n de Fomento Agropecuario, el Gobierno de La Piedad, que encabeza&#8230;<\/p>\n","protected":false},"author":1,"featured_media":10839,"comment_status":"open","ping_status":"open","sticky":false,"template":"","format":"standard","meta":{"jetpack_post_was_ever_published":false,"_jetpack_newsletter_access":"","_jetpack_dont_email_post_to_subs":false,"_jetpack_newsletter_tier_id":0,"_jetpack_memberships_contains_paywalled_content":false,"_jetpack_memberships_contains_paid_content":false,"footnotes":"","jetpack_publicize_message":"","jetpack_publicize_feature_enabled":true,"jetpack_social_post_already_shared":true,"jetpack_social_options":{"image_generator_settings":{"template":"highway","enabled":false},"version":2}},"categories":[1],"tags":[15],"class_list":["post-10838","post","type-post","status-publish","format-standard","has-post-thumbnail","hentry","category-la-piedad","tag-la-piedad"],"jetpack_publicize_connections":[],"jetpack_sharing_enabled":true,"featured_image_urls":{"full":["http:\/\/tvalaire.com\/wp-content\/uploads\/2022\/12\/01-5.jpeg",1024,682,false],"thumbnail":["http:\/\/tvalaire.com\/wp-content\/uploads\/2022\/12\/01-5-150x150.jpeg",150,150,true],"medium":["http:\/\/tvalaire.com\/wp-content\/uploads\/2022\/12\/01-5-300x200.jpeg",300,200,true],"medium_large":["http:\/\/tvalaire.com\/wp-content\/uploads\/2022\/12\/01-5-768x512.jpeg",640,427,true],"large":["http:\/\/tvalaire.com\/wp-content\/uploads\/2022\/12\/01-5.jpeg",640,426,false],"post-slider-thumb-size":["http:\/\/tvalaire.com\/wp-content\/uploads\/2022\/12\/01-5-330x190.jpeg",330,190,true],"post-category-slider-size":["http:\/\/tvalaire.com\/wp-content\/uploads\/2022\/12\/01-5.jpeg",330,220,false],"1536x1536":["http:\/\/tvalaire.com\/wp-content\/uploads\/2022\/12\/01-5.jpeg",1024,682,false],"2048x2048":["http:\/\/tvalaire.com\/wp-content\/uploads\/2022\/12\/01-5.jpeg",1024,682,false],"newsium-slider-full":["http:\/\/tvalaire.com\/wp-content\/uploads\/2022\/12\/01-5.jpeg",1024,682,false],"newsium-featured":["http:\/\/tvalaire.com\/wp-content\/uploads\/2022\/12\/01-5.jpeg",1024,682,false],"newsium-medium":["http:\/\/tvalaire.com\/wp-content\/uploads\/2022\/12\/01-5-720x475.jpeg",720,475,true]},"author_info":{"info":["tvalairenoti"]},"category_info":"<a href=\"http:\/\/tvalaire.com\/?cat=1\" rel=\"category\">La Piedad<\/a>","tag_info":"La Piedad","comment_count":"0","jetpack_featured_media_url":"http:\/\/tvalaire.com\/wp-content\/uploads\/2022\/12\/01-5.jpeg","_links":{"self":[{"href":"http:\/\/tvalaire.com\/index.php?rest_route=\/wp\/v2\/posts\/10838"}],"collection":[{"href":"http:\/\/tvalaire.com\/index.php?rest_route=\/wp\/v2\/posts"}],"about":[{"href":"http:\/\/tvalaire.com\/index.php?rest_route=\/wp\/v2\/types\/post"}],"author":[{"embeddable":true,"href":"http:\/\/tvalaire.com\/index.php?rest_route=\/wp\/v2\/users\/1"}],"replies":[{"embeddable":true,"href":"http:\/\/tvalaire.com\/index.php?rest_route=%2Fwp%2Fv2%2Fcomments&post=10838"}],"version-history":[{"count":1,"href":"http:\/\/tvalaire.com\/index.php?rest_route=\/wp\/v2\/posts\/10838\/revisions"}],"predecessor-version":[{"id":10842,"href":"http:\/\/tvalaire.com\/index.php?rest_route=\/wp\/v2\/posts\/10838\/revisions\/10842"}],"wp:featuredmedia":[{"embeddable":true,"href":"http:\/\/tvalaire.com\/index.php?rest_route=\/wp\/v2\/media\/10839"}],"wp:attachment":[{"href":"http:\/\/tvalaire.com\/index.php?rest_route=%2Fwp%2Fv2%2Fmedia&parent=10838"}],"wp:term":[{"taxonomy":"category","embeddable":true,"href":"http:\/\/tvalaire.com\/index.php?rest_route=%2Fwp%2Fv2%2Fcategories&post=10838"},{"taxonomy":"post_tag","embeddable":true,"href":"http:\/\/tvalaire.com\/index.php?rest_route=%2Fwp%2Fv2%2Ftags&post=10838"}],"curies":[{"name":"wp","href":"https:\/\/api.w.org\/{rel}","templated":true}]}}