{"id":1080,"date":"2017-03-24T14:24:23","date_gmt":"2017-03-24T20:24:23","guid":{"rendered":"http:\/\/tvalaire.com\/?p=1080"},"modified":"2017-03-24T14:24:23","modified_gmt":"2017-03-24T20:24:23","slug":"tomar-agua-nos-dara-vida-pero-tomar-conciencia-nos-dara-agua-edil-victor-vazquez","status":"publish","type":"post","link":"http:\/\/tvalaire.com\/?p=1080","title":{"rendered":"TOMAR AGUA NOS DAR\u00c1 VIDA, PERO TOMAR CONCIENCIA NOS DAR\u00c1 AGUA: EDIL V\u00cdCTOR V\u00c1ZQUEZ"},"content":{"rendered":"<ul>\n<li><strong>GARANTIZADO EL ABASTO DE AGUA POTABLE AL 100% DE LA POBLACION MEDIANTE INVERSION MILLONARIA.<\/strong><\/li>\n<\/ul>\n<p>En el marco de la conmemoraci\u00f3n del D\u00eda Mundial del Agua el Gobierno Municipal trabaja para que las familias tengan este vital liquido en sus hogares, con una inversi\u00f3n hasta el momento <strong>de 25 millones 168 mil 851 pesos<\/strong>, as\u00ed lo dio a conocer el Presidente Municipal V\u00edctor V\u00e1zquez en el evento que se realiz\u00f3 en la comunidad de El Granjenalde concientizaci\u00f3n para el cuidado de este recurso h\u00eddrico.<\/p>\n<p>Ante ello el encargado del orden de San Miguel Isidro L\u00f3pez Arellano extern\u00f3 que \u201cen nuestra comunidad han estado trabajando bien en el subministro del agua potable, esperamos que as\u00ed sigan para que la comunidad siga adelante\u201d.<\/p>\n<p>En el mismo tenor Norberto Aguilar Romero encargado del orden de Nuevo Progreso resalt\u00f3 \u201cmi comunidad est\u00e1 conforme con el trabajo que ha estado realizando esta administraci\u00f3n para que nos llegue el agua en nuestras casas, ya a nosotros nos toca trabajar en conservarla, para que en un futuro no tengamos escases de la misma, por eso tenemos que cuidarla y tener conciencia de que debemos cuidarla tratando de arreglar las fugas y serrar las llaves cuando no la utilicemos, el agua es vida y hay que cuidarla\u201d.<\/p>\n<p>\u201cLa rehabilitaci\u00f3n del pozo del Grangenal fue un beneficio grand\u00edsimo para la comunidad porque el mejoramiento que se le realizo, hizo que se ahorrar\u00e1 energ\u00eda para el bombeo, ya que anteriormente se ten\u00eda una bomba que absorb\u00eda m\u00e1s aire que agua, tardando m\u00e1s tiempo en llenarnos el deposito\u201d coment\u00f3 el encargado del orden de la comunidad de El Grangenal Dami\u00e1n Fern\u00e1ndez L\u00f3pez.<\/p>\n<p>Igualmente V\u00edctor V\u00e1zquez enfatiz\u00f3 que \u201cen el municipio no quisimos pasar desapercibida esta fecha tan importante que es el d\u00eda mundial del agua, desde 1992 en Rio de Janeiro, Brasil, en una asamblea de las naciones unidas se propuso que se\u00a0\u00a0 celebrara el d\u00eda 22 de marzo de cada a\u00f1o el D\u00eda Mundial del Agua, a partir de 1993 se ha venido celebrando este d\u00eda para hacer conciencia del cuidado que tenemos que tener de este vital liquido\u201d.<\/p>\n<p>Adem\u00e1s indic\u00f3 que \u201cel agua es un elemento esencial del desarrollo sostenible. Los recursos h\u00eddricos juegan un papel importante en la reducci\u00f3n de la pobreza, el crecimiento econ\u00f3mico y la sostenibilidad ambiental, tambi\u00e9n juegan un papel importante en la calidad alimentaria, en la salud y el medio ambiente. El agua es un derecho humano que est\u00e1 consagrado en la constituci\u00f3n y como autoridades municipales tenemos que cumplir con esa obligaci\u00f3n para que este derecho sea garantizado para todos los ciudadanos Puruandirenses\u201d.<\/p>\n<p>Es por ello que puntualiz\u00f3 que \u201cyo quiero reconocer a nuestros amigos integrantes del Honorable Cabildo que siempre han tenido la voluntad para cuando hay necesidad de actuar ante una eventualidad, como ha sucedido en varios casos para no dejar a una poblaci\u00f3n de este vital liquido, hemos hecho lo necesario para actuar de manera inmediata, gracias a ello hemos tenido grandes avances en este tema. Hasta esta fecha van 4 perforaciones de pozos; en la cabecera municipal, en la comunidad de San Nicol\u00e1s, Batuecas y Chamacuero con una inversi\u00f3n de 10 millones 898 mil 762 pesos, se han rehabilitado 8 pozos en entre ellos el de esta comunidad de Batuecas, siendo una muestra del gran compromiso que tenemos, por eso se destin\u00f3 en esta rehabilitaci\u00f3n 2 millones 832 mil 872 pesos y gracias a ello nos ha generado menos costos en energ\u00eda, pero tambi\u00e9n ha generado m\u00e1s abastecimiento de agua\u201d.<\/p>\n<p>Contin\u00fao enumerando que \u201cde igual forma se han rehabilitado redes de agua potable con una inversi\u00f3n de un mill\u00f3n 533 mil 610 pesos, as\u00ed como ampliaci\u00f3n de red de agua potable 3 millones 483 mil 301 pesos, equipamiento de pozos 3 millones 327 mil 800 pesos, construcci\u00f3n de dep\u00f3sitos un mill\u00f3n 350 mil pesos, rehabilitaci\u00f3n de dep\u00f3sitos 613 mil pesos, construcci\u00f3n de l\u00edneas de conducci\u00f3n 781 mil 699 pesos, rehabilitaci\u00f3n de norias 659 mil 251 pesos, con una inversi\u00f3n total de 25 millones 168 mil 851 pesos\u201d.<\/p>\n<p>Tambi\u00e9n hizo menci\u00f3n que el cuidado del agua es importante a trav\u00e9s de crear una cultura del cuidado del agua, \u201chacemos conciencia en los ni\u00f1os de este vital l\u00edquido en diferentes centros educativos, es muy importante que vayamos redoblando esfuerzos para hacer conciencia porque Tomar Agua Nos Dar\u00e1 Vida, Pero Tomar Conciencia Nos Dar\u00e1 Agua, es tarea de todos\u201d.<\/p>\n<p><img loading=\"lazy\" decoding=\"async\" class=\"alignnone size-medium wp-image-1086\" src=\"http:\/\/tvalaire.com\/wp-content\/uploads\/2017\/03\/dia-mundial-del-agua-5-300x199.jpg\" alt=\"\" width=\"300\" height=\"199\" srcset=\"http:\/\/tvalaire.com\/wp-content\/uploads\/2017\/03\/dia-mundial-del-agua-5-300x199.jpg 300w, http:\/\/tvalaire.com\/wp-content\/uploads\/2017\/03\/dia-mundial-del-agua-5-768x509.jpg 768w, http:\/\/tvalaire.com\/wp-content\/uploads\/2017\/03\/dia-mundial-del-agua-5-1024x678.jpg 1024w\" sizes=\"(max-width: 300px) 100vw, 300px\" \/><\/p>\n<p><img loading=\"lazy\" decoding=\"async\" class=\"alignnone size-medium wp-image-1085\" src=\"http:\/\/tvalaire.com\/wp-content\/uploads\/2017\/03\/dia-mundial-del-agua-4-300x199.jpg\" alt=\"\" width=\"300\" height=\"199\" srcset=\"http:\/\/tvalaire.com\/wp-content\/uploads\/2017\/03\/dia-mundial-del-agua-4-300x199.jpg 300w, http:\/\/tvalaire.com\/wp-content\/uploads\/2017\/03\/dia-mundial-del-agua-4-768x509.jpg 768w, http:\/\/tvalaire.com\/wp-content\/uploads\/2017\/03\/dia-mundial-del-agua-4-1024x678.jpg 1024w\" sizes=\"(max-width: 300px) 100vw, 300px\" \/><\/p>\n<p><img loading=\"lazy\" decoding=\"async\" class=\"alignnone size-medium wp-image-1083\" src=\"http:\/\/tvalaire.com\/wp-content\/uploads\/2017\/03\/DSC2376-300x199.jpg\" alt=\"\" width=\"300\" height=\"199\" srcset=\"http:\/\/tvalaire.com\/wp-content\/uploads\/2017\/03\/DSC2376-300x199.jpg 300w, http:\/\/tvalaire.com\/wp-content\/uploads\/2017\/03\/DSC2376-768x509.jpg 768w, http:\/\/tvalaire.com\/wp-content\/uploads\/2017\/03\/DSC2376-1024x678.jpg 1024w\" sizes=\"(max-width: 300px) 100vw, 300px\" \/><\/p>\n<p><img loading=\"lazy\" decoding=\"async\" class=\"alignnone size-medium wp-image-1082\" src=\"http:\/\/tvalaire.com\/wp-content\/uploads\/2017\/03\/DSC2311-300x199.jpg\" alt=\"\" width=\"300\" height=\"199\" srcset=\"http:\/\/tvalaire.com\/wp-content\/uploads\/2017\/03\/DSC2311-300x199.jpg 300w, http:\/\/tvalaire.com\/wp-content\/uploads\/2017\/03\/DSC2311-768x509.jpg 768w, http:\/\/tvalaire.com\/wp-content\/uploads\/2017\/03\/DSC2311-1024x678.jpg 1024w\" sizes=\"(max-width: 300px) 100vw, 300px\" \/><\/p>\n","protected":false},"excerpt":{"rendered":"<p>GARANTIZADO EL ABASTO DE AGUA POTABLE AL 100% DE LA POBLACION MEDIANTE INVERSION MILLONARIA. En&#8230;<\/p>\n","protected":false},"author":1,"featured_media":1084,"comment_status":"open","ping_status":"open","sticky":false,"template":"","format":"standard","meta":{"jetpack_post_was_ever_published":false,"_jetpack_newsletter_access":"","_jetpack_dont_email_post_to_subs":false,"_jetpack_newsletter_tier_id":0,"_jetpack_memberships_contains_paywalled_content":false,"_jetpack_memberships_contains_paid_content":false,"footnotes":"","jetpack_publicize_message":"","jetpack_publicize_feature_enabled":true,"jetpack_social_post_already_shared":false,"jetpack_social_options":{"image_generator_settings":{"template":"highway","enabled":false},"version":2}},"categories":[4],"tags":[36,24],"class_list":["post-1080","post","type-post","status-publish","format-standard","has-post-thumbnail","hentry","category-puruandiro","tag-principales","tag-puruandiro"],"jetpack_publicize_connections":[],"jetpack_sharing_enabled":true,"featured_image_urls":{"full":["http:\/\/tvalaire.com\/wp-content\/uploads\/2017\/03\/DSC2393.jpg",2464,1632,false],"thumbnail":["http:\/\/tvalaire.com\/wp-content\/uploads\/2017\/03\/DSC2393-150x150.jpg",150,150,true],"medium":["http:\/\/tvalaire.com\/wp-content\/uploads\/2017\/03\/DSC2393-300x199.jpg",300,199,true],"medium_large":["http:\/\/tvalaire.com\/wp-content\/uploads\/2017\/03\/DSC2393-768x509.jpg",640,424,true],"large":["http:\/\/tvalaire.com\/wp-content\/uploads\/2017\/03\/DSC2393-1024x678.jpg",640,424,true],"post-slider-thumb-size":["http:\/\/tvalaire.com\/wp-content\/uploads\/2017\/03\/DSC2393.jpg",287,190,false],"post-category-slider-size":["http:\/\/tvalaire.com\/wp-content\/uploads\/2017\/03\/DSC2393.jpg",330,219,false],"1536x1536":["http:\/\/tvalaire.com\/wp-content\/uploads\/2017\/03\/DSC2393.jpg",1536,1017,false],"2048x2048":["http:\/\/tvalaire.com\/wp-content\/uploads\/2017\/03\/DSC2393.jpg",2048,1356,false],"newsium-slider-full":["http:\/\/tvalaire.com\/wp-content\/uploads\/2017\/03\/DSC2393.jpg",1276,845,false],"newsium-featured":["http:\/\/tvalaire.com\/wp-content\/uploads\/2017\/03\/DSC2393.jpg",1024,678,false],"newsium-medium":["http:\/\/tvalaire.com\/wp-content\/uploads\/2017\/03\/DSC2393.jpg",717,475,false]},"author_info":{"info":["tvalairenoti"]},"category_info":"<a href=\"http:\/\/tvalaire.com\/?cat=4\" rel=\"category\">Puru\u00e1ndiro<\/a>","tag_info":"Puru\u00e1ndiro","comment_count":"0","jetpack_featured_media_url":"http:\/\/tvalaire.com\/wp-content\/uploads\/2017\/03\/DSC2393.jpg","_links":{"self":[{"href":"http:\/\/tvalaire.com\/index.php?rest_route=\/wp\/v2\/posts\/1080"}],"collection":[{"href":"http:\/\/tvalaire.com\/index.php?rest_route=\/wp\/v2\/posts"}],"about":[{"href":"http:\/\/tvalaire.com\/index.php?rest_route=\/wp\/v2\/types\/post"}],"author":[{"embeddable":true,"href":"http:\/\/tvalaire.com\/index.php?rest_route=\/wp\/v2\/users\/1"}],"replies":[{"embeddable":true,"href":"http:\/\/tvalaire.com\/index.php?rest_route=%2Fwp%2Fv2%2Fcomments&post=1080"}],"version-history":[{"count":1,"href":"http:\/\/tvalaire.com\/index.php?rest_route=\/wp\/v2\/posts\/1080\/revisions"}],"predecessor-version":[{"id":1087,"href":"http:\/\/tvalaire.com\/index.php?rest_route=\/wp\/v2\/posts\/1080\/revisions\/1087"}],"wp:featuredmedia":[{"embeddable":true,"href":"http:\/\/tvalaire.com\/index.php?rest_route=\/wp\/v2\/media\/1084"}],"wp:attachment":[{"href":"http:\/\/tvalaire.com\/index.php?rest_route=%2Fwp%2Fv2%2Fmedia&parent=1080"}],"wp:term":[{"taxonomy":"category","embeddable":true,"href":"http:\/\/tvalaire.com\/index.php?rest_route=%2Fwp%2Fv2%2Fcategories&post=1080"},{"taxonomy":"post_tag","embeddable":true,"href":"http:\/\/tvalaire.com\/index.php?rest_route=%2Fwp%2Fv2%2Ftags&post=1080"}],"curies":[{"name":"wp","href":"https:\/\/api.w.org\/{rel}","templated":true}]}}