{"id":10787,"date":"2022-10-05T10:22:17","date_gmt":"2022-10-05T15:22:17","guid":{"rendered":"http:\/\/tvalaire.com\/?p=10787"},"modified":"2022-11-07T10:24:09","modified_gmt":"2022-11-07T16:24:09","slug":"arranca-la-jornada-nacional-de-vacunacion-antirrabica-canina-y-felina","status":"publish","type":"post","link":"http:\/\/tvalaire.com\/?p=10787","title":{"rendered":"<strong>ARRANCA LA JORNADA NACIONAL DE VACUNACI\u00d3N ANTIRR\u00c1BICA CANINA Y FELINA<\/strong>"},"content":{"rendered":"\n<p><\/p>\n\n\n\n<ul class=\"wp-block-list\">\n<li><strong>Del 10 al 14 la brigada itinerante estar\u00e1 en colonias y comunidades de La Piedad<\/strong><\/li>\n\n\n\n<li><strong>M\u00f3dulo permanente en Centro de Salud de 9:00 am a 2:00 pm<\/strong><\/li>\n<\/ul>\n\n\n\n<p>Del 5 al 14 de octubre se llevar\u00e1 a cabo la Jornada de Vacunaci\u00f3n Antirr\u00e1bica para perros y gatos, esto a trav\u00e9s del Gobierno Municipal de La Piedad y el Centro de Salud, durante esta jornada habr\u00e1 brigadas itinerantes las cuales llevar\u00e1n la vacuna antirr\u00e1bica a diferentes colonias y comunidades del municipio.<\/p>\n\n\n\n<p>\u201cColaborar con estas acciones y que son a favor de nuestras mascotas domesticas me llena de alegr\u00eda, y gracias al trabajo en conjunto con la Secretaria de Salud a trav\u00e9s del Centro de Salud, podemos hacer m\u00e1s y mejores acciones, para ver por los derechos de los animalitos y la salud de los piedadenses\u201d; expres\u00f3 el alcalde en el arranque de esta jornada.<\/p>\n\n\n\n<p>Del 5 al 7 de octubre la vacuna se estar\u00e1 aplicando en el Centro de Salud en sus nuevas instalaciones en calle Carrillo Puerto, con un horario de 9:00 am a 2:00 pm y a partir del lunes 10 hasta el viernes 14, se llevar\u00e1 a las colonias y comunidades del municipio.<\/p>\n\n\n\n<p>El lunes 10 de octubre se llevar\u00e1 la vacuna a las siguientes colonias: Camelinas, L\u00e1zaro C\u00e1rdenas, La Providencia, Santa Fe, Arboleadas, Fovissste, Arroyo Delgado, Laureles y la colonia Ju\u00e1rez.<\/p>\n\n\n\n<p>Mientras que el martes 11,ser\u00e1:Colonia M\u00e9xico, Tres Estrellas, Jes\u00fas Romero Flores, El Carmen, La Pur\u00edsima, Malec\u00f3n, Arroyo Delgado, Ciudad del Sol, Potrerillos, Nueva L\u00e1zaro C\u00e1rdenas y Vasco de Quiroga.<\/p>\n\n\n\n<p>As\u00ed mismo, el mi\u00e9rcoles 12 estar\u00e1n en las comunidades de: El Cuitzillo, R\u00edo Grande, El Calabocito, Ticuitaco, Paredones, as\u00ed como en el Fraccionamiento Villas de las Lomas y en las colonias El Camuchin y El Ensue\u00f1o.<\/p>\n\n\n\n<p>El jueves 13 se llevar\u00e1 la jornada de vacunaci\u00f3n a: La Escoba, El Zoro, Estaci\u00f3n Paty, El Salto y Canoas del Salto, terminando la brigada itinerante el viernes 14 en el rancho San Isidro, Granja Don Ram\u00f3n, Granja Las Camelinas y El Aguaje.<\/p>\n\n\n\n<p>Es importante se\u00f1alar que adem\u00e1s de la brigada itinerante,se mantendr\u00e1 el m\u00f3dulo permanente en el Centro de Salud de 9:00 am a 2:00 pm en las fechas 10 al 14 de octubre.<strong><\/strong><\/p>\n","protected":false},"excerpt":{"rendered":"<p>Del 5 al 14 de octubre se llevar\u00e1 a cabo la Jornada de Vacunaci\u00f3n Antirr\u00e1bica&#8230;<\/p>\n","protected":false},"author":1,"featured_media":10788,"comment_status":"open","ping_status":"open","sticky":false,"template":"","format":"standard","meta":{"jetpack_post_was_ever_published":false,"_jetpack_newsletter_access":"","_jetpack_dont_email_post_to_subs":false,"_jetpack_newsletter_tier_id":0,"_jetpack_memberships_contains_paywalled_content":false,"_jetpack_memberships_contains_paid_content":false,"footnotes":"","jetpack_publicize_message":"","jetpack_publicize_feature_enabled":true,"jetpack_social_post_already_shared":true,"jetpack_social_options":{"image_generator_settings":{"template":"highway","enabled":false},"version":2}},"categories":[1],"tags":[15],"class_list":["post-10787","post","type-post","status-publish","format-standard","has-post-thumbnail","hentry","category-la-piedad","tag-la-piedad"],"jetpack_publicize_connections":[],"jetpack_sharing_enabled":true,"featured_image_urls":{"full":["http:\/\/tvalaire.com\/wp-content\/uploads\/2022\/11\/1-2-6.jpeg",1280,853,false],"thumbnail":["http:\/\/tvalaire.com\/wp-content\/uploads\/2022\/11\/1-2-6-150x150.jpeg",150,150,true],"medium":["http:\/\/tvalaire.com\/wp-content\/uploads\/2022\/11\/1-2-6-300x200.jpeg",300,200,true],"medium_large":["http:\/\/tvalaire.com\/wp-content\/uploads\/2022\/11\/1-2-6-768x512.jpeg",640,427,true],"large":["http:\/\/tvalaire.com\/wp-content\/uploads\/2022\/11\/1-2-6-1024x682.jpeg",640,426,true],"post-slider-thumb-size":["http:\/\/tvalaire.com\/wp-content\/uploads\/2022\/11\/1-2-6-330x190.jpeg",330,190,true],"post-category-slider-size":["http:\/\/tvalaire.com\/wp-content\/uploads\/2022\/11\/1-2-6.jpeg",330,220,false],"1536x1536":["http:\/\/tvalaire.com\/wp-content\/uploads\/2022\/11\/1-2-6.jpeg",1280,853,false],"2048x2048":["http:\/\/tvalaire.com\/wp-content\/uploads\/2022\/11\/1-2-6.jpeg",1280,853,false],"newsium-slider-full":["http:\/\/tvalaire.com\/wp-content\/uploads\/2022\/11\/1-2-6-1280x845.jpeg",1280,845,true],"newsium-featured":["http:\/\/tvalaire.com\/wp-content\/uploads\/2022\/11\/1-2-6-1024x682.jpeg",1024,682,true],"newsium-medium":["http:\/\/tvalaire.com\/wp-content\/uploads\/2022\/11\/1-2-6-720x475.jpeg",720,475,true]},"author_info":{"info":["tvalairenoti"]},"category_info":"<a href=\"http:\/\/tvalaire.com\/?cat=1\" rel=\"category\">La Piedad<\/a>","tag_info":"La Piedad","comment_count":"0","jetpack_featured_media_url":"http:\/\/tvalaire.com\/wp-content\/uploads\/2022\/11\/1-2-6.jpeg","_links":{"self":[{"href":"http:\/\/tvalaire.com\/index.php?rest_route=\/wp\/v2\/posts\/10787"}],"collection":[{"href":"http:\/\/tvalaire.com\/index.php?rest_route=\/wp\/v2\/posts"}],"about":[{"href":"http:\/\/tvalaire.com\/index.php?rest_route=\/wp\/v2\/types\/post"}],"author":[{"embeddable":true,"href":"http:\/\/tvalaire.com\/index.php?rest_route=\/wp\/v2\/users\/1"}],"replies":[{"embeddable":true,"href":"http:\/\/tvalaire.com\/index.php?rest_route=%2Fwp%2Fv2%2Fcomments&post=10787"}],"version-history":[{"count":1,"href":"http:\/\/tvalaire.com\/index.php?rest_route=\/wp\/v2\/posts\/10787\/revisions"}],"predecessor-version":[{"id":10789,"href":"http:\/\/tvalaire.com\/index.php?rest_route=\/wp\/v2\/posts\/10787\/revisions\/10789"}],"wp:featuredmedia":[{"embeddable":true,"href":"http:\/\/tvalaire.com\/index.php?rest_route=\/wp\/v2\/media\/10788"}],"wp:attachment":[{"href":"http:\/\/tvalaire.com\/index.php?rest_route=%2Fwp%2Fv2%2Fmedia&parent=10787"}],"wp:term":[{"taxonomy":"category","embeddable":true,"href":"http:\/\/tvalaire.com\/index.php?rest_route=%2Fwp%2Fv2%2Fcategories&post=10787"},{"taxonomy":"post_tag","embeddable":true,"href":"http:\/\/tvalaire.com\/index.php?rest_route=%2Fwp%2Fv2%2Ftags&post=10787"}],"curies":[{"name":"wp","href":"https:\/\/api.w.org\/{rel}","templated":true}]}}