{"id":10781,"date":"2022-10-06T10:18:52","date_gmt":"2022-10-06T15:18:52","guid":{"rendered":"http:\/\/tvalaire.com\/?p=10781"},"modified":"2022-11-07T10:20:14","modified_gmt":"2022-11-07T16:20:14","slug":"presentan-programa-oficial-del-festival-internacional-del-globo-extension-la-piedad","status":"publish","type":"post","link":"http:\/\/tvalaire.com\/?p=10781","title":{"rendered":"<strong>PRESENTAN PROGRAMA OFICIAL DEL FESTIVAL INTERNACIONAL DEL GLOBO EXTENSI\u00d3N LA PIEDAD<\/strong>"},"content":{"rendered":"\n<p><\/p>\n\n\n\n<ul class=\"wp-block-list\">\n<li><strong>Samuel Hidalgo invita a todas las familias de la regi\u00f3n a ser parte de este magno evento<\/strong><\/li>\n\n\n\n<li><strong>Presentaci\u00f3n musical del grupo \u201cElefante\u201d y \u201cEdwin Luna y la Trakalosa de Monterrey\u201d.<\/strong><\/li>\n<\/ul>\n\n\n\n<p>\u201cDespu\u00e9s de un largo periodo de ausencia en nuestro municipio, el Festival Internacional del Globo, regresa a La Piedad\u201d; expres\u00f3 el presidente municipal Samuel Hidalgo, en la presentaci\u00f3n oficial del programa del festival, mismo que se llevar\u00e1 a cabo del 25 al 27 de noviembre en la presa de Ticuitaco.<\/p>\n\n\n\n<p>El FIG La Piedad, ser\u00e1 un festival familiar, seguro y al alcance de todos, que a su vez buscar\u00e1 reactivar la econom\u00eda de los piedadenses y posicionar al municipio como un destino tur\u00edstico en la regi\u00f3n, por lo que contar\u00e1 con diversas actividades y m\u00faltiples atracciones, entre ellas: desfile, noche m\u00e1gica, despegue de globos, aeromodelismo, programa deportivo, pabellones gastron\u00f3micos, adem\u00e1s de que ser\u00e1 un espacio petfriendly.<\/p>\n\n\n\n<p>Hidalgo Gallardo, confirm\u00f3 la asistencia de dos grupos musicales importantes dentro de la m\u00fasica mexicana, es as\u00ed como coment\u00f3 que se tendr\u00e1 la presencia del grupo \u201cElefante\u201d, mismo que estar\u00e1 presente el viernes 25 de noviembre y la banda de \u201cEdwin Luna y la Trakalosa de Monterrey\u201d el s\u00e1bado 26 de noviembre, cada uno como show estelar dentro del evento.<\/p>\n\n\n\n<p>Por su parte, se contar\u00e1 con cuadrillas permanentes de limpieza y recolecci\u00f3n de residuos s\u00f3lidos, as\u00ed como uso de materiales permeables para que no da\u00f1en los suelos; tambi\u00e9n se tendr\u00e1n ba\u00f1os con dep\u00f3sitos de agua en la planta de tratamiento, esto con la finalidad de que no se descargue en la presa ni en otros cuerpos de agua.<\/p>\n\n\n\n<p>Se contar\u00e1 con un programa especial de protecci\u00f3n civil, que tendr\u00e1 los protocolos y medidas preventivas para salvaguardar la seguridad de todas y todos; a su vez, el edil invit\u00f3 a la poblaci\u00f3n a ser parte del Festival Internacional del Globo, comentando que se realiza para cada uno de las y los piedadenses.<\/p>\n","protected":false},"excerpt":{"rendered":"<p>\u201cDespu\u00e9s de un largo periodo de ausencia en nuestro municipio, el Festival Internacional del Globo,&#8230;<\/p>\n","protected":false},"author":1,"featured_media":10782,"comment_status":"open","ping_status":"open","sticky":false,"template":"","format":"standard","meta":{"jetpack_post_was_ever_published":false,"_jetpack_newsletter_access":"","_jetpack_dont_email_post_to_subs":false,"_jetpack_newsletter_tier_id":0,"_jetpack_memberships_contains_paywalled_content":false,"_jetpack_memberships_contains_paid_content":false,"footnotes":"","jetpack_publicize_message":"","jetpack_publicize_feature_enabled":true,"jetpack_social_post_already_shared":true,"jetpack_social_options":{"image_generator_settings":{"template":"highway","enabled":false},"version":2}},"categories":[1],"tags":[15],"class_list":["post-10781","post","type-post","status-publish","format-standard","has-post-thumbnail","hentry","category-la-piedad","tag-la-piedad"],"jetpack_publicize_connections":[],"jetpack_sharing_enabled":true,"featured_image_urls":{"full":["http:\/\/tvalaire.com\/wp-content\/uploads\/2022\/11\/1.jpg",960,639,false],"thumbnail":["http:\/\/tvalaire.com\/wp-content\/uploads\/2022\/11\/1-150x150.jpg",150,150,true],"medium":["http:\/\/tvalaire.com\/wp-content\/uploads\/2022\/11\/1-300x200.jpg",300,200,true],"medium_large":["http:\/\/tvalaire.com\/wp-content\/uploads\/2022\/11\/1-768x511.jpg",640,426,true],"large":["http:\/\/tvalaire.com\/wp-content\/uploads\/2022\/11\/1.jpg",640,426,false],"post-slider-thumb-size":["http:\/\/tvalaire.com\/wp-content\/uploads\/2022\/11\/1-330x190.jpg",330,190,true],"post-category-slider-size":["http:\/\/tvalaire.com\/wp-content\/uploads\/2022\/11\/1.jpg",330,220,false],"1536x1536":["http:\/\/tvalaire.com\/wp-content\/uploads\/2022\/11\/1.jpg",960,639,false],"2048x2048":["http:\/\/tvalaire.com\/wp-content\/uploads\/2022\/11\/1.jpg",960,639,false],"newsium-slider-full":["http:\/\/tvalaire.com\/wp-content\/uploads\/2022\/11\/1.jpg",960,639,false],"newsium-featured":["http:\/\/tvalaire.com\/wp-content\/uploads\/2022\/11\/1.jpg",960,639,false],"newsium-medium":["http:\/\/tvalaire.com\/wp-content\/uploads\/2022\/11\/1-720x475.jpg",720,475,true]},"author_info":{"info":["tvalairenoti"]},"category_info":"<a href=\"http:\/\/tvalaire.com\/?cat=1\" rel=\"category\">La Piedad<\/a>","tag_info":"La Piedad","comment_count":"0","jetpack_featured_media_url":"http:\/\/tvalaire.com\/wp-content\/uploads\/2022\/11\/1.jpg","_links":{"self":[{"href":"http:\/\/tvalaire.com\/index.php?rest_route=\/wp\/v2\/posts\/10781"}],"collection":[{"href":"http:\/\/tvalaire.com\/index.php?rest_route=\/wp\/v2\/posts"}],"about":[{"href":"http:\/\/tvalaire.com\/index.php?rest_route=\/wp\/v2\/types\/post"}],"author":[{"embeddable":true,"href":"http:\/\/tvalaire.com\/index.php?rest_route=\/wp\/v2\/users\/1"}],"replies":[{"embeddable":true,"href":"http:\/\/tvalaire.com\/index.php?rest_route=%2Fwp%2Fv2%2Fcomments&post=10781"}],"version-history":[{"count":1,"href":"http:\/\/tvalaire.com\/index.php?rest_route=\/wp\/v2\/posts\/10781\/revisions"}],"predecessor-version":[{"id":10783,"href":"http:\/\/tvalaire.com\/index.php?rest_route=\/wp\/v2\/posts\/10781\/revisions\/10783"}],"wp:featuredmedia":[{"embeddable":true,"href":"http:\/\/tvalaire.com\/index.php?rest_route=\/wp\/v2\/media\/10782"}],"wp:attachment":[{"href":"http:\/\/tvalaire.com\/index.php?rest_route=%2Fwp%2Fv2%2Fmedia&parent=10781"}],"wp:term":[{"taxonomy":"category","embeddable":true,"href":"http:\/\/tvalaire.com\/index.php?rest_route=%2Fwp%2Fv2%2Fcategories&post=10781"},{"taxonomy":"post_tag","embeddable":true,"href":"http:\/\/tvalaire.com\/index.php?rest_route=%2Fwp%2Fv2%2Ftags&post=10781"}],"curies":[{"name":"wp","href":"https:\/\/api.w.org\/{rel}","templated":true}]}}