{"id":10778,"date":"2022-10-10T10:17:06","date_gmt":"2022-10-10T15:17:06","guid":{"rendered":"http:\/\/tvalaire.com\/?p=10778"},"modified":"2022-11-07T10:18:31","modified_gmt":"2022-11-07T16:18:31","slug":"literatura-y-exposicion-de-dibujo-en-escuela-de-artes-de-la-piedad","status":"publish","type":"post","link":"http:\/\/tvalaire.com\/?p=10778","title":{"rendered":"LITERATURA Y EXPOSICI\u00d3N DE DIBUJO EN ESCUELA DE ARTES DE LA PIEDAD"},"content":{"rendered":"\n<p><\/p>\n\n\n\n<ul class=\"wp-block-list\">\n<li><strong>\u201cLectura Internacional de Poes\u00eda\u201d y \u201cUna Noche con Arte\u201d<\/strong><\/li>\n\n\n\n<li><strong>Fomentar el arte y la cultura en el municipio&nbsp;<\/strong><\/li>\n<\/ul>\n\n\n\n<p>La cultura sigue siendo un trabajo constante para el Gobierno Municipal de La Piedad el cual encabeza Samuel Hidalgo, por ello, a trav\u00e9s de la Direcci\u00f3n de Cultura, se llevaron a cabo dos eventos importantes, entre ellos: Lectura Internacional de Poes\u00eda y Una Noche con Arte.<\/p>\n\n\n\n<p>La \u201cLectura Internacional de Poes\u00eda\u201d cont\u00f3 la participaci\u00f3n de la poeta Tania Cos\u00edo de la ciudad de Guadalajara, y de Carlos Soriano de origen argentino; adem\u00e1s <a><\/a>estuvieron presentes escritores piedadenses comoEdwardo Quintero, Bertha Mares y Oscar M\u00e9ndez.<\/p>\n\n\n\n<p>As\u00ed mismo, 190 alumnos de los bachilleratos del: COBAEM, CONALEP, M\u00e1rtires de la Reforma y CELPI presenciaron este evento, el cual se realiz\u00f3 con la finalidad de fomentar la lectura y el gusto por la poes\u00eda, para que as\u00ed los j\u00f3venes aprendieran diversos estilos de poes\u00eda y de esta manera se motiven a realizar escritura creativa como medio de expresi\u00f3n.<\/p>\n\n\n\n<p>Por su parte, el evento \u201cUna noche con arte\u201d consisti\u00f3 en la exposici\u00f3n de dibujo y pintura que realizaron los alumnos del taller Arteterapia, Dibujo y Pintura, as\u00ed mismo durante la velada participaron algunos alumnos de los talleres de piano y canto, quienes deleitaron a los asistentes con diversas piezas musicales.&nbsp;<\/p>\n\n\n\n<p>La titular de la Direcci\u00f3n de Cultura Miriam Espinoza Cardona, agradeci\u00f3 a los asistentes por formar parte de esos espacios que fomentan el arte y la cultura, adem\u00e1s hizo una cordial invitaci\u00f3n para las personas que deseen aprender alg\u00fan taller art\u00edstico se acerquen a la Escuela de Artes, ubicada en la calle Salvador Aceves Parra #224 a un costado de la iglesia de La Pur\u00edsima.<\/p>\n","protected":false},"excerpt":{"rendered":"<p>La cultura sigue siendo un trabajo constante para el Gobierno Municipal de La Piedad el&#8230;<\/p>\n","protected":false},"author":1,"featured_media":10779,"comment_status":"open","ping_status":"open","sticky":false,"template":"","format":"standard","meta":{"jetpack_post_was_ever_published":false,"_jetpack_newsletter_access":"","_jetpack_dont_email_post_to_subs":false,"_jetpack_newsletter_tier_id":0,"_jetpack_memberships_contains_paywalled_content":false,"_jetpack_memberships_contains_paid_content":false,"footnotes":"","jetpack_publicize_message":"","jetpack_publicize_feature_enabled":true,"jetpack_social_post_already_shared":true,"jetpack_social_options":{"image_generator_settings":{"template":"highway","enabled":false},"version":2}},"categories":[1],"tags":[15],"class_list":["post-10778","post","type-post","status-publish","format-standard","has-post-thumbnail","hentry","category-la-piedad","tag-la-piedad"],"jetpack_publicize_connections":[],"jetpack_sharing_enabled":true,"featured_image_urls":{"full":["http:\/\/tvalaire.com\/wp-content\/uploads\/2022\/11\/1-1-7.jpeg",1024,683,false],"thumbnail":["http:\/\/tvalaire.com\/wp-content\/uploads\/2022\/11\/1-1-7-150x150.jpeg",150,150,true],"medium":["http:\/\/tvalaire.com\/wp-content\/uploads\/2022\/11\/1-1-7-300x200.jpeg",300,200,true],"medium_large":["http:\/\/tvalaire.com\/wp-content\/uploads\/2022\/11\/1-1-7-768x512.jpeg",640,427,true],"large":["http:\/\/tvalaire.com\/wp-content\/uploads\/2022\/11\/1-1-7.jpeg",640,427,false],"post-slider-thumb-size":["http:\/\/tvalaire.com\/wp-content\/uploads\/2022\/11\/1-1-7-330x190.jpeg",330,190,true],"post-category-slider-size":["http:\/\/tvalaire.com\/wp-content\/uploads\/2022\/11\/1-1-7.jpeg",330,220,false],"1536x1536":["http:\/\/tvalaire.com\/wp-content\/uploads\/2022\/11\/1-1-7.jpeg",1024,683,false],"2048x2048":["http:\/\/tvalaire.com\/wp-content\/uploads\/2022\/11\/1-1-7.jpeg",1024,683,false],"newsium-slider-full":["http:\/\/tvalaire.com\/wp-content\/uploads\/2022\/11\/1-1-7.jpeg",1024,683,false],"newsium-featured":["http:\/\/tvalaire.com\/wp-content\/uploads\/2022\/11\/1-1-7.jpeg",1024,683,false],"newsium-medium":["http:\/\/tvalaire.com\/wp-content\/uploads\/2022\/11\/1-1-7-720x475.jpeg",720,475,true]},"author_info":{"info":["tvalairenoti"]},"category_info":"<a href=\"http:\/\/tvalaire.com\/?cat=1\" rel=\"category\">La Piedad<\/a>","tag_info":"La Piedad","comment_count":"0","jetpack_featured_media_url":"http:\/\/tvalaire.com\/wp-content\/uploads\/2022\/11\/1-1-7.jpeg","_links":{"self":[{"href":"http:\/\/tvalaire.com\/index.php?rest_route=\/wp\/v2\/posts\/10778"}],"collection":[{"href":"http:\/\/tvalaire.com\/index.php?rest_route=\/wp\/v2\/posts"}],"about":[{"href":"http:\/\/tvalaire.com\/index.php?rest_route=\/wp\/v2\/types\/post"}],"author":[{"embeddable":true,"href":"http:\/\/tvalaire.com\/index.php?rest_route=\/wp\/v2\/users\/1"}],"replies":[{"embeddable":true,"href":"http:\/\/tvalaire.com\/index.php?rest_route=%2Fwp%2Fv2%2Fcomments&post=10778"}],"version-history":[{"count":1,"href":"http:\/\/tvalaire.com\/index.php?rest_route=\/wp\/v2\/posts\/10778\/revisions"}],"predecessor-version":[{"id":10780,"href":"http:\/\/tvalaire.com\/index.php?rest_route=\/wp\/v2\/posts\/10778\/revisions\/10780"}],"wp:featuredmedia":[{"embeddable":true,"href":"http:\/\/tvalaire.com\/index.php?rest_route=\/wp\/v2\/media\/10779"}],"wp:attachment":[{"href":"http:\/\/tvalaire.com\/index.php?rest_route=%2Fwp%2Fv2%2Fmedia&parent=10778"}],"wp:term":[{"taxonomy":"category","embeddable":true,"href":"http:\/\/tvalaire.com\/index.php?rest_route=%2Fwp%2Fv2%2Fcategories&post=10778"},{"taxonomy":"post_tag","embeddable":true,"href":"http:\/\/tvalaire.com\/index.php?rest_route=%2Fwp%2Fv2%2Ftags&post=10778"}],"curies":[{"name":"wp","href":"https:\/\/api.w.org\/{rel}","templated":true}]}}