{"id":10769,"date":"2022-10-12T10:12:03","date_gmt":"2022-10-12T15:12:03","guid":{"rendered":"http:\/\/tvalaire.com\/?p=10769"},"modified":"2022-11-07T10:13:38","modified_gmt":"2022-11-07T16:13:38","slug":"latidos-piedadenses-reune-a-familias-migrantes","status":"publish","type":"post","link":"http:\/\/tvalaire.com\/?p=10769","title":{"rendered":"<strong>LATIDOS PIEDADENSES RE\u00daNE A FAMILIAS MIGRANTES<\/strong>"},"content":{"rendered":"\n<p><\/p>\n\n\n\n<ul class=\"wp-block-list\">\n<li><strong>Programa municipal rencuentra a 44 adultos mayores con sus familias en Estados Unidos<\/strong><\/li>\n\n\n\n<li><strong>\u201cLatidos piedadenses, es el programa m\u00e1s noble que tenemos en el municipio de La Piedad\u201d: Samuel Hidalgo<\/strong><\/li>\n<\/ul>\n\n\n\n<p>Gracias al programa municipal \u201cLatidos Piedadenses\u201d el cual se realiza a trav\u00e9s del Gobierno Municipal de La Piedad, 44 adultos mayores se reencontraron con sus familiares en la ciudad de Los \u00c1ngeles California en Estados Unidos, cabe recalcar que dentro de las personas que forman parte del programa, tienen m\u00e1s de 30 a\u00f1os sin ver a sus hijos.<\/p>\n\n\n\n<p>\u201cCuando tenemos que partir hacia Estados Unidos lo hacemos en la b\u00fasqueda de un mejor futuro, dejamos atr\u00e1s todo lo que somos y a nuestras familias, por eso, entiendo perfectamente la felicidad que ahora sienten nuestros latidos piedadenses al reencontrarse con sus familias\u201d; expres\u00f3 el presidente municipal de La Piedad Samuel Hidalgo.<\/p>\n\n\n\n<p>Hidalgo Gallardo los acompa\u00f1\u00f3 a abordar el autob\u00fas que posterior los llevar\u00eda a la ciudad de Guadalajara para tomar su vuelo, donde mencion\u00f3 que la familia es lo m\u00e1s importante, por eso apoya e impulsa uno de los programas m\u00e1s nobles que tiene el municipio, \u201cLatidos Piedadenses\u201d.<\/p>\n\n\n\n<p>En el rencuentro, cada uno de los abuelitos, t\u00edos y padres recibieron globos y detalles de bienvenida por parte de cada uno de sus familiares, ya que el entusiasmo y la nostalgia de volverse a ver caus\u00f3 un emotivo momento. <a><\/a><\/p>\n","protected":false},"excerpt":{"rendered":"<p>Gracias al programa municipal \u201cLatidos Piedadenses\u201d el cual se realiza a trav\u00e9s del Gobierno Municipal&#8230;<\/p>\n","protected":false},"author":1,"featured_media":10770,"comment_status":"open","ping_status":"open","sticky":false,"template":"","format":"standard","meta":{"jetpack_post_was_ever_published":false,"_jetpack_newsletter_access":"","_jetpack_dont_email_post_to_subs":false,"_jetpack_newsletter_tier_id":0,"_jetpack_memberships_contains_paywalled_content":false,"_jetpack_memberships_contains_paid_content":false,"footnotes":"","jetpack_publicize_message":"","jetpack_publicize_feature_enabled":true,"jetpack_social_post_already_shared":true,"jetpack_social_options":{"image_generator_settings":{"template":"highway","enabled":false},"version":2}},"categories":[1],"tags":[15],"class_list":["post-10769","post","type-post","status-publish","format-standard","has-post-thumbnail","hentry","category-la-piedad","tag-la-piedad"],"jetpack_publicize_connections":[],"jetpack_sharing_enabled":true,"featured_image_urls":{"full":["http:\/\/tvalaire.com\/wp-content\/uploads\/2022\/11\/1-2-3.jpeg",1600,1064,false],"thumbnail":["http:\/\/tvalaire.com\/wp-content\/uploads\/2022\/11\/1-2-3-150x150.jpeg",150,150,true],"medium":["http:\/\/tvalaire.com\/wp-content\/uploads\/2022\/11\/1-2-3-300x200.jpeg",300,200,true],"medium_large":["http:\/\/tvalaire.com\/wp-content\/uploads\/2022\/11\/1-2-3-768x511.jpeg",640,426,true],"large":["http:\/\/tvalaire.com\/wp-content\/uploads\/2022\/11\/1-2-3-1024x681.jpeg",640,426,true],"post-slider-thumb-size":["http:\/\/tvalaire.com\/wp-content\/uploads\/2022\/11\/1-2-3-330x190.jpeg",330,190,true],"post-category-slider-size":["http:\/\/tvalaire.com\/wp-content\/uploads\/2022\/11\/1-2-3.jpeg",330,219,false],"1536x1536":["http:\/\/tvalaire.com\/wp-content\/uploads\/2022\/11\/1-2-3-1536x1021.jpeg",1536,1021,true],"2048x2048":["http:\/\/tvalaire.com\/wp-content\/uploads\/2022\/11\/1-2-3.jpeg",1600,1064,false],"newsium-slider-full":["http:\/\/tvalaire.com\/wp-content\/uploads\/2022\/11\/1-2-3-1280x845.jpeg",1280,845,true],"newsium-featured":["http:\/\/tvalaire.com\/wp-content\/uploads\/2022\/11\/1-2-3-1024x681.jpeg",1024,681,true],"newsium-medium":["http:\/\/tvalaire.com\/wp-content\/uploads\/2022\/11\/1-2-3-720x475.jpeg",720,475,true]},"author_info":{"info":["tvalairenoti"]},"category_info":"<a href=\"http:\/\/tvalaire.com\/?cat=1\" rel=\"category\">La Piedad<\/a>","tag_info":"La Piedad","comment_count":"0","jetpack_featured_media_url":"http:\/\/tvalaire.com\/wp-content\/uploads\/2022\/11\/1-2-3.jpeg","_links":{"self":[{"href":"http:\/\/tvalaire.com\/index.php?rest_route=\/wp\/v2\/posts\/10769"}],"collection":[{"href":"http:\/\/tvalaire.com\/index.php?rest_route=\/wp\/v2\/posts"}],"about":[{"href":"http:\/\/tvalaire.com\/index.php?rest_route=\/wp\/v2\/types\/post"}],"author":[{"embeddable":true,"href":"http:\/\/tvalaire.com\/index.php?rest_route=\/wp\/v2\/users\/1"}],"replies":[{"embeddable":true,"href":"http:\/\/tvalaire.com\/index.php?rest_route=%2Fwp%2Fv2%2Fcomments&post=10769"}],"version-history":[{"count":1,"href":"http:\/\/tvalaire.com\/index.php?rest_route=\/wp\/v2\/posts\/10769\/revisions"}],"predecessor-version":[{"id":10771,"href":"http:\/\/tvalaire.com\/index.php?rest_route=\/wp\/v2\/posts\/10769\/revisions\/10771"}],"wp:featuredmedia":[{"embeddable":true,"href":"http:\/\/tvalaire.com\/index.php?rest_route=\/wp\/v2\/media\/10770"}],"wp:attachment":[{"href":"http:\/\/tvalaire.com\/index.php?rest_route=%2Fwp%2Fv2%2Fmedia&parent=10769"}],"wp:term":[{"taxonomy":"category","embeddable":true,"href":"http:\/\/tvalaire.com\/index.php?rest_route=%2Fwp%2Fv2%2Fcategories&post=10769"},{"taxonomy":"post_tag","embeddable":true,"href":"http:\/\/tvalaire.com\/index.php?rest_route=%2Fwp%2Fv2%2Ftags&post=10769"}],"curies":[{"name":"wp","href":"https:\/\/api.w.org\/{rel}","templated":true}]}}