{"id":10766,"date":"2022-10-13T10:10:36","date_gmt":"2022-10-13T15:10:36","guid":{"rendered":"http:\/\/tvalaire.com\/?p=10766"},"modified":"2022-11-07T10:11:41","modified_gmt":"2022-11-07T16:11:41","slug":"se-suma-una-nueva-patrulla-rosa-al-equipo-de-seguridad-publica-de-la-piedad","status":"publish","type":"post","link":"http:\/\/tvalaire.com\/?p=10766","title":{"rendered":"<strong>SE SUMA UNA NUEVA PATRULLA ROSA AL EQUIPO DE SEGURIDAD P\u00daBLICA DE LA PIEDAD<\/strong>"},"content":{"rendered":"\n<p><\/p>\n\n\n\n<ul class=\"wp-block-list\">\n<li><strong>Alcalde comenta que gracias a que ya existir\u00e1n dos Patrullas Rosas se fortalecer\u00e1 el trabajo en pro de todas y todos<\/strong><\/li>\n\n\n\n<li><strong>Una polic\u00eda m\u00e1s equipada brinda mejores servicios<\/strong><\/li>\n<\/ul>\n\n\n\n<p>Para continuar fortaleciendo el cuerpo de Seguridad P\u00fablica y seguir previniendo los casos de violencia de g\u00e9nero en el municipio, el presidente de La Piedad, Samuel Hidalgo, destin\u00f3 una nueva Patrulla Rosa al equipo de seguridad, sumando as\u00ed, un total de dos patrullas que se enfocaran en atender casos prioritarios que buscaran garantizar una atenci\u00f3n en estricto apego a los derechos humanos de la ciudadan\u00eda.<\/p>\n\n\n\n<p>El edil coment\u00f3 que las acciones que ha realizado en su administraci\u00f3n se van reforzando, ya que en meses anteriores se cont\u00f3 por primera vez en el municipio con una Patrulla Rosa y ahora con esta nueva que se suma se podr\u00e1 fortalecer el trabajo en favor de los piedadenses.<\/p>\n\n\n\n<p>Tambi\u00e9n agreg\u00f3, que estas acciones est\u00e1n encaminadas al mejoramiento y equipamiento para ofrecer me<a><\/a>jores herramientas de trabajo a los polic\u00edas municipales, y \u00e9stas se pongan en favor de la poblaci\u00f3n que as\u00ed lo requiera.<\/p>\n\n\n\n<p>Aunado a estas acciones el mun\u00edcipe se\u00f1al\u00f3 que tambi\u00e9n se trabaja a trav\u00e9s del programa \u201cPuertas por ti\u201d, pol\u00edtica p\u00fablica que busca que las mujeres del municipio violentadas puedan llegar a un espacio p\u00fablico para que se puedan resguardar.<\/p>\n","protected":false},"excerpt":{"rendered":"<p>Para continuar fortaleciendo el cuerpo de Seguridad P\u00fablica y seguir previniendo los casos de violencia&#8230;<\/p>\n","protected":false},"author":1,"featured_media":10767,"comment_status":"open","ping_status":"open","sticky":false,"template":"","format":"standard","meta":{"jetpack_post_was_ever_published":false,"_jetpack_newsletter_access":"","_jetpack_dont_email_post_to_subs":false,"_jetpack_newsletter_tier_id":0,"_jetpack_memberships_contains_paywalled_content":false,"_jetpack_memberships_contains_paid_content":false,"footnotes":"","jetpack_publicize_message":"","jetpack_publicize_feature_enabled":true,"jetpack_social_post_already_shared":true,"jetpack_social_options":{"image_generator_settings":{"template":"highway","enabled":false},"version":2}},"categories":[1],"tags":[15],"class_list":["post-10766","post","type-post","status-publish","format-standard","has-post-thumbnail","hentry","category-la-piedad","tag-la-piedad"],"jetpack_publicize_connections":[],"jetpack_sharing_enabled":true,"featured_image_urls":{"full":["http:\/\/tvalaire.com\/wp-content\/uploads\/2022\/11\/1-1-5.jpeg",1280,853,false],"thumbnail":["http:\/\/tvalaire.com\/wp-content\/uploads\/2022\/11\/1-1-5-150x150.jpeg",150,150,true],"medium":["http:\/\/tvalaire.com\/wp-content\/uploads\/2022\/11\/1-1-5-300x200.jpeg",300,200,true],"medium_large":["http:\/\/tvalaire.com\/wp-content\/uploads\/2022\/11\/1-1-5-768x512.jpeg",640,427,true],"large":["http:\/\/tvalaire.com\/wp-content\/uploads\/2022\/11\/1-1-5-1024x682.jpeg",640,426,true],"post-slider-thumb-size":["http:\/\/tvalaire.com\/wp-content\/uploads\/2022\/11\/1-1-5-330x190.jpeg",330,190,true],"post-category-slider-size":["http:\/\/tvalaire.com\/wp-content\/uploads\/2022\/11\/1-1-5.jpeg",330,220,false],"1536x1536":["http:\/\/tvalaire.com\/wp-content\/uploads\/2022\/11\/1-1-5.jpeg",1280,853,false],"2048x2048":["http:\/\/tvalaire.com\/wp-content\/uploads\/2022\/11\/1-1-5.jpeg",1280,853,false],"newsium-slider-full":["http:\/\/tvalaire.com\/wp-content\/uploads\/2022\/11\/1-1-5-1280x845.jpeg",1280,845,true],"newsium-featured":["http:\/\/tvalaire.com\/wp-content\/uploads\/2022\/11\/1-1-5-1024x682.jpeg",1024,682,true],"newsium-medium":["http:\/\/tvalaire.com\/wp-content\/uploads\/2022\/11\/1-1-5-720x475.jpeg",720,475,true]},"author_info":{"info":["tvalairenoti"]},"category_info":"<a href=\"http:\/\/tvalaire.com\/?cat=1\" rel=\"category\">La Piedad<\/a>","tag_info":"La Piedad","comment_count":"0","jetpack_featured_media_url":"http:\/\/tvalaire.com\/wp-content\/uploads\/2022\/11\/1-1-5.jpeg","_links":{"self":[{"href":"http:\/\/tvalaire.com\/index.php?rest_route=\/wp\/v2\/posts\/10766"}],"collection":[{"href":"http:\/\/tvalaire.com\/index.php?rest_route=\/wp\/v2\/posts"}],"about":[{"href":"http:\/\/tvalaire.com\/index.php?rest_route=\/wp\/v2\/types\/post"}],"author":[{"embeddable":true,"href":"http:\/\/tvalaire.com\/index.php?rest_route=\/wp\/v2\/users\/1"}],"replies":[{"embeddable":true,"href":"http:\/\/tvalaire.com\/index.php?rest_route=%2Fwp%2Fv2%2Fcomments&post=10766"}],"version-history":[{"count":1,"href":"http:\/\/tvalaire.com\/index.php?rest_route=\/wp\/v2\/posts\/10766\/revisions"}],"predecessor-version":[{"id":10768,"href":"http:\/\/tvalaire.com\/index.php?rest_route=\/wp\/v2\/posts\/10766\/revisions\/10768"}],"wp:featuredmedia":[{"embeddable":true,"href":"http:\/\/tvalaire.com\/index.php?rest_route=\/wp\/v2\/media\/10767"}],"wp:attachment":[{"href":"http:\/\/tvalaire.com\/index.php?rest_route=%2Fwp%2Fv2%2Fmedia&parent=10766"}],"wp:term":[{"taxonomy":"category","embeddable":true,"href":"http:\/\/tvalaire.com\/index.php?rest_route=%2Fwp%2Fv2%2Fcategories&post=10766"},{"taxonomy":"post_tag","embeddable":true,"href":"http:\/\/tvalaire.com\/index.php?rest_route=%2Fwp%2Fv2%2Ftags&post=10766"}],"curies":[{"name":"wp","href":"https:\/\/api.w.org\/{rel}","templated":true}]}}