{"id":10757,"date":"2022-10-17T10:06:19","date_gmt":"2022-10-17T15:06:19","guid":{"rendered":"http:\/\/tvalaire.com\/?p=10757"},"modified":"2022-11-07T10:08:16","modified_gmt":"2022-11-07T16:08:16","slug":"presentan-el-programa-del-festival-almas-piedadenses-para-la-celebracion-del-dia-de-muertos","status":"publish","type":"post","link":"http:\/\/tvalaire.com\/?p=10757","title":{"rendered":"<strong>PRESENTAN EL PROGRAMA DEL FESTIVAL &#8220;ALMAS PIEDADENSES&#8221; PARA LA CELEBRACI\u00d3N DEL D\u00cdA DE MUERTOS<\/strong>"},"content":{"rendered":"\n<p><\/p>\n\n\n\n<ul class=\"wp-block-list\">\n<li><strong>Del 28 de octubre al 2 de noviembre actividades para toda la familia<\/strong><\/li>\n\n\n\n<li><strong>Incentivar la econom\u00eda, revivir las tradiciones y recordar a nuestros seres queridos<\/strong><\/li>\n<\/ul>\n\n\n\n<p>Incentivar la econom\u00eda, revivir las tradiciones y recordar a nuestros seres queridos, son los objetivos del festival \u201cAlmas Piedadenses\u201d, que se realizar\u00e1 por segundo a\u00f1o consecutivo en marco a lacelebraci\u00f3n del D\u00eda de Muertos, en el municipio de La Piedad.<\/p>\n\n\n\n<p>El presidente Samuel Hidalgo, recalc\u00f3 que cada una de las actividades est\u00e1 pensada para seguir generando espacios de sano esparcimiento y as\u00ed, continuar reuniendo a las familias piedadenses.<\/p>\n\n\n\n<p>Por ello, las actividades organizadas por las dependencias de Promoci\u00f3n Econ\u00f3mica y Turismo, Cultura, DIF, Educaci\u00f3n y el Instituto de la Juventud Piedadense (INJUP), contar\u00e1n con una programaci\u00f3n amplia para todo tipo de p\u00fablico.<\/p>\n\n\n\n<p>Las actividades comenzaran el 28 de octubre con la presentaci\u00f3n musical de la banda juvenil municipal \u201cJos\u00e9 Mar\u00eda Cavadas\u201d, posterior a ello el danz\u00f3n en el jard\u00edn de la Pur\u00edsima y por la noche el desfile de catrinas y catrines; mientras que el 29 de octubre se har\u00e1 el tradicional recorrido de leyendas piedadenses y habr\u00e1 cine de terror en el Parque Morelos, para personas mayores de 15 a\u00f1os.<\/p>\n\n\n\n<p>El 31 de octubre se continuar\u00e1 con cine de terror dirigido a todo el p\u00fablico en La Pur\u00edsima, as\u00ed mismo, el 1 de noviembre habr\u00e1 tardeada musical en el Centro Hist\u00f3rico, as\u00ed como la presentaci\u00f3n oficial del altar monumental de la Escuela de Artes de La Piedad, donde adem\u00e1s se exhibir\u00e1n calaveritas literarias y fotograf\u00edas en marco del D\u00eda de Muertos, donde a su vez, el Centro Hist\u00f3rico contar\u00e1 con un tapete monumental presentado por el DIF municipal y tambi\u00e9n se tendr\u00e1 la participaci\u00f3n del grupo \u201cFlor de Lirio\u201d, quien realizar\u00e1 un concierto mexicano, para que posteriormente los ciudadanos hagan su recorrido por cada uno de los tapetes y altares que estar\u00e1n expuestos y as\u00ed, puedan disfrutar de la pel\u00edcula \u201cCoco\u201d, que ser\u00e1 exhibida esa misma noche en la plaza principal.<\/p>\n\n\n\n<p>Por lo que el 2 de noviembre, las familias seguir\u00e1n disfrutando tanto de los altares como de los tapetes que estar\u00e1n ubicados en la Plaza Principal y en la Escuela de Artes. As\u00ed mismo, Samuel Hidalgo exhort\u00f3 a toda la ciudadan\u00eda a participar en cada uno de los eventos, y que las familias disfruten una de las tradiciones m\u00e1s bellas que tenemos como michoacanos.<\/p>\n\n\n\n<p><\/p>\n\n\n\n<figure class=\"wp-block-image size-large is-style-default\"><img loading=\"lazy\" decoding=\"async\" width=\"1022\" height=\"1024\" src=\"http:\/\/tvalaire.com\/wp-content\/uploads\/2022\/11\/1-de-noviembre-1022x1024.jpg\" alt=\"\" class=\"wp-image-10759\" srcset=\"http:\/\/tvalaire.com\/wp-content\/uploads\/2022\/11\/1-de-noviembre-1022x1024.jpg 1022w, http:\/\/tvalaire.com\/wp-content\/uploads\/2022\/11\/1-de-noviembre-300x300.jpg 300w, http:\/\/tvalaire.com\/wp-content\/uploads\/2022\/11\/1-de-noviembre-150x150.jpg 150w, http:\/\/tvalaire.com\/wp-content\/uploads\/2022\/11\/1-de-noviembre-768x770.jpg 768w, http:\/\/tvalaire.com\/wp-content\/uploads\/2022\/11\/1-de-noviembre-1533x1536.jpg 1533w, http:\/\/tvalaire.com\/wp-content\/uploads\/2022\/11\/1-de-noviembre-2044x2048.jpg 2044w, http:\/\/tvalaire.com\/wp-content\/uploads\/2022\/11\/1-de-noviembre-1024x1026.jpg 1024w\" sizes=\"(max-width: 1022px) 100vw, 1022px\" \/><\/figure>\n","protected":false},"excerpt":{"rendered":"<p>Incentivar la econom\u00eda, revivir las tradiciones y recordar a nuestros seres queridos, son los objetivos&#8230;<\/p>\n","protected":false},"author":1,"featured_media":10758,"comment_status":"open","ping_status":"open","sticky":false,"template":"","format":"standard","meta":{"jetpack_post_was_ever_published":false,"_jetpack_newsletter_access":"","_jetpack_dont_email_post_to_subs":false,"_jetpack_newsletter_tier_id":0,"_jetpack_memberships_contains_paywalled_content":false,"_jetpack_memberships_contains_paid_content":false,"footnotes":"","jetpack_publicize_message":"","jetpack_publicize_feature_enabled":true,"jetpack_social_post_already_shared":true,"jetpack_social_options":{"image_generator_settings":{"template":"highway","enabled":false},"version":2}},"categories":[1],"tags":[15],"class_list":["post-10757","post","type-post","status-publish","format-standard","has-post-thumbnail","hentry","category-la-piedad","tag-la-piedad"],"jetpack_publicize_connections":[],"jetpack_sharing_enabled":true,"featured_image_urls":{"full":["http:\/\/tvalaire.com\/wp-content\/uploads\/2022\/11\/1-6.jpeg",1280,853,false],"thumbnail":["http:\/\/tvalaire.com\/wp-content\/uploads\/2022\/11\/1-6-150x150.jpeg",150,150,true],"medium":["http:\/\/tvalaire.com\/wp-content\/uploads\/2022\/11\/1-6-300x200.jpeg",300,200,true],"medium_large":["http:\/\/tvalaire.com\/wp-content\/uploads\/2022\/11\/1-6-768x512.jpeg",640,427,true],"large":["http:\/\/tvalaire.com\/wp-content\/uploads\/2022\/11\/1-6-1024x682.jpeg",640,426,true],"post-slider-thumb-size":["http:\/\/tvalaire.com\/wp-content\/uploads\/2022\/11\/1-6-330x190.jpeg",330,190,true],"post-category-slider-size":["http:\/\/tvalaire.com\/wp-content\/uploads\/2022\/11\/1-6.jpeg",330,220,false],"1536x1536":["http:\/\/tvalaire.com\/wp-content\/uploads\/2022\/11\/1-6.jpeg",1280,853,false],"2048x2048":["http:\/\/tvalaire.com\/wp-content\/uploads\/2022\/11\/1-6.jpeg",1280,853,false],"newsium-slider-full":["http:\/\/tvalaire.com\/wp-content\/uploads\/2022\/11\/1-6-1280x845.jpeg",1280,845,true],"newsium-featured":["http:\/\/tvalaire.com\/wp-content\/uploads\/2022\/11\/1-6-1024x682.jpeg",1024,682,true],"newsium-medium":["http:\/\/tvalaire.com\/wp-content\/uploads\/2022\/11\/1-6-720x475.jpeg",720,475,true]},"author_info":{"info":["tvalairenoti"]},"category_info":"<a href=\"http:\/\/tvalaire.com\/?cat=1\" rel=\"category\">La Piedad<\/a>","tag_info":"La Piedad","comment_count":"0","jetpack_featured_media_url":"http:\/\/tvalaire.com\/wp-content\/uploads\/2022\/11\/1-6.jpeg","_links":{"self":[{"href":"http:\/\/tvalaire.com\/index.php?rest_route=\/wp\/v2\/posts\/10757"}],"collection":[{"href":"http:\/\/tvalaire.com\/index.php?rest_route=\/wp\/v2\/posts"}],"about":[{"href":"http:\/\/tvalaire.com\/index.php?rest_route=\/wp\/v2\/types\/post"}],"author":[{"embeddable":true,"href":"http:\/\/tvalaire.com\/index.php?rest_route=\/wp\/v2\/users\/1"}],"replies":[{"embeddable":true,"href":"http:\/\/tvalaire.com\/index.php?rest_route=%2Fwp%2Fv2%2Fcomments&post=10757"}],"version-history":[{"count":1,"href":"http:\/\/tvalaire.com\/index.php?rest_route=\/wp\/v2\/posts\/10757\/revisions"}],"predecessor-version":[{"id":10760,"href":"http:\/\/tvalaire.com\/index.php?rest_route=\/wp\/v2\/posts\/10757\/revisions\/10760"}],"wp:featuredmedia":[{"embeddable":true,"href":"http:\/\/tvalaire.com\/index.php?rest_route=\/wp\/v2\/media\/10758"}],"wp:attachment":[{"href":"http:\/\/tvalaire.com\/index.php?rest_route=%2Fwp%2Fv2%2Fmedia&parent=10757"}],"wp:term":[{"taxonomy":"category","embeddable":true,"href":"http:\/\/tvalaire.com\/index.php?rest_route=%2Fwp%2Fv2%2Fcategories&post=10757"},{"taxonomy":"post_tag","embeddable":true,"href":"http:\/\/tvalaire.com\/index.php?rest_route=%2Fwp%2Fv2%2Ftags&post=10757"}],"curies":[{"name":"wp","href":"https:\/\/api.w.org\/{rel}","templated":true}]}}