{"id":10743,"date":"2022-10-25T09:58:48","date_gmt":"2022-10-25T14:58:48","guid":{"rendered":"http:\/\/tvalaire.com\/?p=10743"},"modified":"2022-11-07T10:01:21","modified_gmt":"2022-11-07T16:01:21","slug":"panteon-municipal-listo-para-recibir-visitantes-por-el-dia-de-muertos","status":"publish","type":"post","link":"http:\/\/tvalaire.com\/?p=10743","title":{"rendered":"<strong>PANTE\u00d3N MUNICIPAL LISTO PARA RECIBIR VISITANTES POR EL D\u00cdA DE MUERTOS<\/strong>"},"content":{"rendered":"\n<p><\/p>\n\n\n\n<ul class=\"wp-block-list\">\n<li><strong>El pante\u00f3n se mantendr\u00e1 abierto lunes 31, martes 1 y mi\u00e9rcoles 2 de noviembrede 9:00 am a 5:00 pm <a><\/a><\/strong><\/li>\n\n\n\n<li><strong>Se invita a los visitantes colocar la basura en su lugar<\/strong><\/li>\n<\/ul>\n\n\n\n<p>Con el prop\u00f3sito de darle mantenimiento, cuidado y una mejor imagen al Pante\u00f3n Municipal \u201cJardines del Oto\u00f1o\u201d ubicado en la colonia Ciudad del Sol, el Gobierno Municipal de La Piedad, a trav\u00e9s de la Direcci\u00f3n de Servicios P\u00fablicos y Ecolog\u00eda, realiza peri\u00f3dicamente la limpieza de dicho lugar y m\u00e1s en estas fechas de mayor afluencia.<\/p>\n\n\n\n<p>Esto con la finalidad de que las familias que visitaran a sus fieles difuntos en este D\u00eda de Muertos, puedan acceder a un espacio digno, por lo que se invita a la ciudadan\u00eda a mantener el campo santo en buenas condiciones, as\u00ed como depositar la basura en los botes colocados a los costados de cada secci\u00f3n del pante\u00f3n.<\/p>\n\n\n\n<p>Dentro de las labores que se llevaron a cabo, fueron el mantenimiento perimetral, caminos al interior, pasillos, cruces y \u00e1reas verdes; por lo que se exhorta a los ciudadanos a que las fosas, criptas y gavetas de sus familiares, se les de mantenimiento constante, recalcando que cualquier modificaci\u00f3n a estas, deben de tramitarlo en la Direcci\u00f3n de Servicios P\u00fablicos y Ecolog\u00eda.<\/p>\n\n\n\n<p>Ram\u00f3n Romero titular de la direcci\u00f3n, mencion\u00f3 que el horario de servicio ser\u00e1 lunes a domingo de 9:00 de la ma\u00f1ana a 5:00 de la tarde, para estas fechas, adem\u00e1s indic\u00f3 que la entrada de veh\u00edculos quedar\u00e1 prohibida, esto como medida de precauci\u00f3n para los visitantes peatonales, ya que se espera una gran cantidad de personas; por lo que coment\u00f3 que se proporcionar\u00e1 veh\u00edculos para las personas que no puedan caminar y as\u00ed accedan al pante\u00f3n con apoyo del transporte brindado por el municipio.<\/p>\n\n\n\n<figure class=\"wp-block-image size-large is-style-default\"><img loading=\"lazy\" decoding=\"async\" width=\"1024\" height=\"681\" src=\"http:\/\/tvalaire.com\/wp-content\/uploads\/2022\/11\/1-1-2-1024x681.jpeg\" alt=\"\" class=\"wp-image-10745\" srcset=\"http:\/\/tvalaire.com\/wp-content\/uploads\/2022\/11\/1-1-2-1024x681.jpeg 1024w, http:\/\/tvalaire.com\/wp-content\/uploads\/2022\/11\/1-1-2-300x199.jpeg 300w, http:\/\/tvalaire.com\/wp-content\/uploads\/2022\/11\/1-1-2-768x511.jpeg 768w, http:\/\/tvalaire.com\/wp-content\/uploads\/2022\/11\/1-1-2.jpeg 1280w\" sizes=\"(max-width: 1024px) 100vw, 1024px\" \/><\/figure>\n\n\n\n<p><\/p>\n\n\n\n<figure class=\"wp-block-image size-large is-style-default\"><img loading=\"lazy\" decoding=\"async\" width=\"1024\" height=\"681\" src=\"http:\/\/tvalaire.com\/wp-content\/uploads\/2022\/11\/1-3-3-1024x681.jpeg\" alt=\"\" class=\"wp-image-10746\" srcset=\"http:\/\/tvalaire.com\/wp-content\/uploads\/2022\/11\/1-3-3-1024x681.jpeg 1024w, http:\/\/tvalaire.com\/wp-content\/uploads\/2022\/11\/1-3-3-300x199.jpeg 300w, http:\/\/tvalaire.com\/wp-content\/uploads\/2022\/11\/1-3-3-768x511.jpeg 768w, http:\/\/tvalaire.com\/wp-content\/uploads\/2022\/11\/1-3-3.jpeg 1280w\" sizes=\"(max-width: 1024px) 100vw, 1024px\" \/><\/figure>\n","protected":false},"excerpt":{"rendered":"<p>Con el prop\u00f3sito de darle mantenimiento, cuidado y una mejor imagen al Pante\u00f3n Municipal \u201cJardines&#8230;<\/p>\n","protected":false},"author":1,"featured_media":10744,"comment_status":"open","ping_status":"open","sticky":false,"template":"","format":"standard","meta":{"jetpack_post_was_ever_published":false,"_jetpack_newsletter_access":"","_jetpack_dont_email_post_to_subs":false,"_jetpack_newsletter_tier_id":0,"_jetpack_memberships_contains_paywalled_content":false,"_jetpack_memberships_contains_paid_content":false,"footnotes":"","jetpack_publicize_message":"","jetpack_publicize_feature_enabled":true,"jetpack_social_post_already_shared":true,"jetpack_social_options":{"image_generator_settings":{"template":"highway","enabled":false},"version":2}},"categories":[1],"tags":[15],"class_list":["post-10743","post","type-post","status-publish","format-standard","has-post-thumbnail","hentry","category-la-piedad","tag-la-piedad"],"jetpack_publicize_connections":[],"jetpack_sharing_enabled":true,"featured_image_urls":{"full":["http:\/\/tvalaire.com\/wp-content\/uploads\/2022\/11\/1-5-1.jpeg",1280,851,false],"thumbnail":["http:\/\/tvalaire.com\/wp-content\/uploads\/2022\/11\/1-5-1-150x150.jpeg",150,150,true],"medium":["http:\/\/tvalaire.com\/wp-content\/uploads\/2022\/11\/1-5-1-300x199.jpeg",300,199,true],"medium_large":["http:\/\/tvalaire.com\/wp-content\/uploads\/2022\/11\/1-5-1-768x511.jpeg",640,426,true],"large":["http:\/\/tvalaire.com\/wp-content\/uploads\/2022\/11\/1-5-1-1024x681.jpeg",640,426,true],"post-slider-thumb-size":["http:\/\/tvalaire.com\/wp-content\/uploads\/2022\/11\/1-5-1-330x190.jpeg",330,190,true],"post-category-slider-size":["http:\/\/tvalaire.com\/wp-content\/uploads\/2022\/11\/1-5-1.jpeg",330,219,false],"1536x1536":["http:\/\/tvalaire.com\/wp-content\/uploads\/2022\/11\/1-5-1.jpeg",1280,851,false],"2048x2048":["http:\/\/tvalaire.com\/wp-content\/uploads\/2022\/11\/1-5-1.jpeg",1280,851,false],"newsium-slider-full":["http:\/\/tvalaire.com\/wp-content\/uploads\/2022\/11\/1-5-1-1280x845.jpeg",1280,845,true],"newsium-featured":["http:\/\/tvalaire.com\/wp-content\/uploads\/2022\/11\/1-5-1-1024x681.jpeg",1024,681,true],"newsium-medium":["http:\/\/tvalaire.com\/wp-content\/uploads\/2022\/11\/1-5-1-720x475.jpeg",720,475,true]},"author_info":{"info":["tvalairenoti"]},"category_info":"<a href=\"http:\/\/tvalaire.com\/?cat=1\" rel=\"category\">La Piedad<\/a>","tag_info":"La Piedad","comment_count":"0","jetpack_featured_media_url":"http:\/\/tvalaire.com\/wp-content\/uploads\/2022\/11\/1-5-1.jpeg","_links":{"self":[{"href":"http:\/\/tvalaire.com\/index.php?rest_route=\/wp\/v2\/posts\/10743"}],"collection":[{"href":"http:\/\/tvalaire.com\/index.php?rest_route=\/wp\/v2\/posts"}],"about":[{"href":"http:\/\/tvalaire.com\/index.php?rest_route=\/wp\/v2\/types\/post"}],"author":[{"embeddable":true,"href":"http:\/\/tvalaire.com\/index.php?rest_route=\/wp\/v2\/users\/1"}],"replies":[{"embeddable":true,"href":"http:\/\/tvalaire.com\/index.php?rest_route=%2Fwp%2Fv2%2Fcomments&post=10743"}],"version-history":[{"count":1,"href":"http:\/\/tvalaire.com\/index.php?rest_route=\/wp\/v2\/posts\/10743\/revisions"}],"predecessor-version":[{"id":10747,"href":"http:\/\/tvalaire.com\/index.php?rest_route=\/wp\/v2\/posts\/10743\/revisions\/10747"}],"wp:featuredmedia":[{"embeddable":true,"href":"http:\/\/tvalaire.com\/index.php?rest_route=\/wp\/v2\/media\/10744"}],"wp:attachment":[{"href":"http:\/\/tvalaire.com\/index.php?rest_route=%2Fwp%2Fv2%2Fmedia&parent=10743"}],"wp:term":[{"taxonomy":"category","embeddable":true,"href":"http:\/\/tvalaire.com\/index.php?rest_route=%2Fwp%2Fv2%2Fcategories&post=10743"},{"taxonomy":"post_tag","embeddable":true,"href":"http:\/\/tvalaire.com\/index.php?rest_route=%2Fwp%2Fv2%2Ftags&post=10743"}],"curies":[{"name":"wp","href":"https:\/\/api.w.org\/{rel}","templated":true}]}}