{"id":10739,"date":"2022-10-26T09:53:56","date_gmt":"2022-10-26T14:53:56","guid":{"rendered":"http:\/\/tvalaire.com\/?p=10739"},"modified":"2022-11-07T09:55:39","modified_gmt":"2022-11-07T15:55:39","slug":"la-guelaguetza-presente-en-la-piedad","status":"publish","type":"post","link":"http:\/\/tvalaire.com\/?p=10739","title":{"rendered":"<strong>\u00a0LA GUELAGUETZA PRESENTE EN LA PIEDAD<\/strong>"},"content":{"rendered":"\n<p><\/p>\n\n\n\n<ul class=\"wp-block-list\">\n<li><strong>Domingo 6 de noviembre en la Plaza Principal<\/strong><\/li>\n\n\n\n<li><strong>Exposici\u00f3n artesanal a partir del 28 de octubre<\/strong><\/li>\n<\/ul>\n\n\n\n<p>El Gobierno Municipal de La Piedad, presentar\u00e1 un amplio repertorio de actividades culturales durante las pr\u00f3ximas festividades que se aproximan, esto con el objetivo de reactivar la econom\u00eda, generar espacios de sana convivencia que fomente la uni\u00f3n familiar, as\u00ed como traer espect\u00e1culos de primer nivel para todos los piedadenses.<\/p>\n\n\n\n<p>Gracias a ello, el domingo 6 de noviembre, se presentar\u00e1 \u201cLa Guelaguetza\u201d en la plaza principal en punto de las 7:00 pm, donde participar\u00e1n aproximadamente 52 bailarines y m\u00fasicos, que a trav\u00e9s de la danza nos dar\u00e1n muestra de las ocho regiones del pueblo oaxaque\u00f1o.<\/p>\n\n\n\n<p>As\u00ed mismo, a partir del 28 de octubre el Centro Hist\u00f3rico contar\u00e1 con una exposici\u00f3n artesanal, donde habr\u00e1: mezcal oaxaque\u00f1o, ropa t\u00edpica, artesan\u00edas de madera, joyer\u00eda de cristal y plata, dulces t\u00edpicos, cuarzos, medicina alternativa,entre otros; cabe resaltar que no \u00fanicamente ser\u00e1n artesanos del estado de Oaxaca, sino de diferentes partes del pa\u00eds.&nbsp;<\/p>\n\n\n\n<p>Es as\u00ed como en La Piedad, el mes de noviembre se maravillar\u00e1 con los colores y la tradici\u00f3n del D\u00eda de Muertos con \u201cAlmas Piedadenses\u201d que tendr\u00e1 lugar en diferentes puntos del municipio del 28 de octubre al 2 de noviembre, posterior a ello la presentaci\u00f3n de La Guelaguetza el domingo 6 y del 25 al 27 de noviembre el Festival Internacional del Globo. <\/p>\n","protected":false},"excerpt":{"rendered":"<p>El Gobierno Municipal de La Piedad, presentar\u00e1 un amplio repertorio de actividades culturales durante las&#8230;<\/p>\n","protected":false},"author":1,"featured_media":10740,"comment_status":"open","ping_status":"open","sticky":false,"template":"","format":"standard","meta":{"jetpack_post_was_ever_published":false,"_jetpack_newsletter_access":"","_jetpack_dont_email_post_to_subs":false,"_jetpack_newsletter_tier_id":0,"_jetpack_memberships_contains_paywalled_content":false,"_jetpack_memberships_contains_paid_content":false,"footnotes":"","jetpack_publicize_message":"","jetpack_publicize_feature_enabled":true,"jetpack_social_post_already_shared":true,"jetpack_social_options":{"image_generator_settings":{"template":"highway","enabled":false},"version":2}},"categories":[1],"tags":[15],"class_list":["post-10739","post","type-post","status-publish","format-standard","has-post-thumbnail","hentry","category-la-piedad","tag-la-piedad"],"jetpack_publicize_connections":[],"jetpack_sharing_enabled":true,"featured_image_urls":{"full":["http:\/\/tvalaire.com\/wp-content\/uploads\/2022\/11\/1-2-1.jpeg",1280,1274,false],"thumbnail":["http:\/\/tvalaire.com\/wp-content\/uploads\/2022\/11\/1-2-1-150x150.jpeg",150,150,true],"medium":["http:\/\/tvalaire.com\/wp-content\/uploads\/2022\/11\/1-2-1-300x300.jpeg",300,300,true],"medium_large":["http:\/\/tvalaire.com\/wp-content\/uploads\/2022\/11\/1-2-1-768x764.jpeg",640,637,true],"large":["http:\/\/tvalaire.com\/wp-content\/uploads\/2022\/11\/1-2-1-1024x1019.jpeg",640,637,true],"post-slider-thumb-size":["http:\/\/tvalaire.com\/wp-content\/uploads\/2022\/11\/1-2-1-330x190.jpeg",330,190,true],"post-category-slider-size":["http:\/\/tvalaire.com\/wp-content\/uploads\/2022\/11\/1-2-1.jpeg",330,328,false],"1536x1536":["http:\/\/tvalaire.com\/wp-content\/uploads\/2022\/11\/1-2-1.jpeg",1280,1274,false],"2048x2048":["http:\/\/tvalaire.com\/wp-content\/uploads\/2022\/11\/1-2-1.jpeg",1280,1274,false],"newsium-slider-full":["http:\/\/tvalaire.com\/wp-content\/uploads\/2022\/11\/1-2-1-1280x845.jpeg",1280,845,true],"newsium-featured":["http:\/\/tvalaire.com\/wp-content\/uploads\/2022\/11\/1-2-1-1024x1019.jpeg",1024,1019,true],"newsium-medium":["http:\/\/tvalaire.com\/wp-content\/uploads\/2022\/11\/1-2-1-720x475.jpeg",720,475,true]},"author_info":{"info":["tvalairenoti"]},"category_info":"<a href=\"http:\/\/tvalaire.com\/?cat=1\" rel=\"category\">La Piedad<\/a>","tag_info":"La Piedad","comment_count":"0","jetpack_featured_media_url":"http:\/\/tvalaire.com\/wp-content\/uploads\/2022\/11\/1-2-1.jpeg","_links":{"self":[{"href":"http:\/\/tvalaire.com\/index.php?rest_route=\/wp\/v2\/posts\/10739"}],"collection":[{"href":"http:\/\/tvalaire.com\/index.php?rest_route=\/wp\/v2\/posts"}],"about":[{"href":"http:\/\/tvalaire.com\/index.php?rest_route=\/wp\/v2\/types\/post"}],"author":[{"embeddable":true,"href":"http:\/\/tvalaire.com\/index.php?rest_route=\/wp\/v2\/users\/1"}],"replies":[{"embeddable":true,"href":"http:\/\/tvalaire.com\/index.php?rest_route=%2Fwp%2Fv2%2Fcomments&post=10739"}],"version-history":[{"count":2,"href":"http:\/\/tvalaire.com\/index.php?rest_route=\/wp\/v2\/posts\/10739\/revisions"}],"predecessor-version":[{"id":10742,"href":"http:\/\/tvalaire.com\/index.php?rest_route=\/wp\/v2\/posts\/10739\/revisions\/10742"}],"wp:featuredmedia":[{"embeddable":true,"href":"http:\/\/tvalaire.com\/index.php?rest_route=\/wp\/v2\/media\/10740"}],"wp:attachment":[{"href":"http:\/\/tvalaire.com\/index.php?rest_route=%2Fwp%2Fv2%2Fmedia&parent=10739"}],"wp:term":[{"taxonomy":"category","embeddable":true,"href":"http:\/\/tvalaire.com\/index.php?rest_route=%2Fwp%2Fv2%2Fcategories&post=10739"},{"taxonomy":"post_tag","embeddable":true,"href":"http:\/\/tvalaire.com\/index.php?rest_route=%2Fwp%2Fv2%2Ftags&post=10739"}],"curies":[{"name":"wp","href":"https:\/\/api.w.org\/{rel}","templated":true}]}}