{"id":1073,"date":"2017-03-24T08:04:32","date_gmt":"2017-03-24T14:04:32","guid":{"rendered":"http:\/\/tvalaire.com\/?p=1073"},"modified":"2017-03-24T08:04:32","modified_gmt":"2017-03-24T14:04:32","slug":"habra-en-la-piedad-extension-del-festival-internacional-de-danza","status":"publish","type":"post","link":"http:\/\/tvalaire.com\/?p=1073","title":{"rendered":"HABR\u00c1 EN LA PIEDAD EXTENSI\u00d3N DEL FESTIVAL INTERNACIONAL DE DANZA"},"content":{"rendered":"<p>Con el fin de establecer intercambios culturales con otros pa\u00edses y que \u00e9stos conozcan parte de la cultura nacional, el Gobierno Municipal anunci\u00f3 la extensi\u00f3n del Festival Internacional de Danza de Yur\u00e9cuaro a La Piedad, el cual se desarrollar\u00e1 del 27 de marzo al 2 de abril.<\/p>\n<p>El director de Cultura Municipal, confirm\u00f3 la presencia de cuatro grupos de danza de los pa\u00edses de Argentina, Colombia y Ecuador, as\u00ed como de los Estados de Coahuila, Aguascalientes, Sinaloa, Durango, Nayarit y de las poblaciones de Manzanillo y La Piedad.<\/p>\n<p>El escenario oficial para la realizaci\u00f3n del evento ser\u00e1 el Teatro del Pueblo y la apertura del Festival Internacional de Danza ser\u00e1 a partir de las 19:30 horas.<\/p>\n<p>Es un evento sin costo y totalmente familiar, por lo que el Gobierno Municipal a trav\u00e9s del director de Cultura hizo una invitaci\u00f3n extensiva a toda la poblaci\u00f3n para que asista y se divierta.<\/p>\n<p>De acuerdo a la expectativa que se tiene en cuanto a la asistencia de acuerdo a la experiencia que se vivi\u00f3 el a\u00f1o pasado, se prev\u00e9 que pudieran presenciar el evento unas 5 mil personas durante los siete d\u00edas que durar\u00e1 el evento.<\/p>\n<p>Durante el cual, adem\u00e1s de las presentaciones se tiene previsto establecer intercambios culturales y visitas a diversos puntos de la localidad, con la finalidad de realizar v\u00ednculos internacionales.<\/p>\n<p>Con lo anterior, el Gobierno Municipal cumple con las actividades contempladas dentro de la pol\u00edtica p\u00fablica relacionada con este tema, por medio de la cual se prev\u00e9 promover las tradiciones del folclor nacional y establecer intercambios de cultura con otros pa\u00edses.<\/p>\n","protected":false},"excerpt":{"rendered":"<p>Con el fin de establecer intercambios culturales con otros pa\u00edses y que \u00e9stos conozcan parte&#8230;<\/p>\n","protected":false},"author":1,"featured_media":1070,"comment_status":"open","ping_status":"open","sticky":false,"template":"","format":"standard","meta":{"jetpack_post_was_ever_published":false,"_jetpack_newsletter_access":"","_jetpack_dont_email_post_to_subs":false,"_jetpack_newsletter_tier_id":0,"_jetpack_memberships_contains_paywalled_content":false,"_jetpack_memberships_contains_paid_content":false,"footnotes":"","jetpack_publicize_message":"","jetpack_publicize_feature_enabled":true,"jetpack_social_post_already_shared":false,"jetpack_social_options":{"image_generator_settings":{"template":"highway","enabled":false},"version":2}},"categories":[1],"tags":[15,36],"class_list":["post-1073","post","type-post","status-publish","format-standard","has-post-thumbnail","hentry","category-la-piedad","tag-la-piedad","tag-principales"],"jetpack_publicize_connections":[],"jetpack_sharing_enabled":true,"featured_image_urls":{"full":["http:\/\/tvalaire.com\/wp-content\/uploads\/2017\/03\/HABR\u00c1-EN-LA-PIEDAD-EXTENSI\u00d3N-DEL-FESTIVAL-INTERNACIONAL-DE-DANZA.jpg",1026,684,false],"thumbnail":["http:\/\/tvalaire.com\/wp-content\/uploads\/2017\/03\/HABR\u00c1-EN-LA-PIEDAD-EXTENSI\u00d3N-DEL-FESTIVAL-INTERNACIONAL-DE-DANZA-150x150.jpg",150,150,true],"medium":["http:\/\/tvalaire.com\/wp-content\/uploads\/2017\/03\/HABR\u00c1-EN-LA-PIEDAD-EXTENSI\u00d3N-DEL-FESTIVAL-INTERNACIONAL-DE-DANZA-300x200.jpg",300,200,true],"medium_large":["http:\/\/tvalaire.com\/wp-content\/uploads\/2017\/03\/HABR\u00c1-EN-LA-PIEDAD-EXTENSI\u00d3N-DEL-FESTIVAL-INTERNACIONAL-DE-DANZA-768x512.jpg",640,427,true],"large":["http:\/\/tvalaire.com\/wp-content\/uploads\/2017\/03\/HABR\u00c1-EN-LA-PIEDAD-EXTENSI\u00d3N-DEL-FESTIVAL-INTERNACIONAL-DE-DANZA-1024x683.jpg",640,427,true],"post-slider-thumb-size":["http:\/\/tvalaire.com\/wp-content\/uploads\/2017\/03\/HABR\u00c1-EN-LA-PIEDAD-EXTENSI\u00d3N-DEL-FESTIVAL-INTERNACIONAL-DE-DANZA.jpg",285,190,false],"post-category-slider-size":["http:\/\/tvalaire.com\/wp-content\/uploads\/2017\/03\/HABR\u00c1-EN-LA-PIEDAD-EXTENSI\u00d3N-DEL-FESTIVAL-INTERNACIONAL-DE-DANZA.jpg",330,220,false],"1536x1536":["http:\/\/tvalaire.com\/wp-content\/uploads\/2017\/03\/HABR\u00c1-EN-LA-PIEDAD-EXTENSI\u00d3N-DEL-FESTIVAL-INTERNACIONAL-DE-DANZA.jpg",1026,684,false],"2048x2048":["http:\/\/tvalaire.com\/wp-content\/uploads\/2017\/03\/HABR\u00c1-EN-LA-PIEDAD-EXTENSI\u00d3N-DEL-FESTIVAL-INTERNACIONAL-DE-DANZA.jpg",1026,684,false],"newsium-slider-full":["http:\/\/tvalaire.com\/wp-content\/uploads\/2017\/03\/HABR\u00c1-EN-LA-PIEDAD-EXTENSI\u00d3N-DEL-FESTIVAL-INTERNACIONAL-DE-DANZA.jpg",1026,684,false],"newsium-featured":["http:\/\/tvalaire.com\/wp-content\/uploads\/2017\/03\/HABR\u00c1-EN-LA-PIEDAD-EXTENSI\u00d3N-DEL-FESTIVAL-INTERNACIONAL-DE-DANZA.jpg",1024,683,false],"newsium-medium":["http:\/\/tvalaire.com\/wp-content\/uploads\/2017\/03\/HABR\u00c1-EN-LA-PIEDAD-EXTENSI\u00d3N-DEL-FESTIVAL-INTERNACIONAL-DE-DANZA.jpg",713,475,false]},"author_info":{"info":["tvalairenoti"]},"category_info":"<a href=\"http:\/\/tvalaire.com\/?cat=1\" rel=\"category\">La Piedad<\/a>","tag_info":"La Piedad","comment_count":"0","jetpack_featured_media_url":"http:\/\/tvalaire.com\/wp-content\/uploads\/2017\/03\/HABR\u00c1-EN-LA-PIEDAD-EXTENSI\u00d3N-DEL-FESTIVAL-INTERNACIONAL-DE-DANZA.jpg","_links":{"self":[{"href":"http:\/\/tvalaire.com\/index.php?rest_route=\/wp\/v2\/posts\/1073"}],"collection":[{"href":"http:\/\/tvalaire.com\/index.php?rest_route=\/wp\/v2\/posts"}],"about":[{"href":"http:\/\/tvalaire.com\/index.php?rest_route=\/wp\/v2\/types\/post"}],"author":[{"embeddable":true,"href":"http:\/\/tvalaire.com\/index.php?rest_route=\/wp\/v2\/users\/1"}],"replies":[{"embeddable":true,"href":"http:\/\/tvalaire.com\/index.php?rest_route=%2Fwp%2Fv2%2Fcomments&post=1073"}],"version-history":[{"count":1,"href":"http:\/\/tvalaire.com\/index.php?rest_route=\/wp\/v2\/posts\/1073\/revisions"}],"predecessor-version":[{"id":1074,"href":"http:\/\/tvalaire.com\/index.php?rest_route=\/wp\/v2\/posts\/1073\/revisions\/1074"}],"wp:featuredmedia":[{"embeddable":true,"href":"http:\/\/tvalaire.com\/index.php?rest_route=\/wp\/v2\/media\/1070"}],"wp:attachment":[{"href":"http:\/\/tvalaire.com\/index.php?rest_route=%2Fwp%2Fv2%2Fmedia&parent=1073"}],"wp:term":[{"taxonomy":"category","embeddable":true,"href":"http:\/\/tvalaire.com\/index.php?rest_route=%2Fwp%2Fv2%2Fcategories&post=1073"},{"taxonomy":"post_tag","embeddable":true,"href":"http:\/\/tvalaire.com\/index.php?rest_route=%2Fwp%2Fv2%2Ftags&post=1073"}],"curies":[{"name":"wp","href":"https:\/\/api.w.org\/{rel}","templated":true}]}}