{"id":10724,"date":"2022-10-31T09:47:06","date_gmt":"2022-10-31T15:47:06","guid":{"rendered":"http:\/\/tvalaire.com\/?p=10724"},"modified":"2022-11-07T09:49:08","modified_gmt":"2022-11-07T15:49:08","slug":"fin-de-semana-de-cultura-y-tradicion-en-la-piedad","status":"publish","type":"post","link":"http:\/\/tvalaire.com\/?p=10724","title":{"rendered":"<strong>FIN DE SEMANA DE CULTURA Y TRADICI\u00d3N EN LA PIEDAD<\/strong>"},"content":{"rendered":"\n<p><\/p>\n\n\n\n<ul class=\"wp-block-list\">\n<li><strong>Mil participantes en el desfile de catrinas y catrines<\/strong><\/li>\n\n\n\n<li><strong>Leyendas piedadenses y cine m\u00f3vil con gran afluencia<\/strong><\/li>\n<\/ul>\n\n\n\n<p>El gobierno municipal de La Piedad, llev\u00f3 a cabo, diferentes actividades este fin de semana en torno a las festividades de d\u00eda de muertos, y dentro del festival \u201cAlmas Piedadenses\u201d, mil participantes se disfrazaron de catrinasy catrines para as\u00ed formar parte del tradicional desfile, al cual se dieron cita las familias piedadenses.<\/p>\n\n\n\n<p>As\u00ed mismo, el Centro Hist\u00f3rico fue sede de leyendas piedadenses que se relataron para el disfrute de las familias, donde la leyenda de la llorona y el padre sin cabeza, no fueron la excepci\u00f3n al ser relatadas, d\u00e1ndole ese sentido de misticismo a la plaza principal que se encontraba totalmente llena de familias.<\/p>\n\n\n\n<p>Por su parte, m\u00e1s de 200 personas asistieron al cine m\u00f3vil en el Parque Morelos, donde disfrutaron de la pel\u00edcula de terror \u201cHereditary\u201d, donde se vivi\u00f3 de una forma particular la funci\u00f3n, ya que el espacio le dio un sentido diferente a la muestra del s\u00e9ptimo arte.<\/p>\n\n\n\n<figure class=\"wp-block-image size-large is-style-default\"><img loading=\"lazy\" decoding=\"async\" width=\"1024\" height=\"681\" src=\"http:\/\/tvalaire.com\/wp-content\/uploads\/2022\/11\/1-3-1024x681.jpeg\" alt=\"\" class=\"wp-image-10726\" srcset=\"http:\/\/tvalaire.com\/wp-content\/uploads\/2022\/11\/1-3-1024x681.jpeg 1024w, http:\/\/tvalaire.com\/wp-content\/uploads\/2022\/11\/1-3-300x199.jpeg 300w, http:\/\/tvalaire.com\/wp-content\/uploads\/2022\/11\/1-3-768x511.jpeg 768w, http:\/\/tvalaire.com\/wp-content\/uploads\/2022\/11\/1-3.jpeg 1280w\" sizes=\"(max-width: 1024px) 100vw, 1024px\" \/><\/figure>\n\n\n\n<p><\/p>\n\n\n\n<figure class=\"wp-block-image size-large is-style-default\"><img loading=\"lazy\" decoding=\"async\" width=\"1024\" height=\"682\" src=\"http:\/\/tvalaire.com\/wp-content\/uploads\/2022\/11\/1-4-1024x682.jpeg\" alt=\"\" class=\"wp-image-10727\" srcset=\"http:\/\/tvalaire.com\/wp-content\/uploads\/2022\/11\/1-4-1024x682.jpeg 1024w, http:\/\/tvalaire.com\/wp-content\/uploads\/2022\/11\/1-4-300x200.jpeg 300w, http:\/\/tvalaire.com\/wp-content\/uploads\/2022\/11\/1-4-768x512.jpeg 768w, http:\/\/tvalaire.com\/wp-content\/uploads\/2022\/11\/1-4.jpeg 1280w\" sizes=\"(max-width: 1024px) 100vw, 1024px\" \/><\/figure>\n\n\n\n<p><\/p>\n","protected":false},"excerpt":{"rendered":"<p>El gobierno municipal de La Piedad, llev\u00f3 a cabo, diferentes actividades este fin de semana&#8230;<\/p>\n","protected":false},"author":1,"featured_media":10725,"comment_status":"open","ping_status":"open","sticky":false,"template":"","format":"standard","meta":{"jetpack_post_was_ever_published":false,"_jetpack_newsletter_access":"","_jetpack_dont_email_post_to_subs":false,"_jetpack_newsletter_tier_id":0,"_jetpack_memberships_contains_paywalled_content":false,"_jetpack_memberships_contains_paid_content":false,"footnotes":"","jetpack_publicize_message":"","jetpack_publicize_feature_enabled":true,"jetpack_social_post_already_shared":true,"jetpack_social_options":{"image_generator_settings":{"template":"highway","enabled":false},"version":2}},"categories":[1],"tags":[15],"class_list":["post-10724","post","type-post","status-publish","format-standard","has-post-thumbnail","hentry","category-la-piedad","tag-la-piedad"],"jetpack_publicize_connections":[],"jetpack_sharing_enabled":true,"featured_image_urls":{"full":["http:\/\/tvalaire.com\/wp-content\/uploads\/2022\/11\/1.jpeg",1280,851,false],"thumbnail":["http:\/\/tvalaire.com\/wp-content\/uploads\/2022\/11\/1-150x150.jpeg",150,150,true],"medium":["http:\/\/tvalaire.com\/wp-content\/uploads\/2022\/11\/1-300x199.jpeg",300,199,true],"medium_large":["http:\/\/tvalaire.com\/wp-content\/uploads\/2022\/11\/1-768x511.jpeg",640,426,true],"large":["http:\/\/tvalaire.com\/wp-content\/uploads\/2022\/11\/1-1024x681.jpeg",640,426,true],"post-slider-thumb-size":["http:\/\/tvalaire.com\/wp-content\/uploads\/2022\/11\/1-330x190.jpeg",330,190,true],"post-category-slider-size":["http:\/\/tvalaire.com\/wp-content\/uploads\/2022\/11\/1.jpeg",330,219,false],"1536x1536":["http:\/\/tvalaire.com\/wp-content\/uploads\/2022\/11\/1.jpeg",1280,851,false],"2048x2048":["http:\/\/tvalaire.com\/wp-content\/uploads\/2022\/11\/1.jpeg",1280,851,false],"newsium-slider-full":["http:\/\/tvalaire.com\/wp-content\/uploads\/2022\/11\/1-1280x845.jpeg",1280,845,true],"newsium-featured":["http:\/\/tvalaire.com\/wp-content\/uploads\/2022\/11\/1-1024x681.jpeg",1024,681,true],"newsium-medium":["http:\/\/tvalaire.com\/wp-content\/uploads\/2022\/11\/1-720x475.jpeg",720,475,true]},"author_info":{"info":["tvalairenoti"]},"category_info":"<a href=\"http:\/\/tvalaire.com\/?cat=1\" rel=\"category\">La Piedad<\/a>","tag_info":"La Piedad","comment_count":"0","jetpack_featured_media_url":"http:\/\/tvalaire.com\/wp-content\/uploads\/2022\/11\/1.jpeg","_links":{"self":[{"href":"http:\/\/tvalaire.com\/index.php?rest_route=\/wp\/v2\/posts\/10724"}],"collection":[{"href":"http:\/\/tvalaire.com\/index.php?rest_route=\/wp\/v2\/posts"}],"about":[{"href":"http:\/\/tvalaire.com\/index.php?rest_route=\/wp\/v2\/types\/post"}],"author":[{"embeddable":true,"href":"http:\/\/tvalaire.com\/index.php?rest_route=\/wp\/v2\/users\/1"}],"replies":[{"embeddable":true,"href":"http:\/\/tvalaire.com\/index.php?rest_route=%2Fwp%2Fv2%2Fcomments&post=10724"}],"version-history":[{"count":1,"href":"http:\/\/tvalaire.com\/index.php?rest_route=\/wp\/v2\/posts\/10724\/revisions"}],"predecessor-version":[{"id":10728,"href":"http:\/\/tvalaire.com\/index.php?rest_route=\/wp\/v2\/posts\/10724\/revisions\/10728"}],"wp:featuredmedia":[{"embeddable":true,"href":"http:\/\/tvalaire.com\/index.php?rest_route=\/wp\/v2\/media\/10725"}],"wp:attachment":[{"href":"http:\/\/tvalaire.com\/index.php?rest_route=%2Fwp%2Fv2%2Fmedia&parent=10724"}],"wp:term":[{"taxonomy":"category","embeddable":true,"href":"http:\/\/tvalaire.com\/index.php?rest_route=%2Fwp%2Fv2%2Fcategories&post=10724"},{"taxonomy":"post_tag","embeddable":true,"href":"http:\/\/tvalaire.com\/index.php?rest_route=%2Fwp%2Fv2%2Ftags&post=10724"}],"curies":[{"name":"wp","href":"https:\/\/api.w.org\/{rel}","templated":true}]}}