{"id":10720,"date":"2022-10-31T09:42:01","date_gmt":"2022-10-31T15:42:01","guid":{"rendered":"http:\/\/tvalaire.com\/?p=10720"},"modified":"2022-11-07T09:43:25","modified_gmt":"2022-11-07T15:43:25","slug":"gobierno-de-la-piedad-promueve-convocatoria-para-el-deportista-del-ano","status":"publish","type":"post","link":"http:\/\/tvalaire.com\/?p=10720","title":{"rendered":"<strong>GOBIERNO DE LA PIEDAD PROMUEVE CONVOCATORIA PARA EL DEPORTISTA DEL A\u00d1O<\/strong>"},"content":{"rendered":"\n<ul class=\"wp-block-list\">\n<li><strong>Premio en cuatro categor\u00edas: deportistas del a\u00f1o, m\u00e9rito deportivo, deporte adaptado y promesa deportiva<\/strong><\/li>\n\n\n\n<li><strong>La fecha l\u00edmite para entrega y recepci\u00f3n de documentos es hasta el viernes 11 de noviembre<\/strong><\/li>\n<\/ul>\n\n\n\n<p>El Gobierno Municipal de La Piedad a trav\u00e9s de la Direcci\u00f3n de Deportes y Recreaci\u00f3n Municipal, convoca a participar en el premio al deporte en cuatro diferentes categor\u00edas, de las que son: deportista del a\u00f1o, m\u00e9rito deportivo, deporte adaptado y promesa deportiva de La Piedad.<\/p>\n\n\n\n<p>Por ello, se invita a todos los grupos deportivos, gimnasios, entrenadores, licenciados en educaci\u00f3n f\u00edsica, a los medios de comunicaci\u00f3n y deportistas en general del municipio a que propongan a los deportistas, profesores, entrenadores destacados, o bien, personajes que hayan entregado su conocimiento y dedicaci\u00f3n en beneficio del deporte piedadense, para hacerse merecedores a los premios mencionados.<\/p>\n\n\n\n<p>Dentro de las bases para poder participar, es que los concursantes sean originarios de La Piedad o bien que sean residentes de la localidad, adem\u00e1s de presentar el curriculum vitae con los logros y m\u00e9ritos obtenidos en el deporte, para ello, deben acudir a las oficinas de la Direcci\u00f3n de Deportes, ubicada en la calle Estadio S\/N en la Unidad Deportiva Lic. Humberto Romero P\u00e9rez, la fecha l\u00edmite para la recepci\u00f3n de documentos es hasta el viernes 11 de noviembre del presente a\u00f1o.<\/p>\n\n\n\n<p>Por su parte, los documentos ser\u00e1n revisado por el Comit\u00e9 Organizador que estar\u00e1 compuesto por las autoridades municipales, las cuales son: presidente municipal, regidores de la Comisi\u00f3n del Deporte, director y subdirector de deportes, invitados de la prensa local y miembros de Asociaciones Deportivas del Estado. <a><\/a><\/p>\n","protected":false},"excerpt":{"rendered":"<p>El Gobierno Municipal de La Piedad a trav\u00e9s de la Direcci\u00f3n de Deportes y Recreaci\u00f3n&#8230;<\/p>\n","protected":false},"author":1,"featured_media":10721,"comment_status":"open","ping_status":"open","sticky":false,"template":"","format":"standard","meta":{"jetpack_post_was_ever_published":false,"_jetpack_newsletter_access":"","_jetpack_dont_email_post_to_subs":false,"_jetpack_newsletter_tier_id":0,"_jetpack_memberships_contains_paywalled_content":false,"_jetpack_memberships_contains_paid_content":false,"footnotes":"","jetpack_publicize_message":"","jetpack_publicize_feature_enabled":true,"jetpack_social_post_already_shared":true,"jetpack_social_options":{"image_generator_settings":{"template":"highway","enabled":false},"version":2}},"categories":[1],"tags":[15],"class_list":["post-10720","post","type-post","status-publish","format-standard","has-post-thumbnail","hentry","category-la-piedad","tag-la-piedad"],"jetpack_publicize_connections":[],"jetpack_sharing_enabled":true,"featured_image_urls":{"full":["http:\/\/tvalaire.com\/wp-content\/uploads\/2022\/11\/convocatoria-deportista-del-ano-liga_Mesa-de-trabajo-1-scaled.jpg",2560,1281,false],"thumbnail":["http:\/\/tvalaire.com\/wp-content\/uploads\/2022\/11\/convocatoria-deportista-del-ano-liga_Mesa-de-trabajo-1-150x150.jpg",150,150,true],"medium":["http:\/\/tvalaire.com\/wp-content\/uploads\/2022\/11\/convocatoria-deportista-del-ano-liga_Mesa-de-trabajo-1-300x150.jpg",300,150,true],"medium_large":["http:\/\/tvalaire.com\/wp-content\/uploads\/2022\/11\/convocatoria-deportista-del-ano-liga_Mesa-de-trabajo-1-768x384.jpg",640,320,true],"large":["http:\/\/tvalaire.com\/wp-content\/uploads\/2022\/11\/convocatoria-deportista-del-ano-liga_Mesa-de-trabajo-1-1024x512.jpg",640,320,true],"post-slider-thumb-size":["http:\/\/tvalaire.com\/wp-content\/uploads\/2022\/11\/convocatoria-deportista-del-ano-liga_Mesa-de-trabajo-1-330x190.jpg",330,190,true],"post-category-slider-size":["http:\/\/tvalaire.com\/wp-content\/uploads\/2022\/11\/convocatoria-deportista-del-ano-liga_Mesa-de-trabajo-1-scaled.jpg",330,165,false],"1536x1536":["http:\/\/tvalaire.com\/wp-content\/uploads\/2022\/11\/convocatoria-deportista-del-ano-liga_Mesa-de-trabajo-1-1536x768.jpg",1536,768,true],"2048x2048":["http:\/\/tvalaire.com\/wp-content\/uploads\/2022\/11\/convocatoria-deportista-del-ano-liga_Mesa-de-trabajo-1-2048x1025.jpg",2048,1025,true],"newsium-slider-full":["http:\/\/tvalaire.com\/wp-content\/uploads\/2022\/11\/convocatoria-deportista-del-ano-liga_Mesa-de-trabajo-1-1280x845.jpg",1280,845,true],"newsium-featured":["http:\/\/tvalaire.com\/wp-content\/uploads\/2022\/11\/convocatoria-deportista-del-ano-liga_Mesa-de-trabajo-1-1024x512.jpg",1024,512,true],"newsium-medium":["http:\/\/tvalaire.com\/wp-content\/uploads\/2022\/11\/convocatoria-deportista-del-ano-liga_Mesa-de-trabajo-1-720x475.jpg",720,475,true]},"author_info":{"info":["tvalairenoti"]},"category_info":"<a href=\"http:\/\/tvalaire.com\/?cat=1\" rel=\"category\">La Piedad<\/a>","tag_info":"La Piedad","comment_count":"0","jetpack_featured_media_url":"http:\/\/tvalaire.com\/wp-content\/uploads\/2022\/11\/convocatoria-deportista-del-ano-liga_Mesa-de-trabajo-1-scaled.jpg","_links":{"self":[{"href":"http:\/\/tvalaire.com\/index.php?rest_route=\/wp\/v2\/posts\/10720"}],"collection":[{"href":"http:\/\/tvalaire.com\/index.php?rest_route=\/wp\/v2\/posts"}],"about":[{"href":"http:\/\/tvalaire.com\/index.php?rest_route=\/wp\/v2\/types\/post"}],"author":[{"embeddable":true,"href":"http:\/\/tvalaire.com\/index.php?rest_route=\/wp\/v2\/users\/1"}],"replies":[{"embeddable":true,"href":"http:\/\/tvalaire.com\/index.php?rest_route=%2Fwp%2Fv2%2Fcomments&post=10720"}],"version-history":[{"count":1,"href":"http:\/\/tvalaire.com\/index.php?rest_route=\/wp\/v2\/posts\/10720\/revisions"}],"predecessor-version":[{"id":10722,"href":"http:\/\/tvalaire.com\/index.php?rest_route=\/wp\/v2\/posts\/10720\/revisions\/10722"}],"wp:featuredmedia":[{"embeddable":true,"href":"http:\/\/tvalaire.com\/index.php?rest_route=\/wp\/v2\/media\/10721"}],"wp:attachment":[{"href":"http:\/\/tvalaire.com\/index.php?rest_route=%2Fwp%2Fv2%2Fmedia&parent=10720"}],"wp:term":[{"taxonomy":"category","embeddable":true,"href":"http:\/\/tvalaire.com\/index.php?rest_route=%2Fwp%2Fv2%2Fcategories&post=10720"},{"taxonomy":"post_tag","embeddable":true,"href":"http:\/\/tvalaire.com\/index.php?rest_route=%2Fwp%2Fv2%2Ftags&post=10720"}],"curies":[{"name":"wp","href":"https:\/\/api.w.org\/{rel}","templated":true}]}}