{"id":1065,"date":"2017-03-23T09:39:40","date_gmt":"2017-03-23T15:39:40","guid":{"rendered":"http:\/\/tvalaire.com\/?p=1065"},"modified":"2017-03-23T09:39:40","modified_gmt":"2017-03-23T15:39:40","slug":"habra-mas-espacios-en-el-programa-palomas-mensajeras","status":"publish","type":"post","link":"http:\/\/tvalaire.com\/?p=1065","title":{"rendered":"HABR\u00c1 M\u00c1S ESPACIOS EN EL PROGRAMA \u201cPALOMAS MENSAJERAS\u201d"},"content":{"rendered":"<p class=\"x_MsoNormal\" align=\"center\"><b>\u00a0<\/b><\/p>\n<p class=\"x_MsoNormal\"><b>A trav\u00e9s de \u00e9ste se reunir\u00e1n a piedadenses con connacionales que est\u00e1n en los Uni\u00f3n Americana.<\/b><\/p>\n<p class=\"x_MsoNormal\">Como una forma de acercar a nuestros connacionales que viven en Estados Unidos de Am\u00e9rica con sus familiares a quienes no ven desde hace muchos a\u00f1os, el Gobierno Municipal de La Piedad que encabeza Juan Manuel Estrada Medina a trav\u00e9s de la direcci\u00f3n de Vinculaci\u00f3n Internacional anunci\u00f3 que a\u00fan hay espacios para las personas que deseen inscribirse en el programa \u201cPalomas mensajeras\u201d.<\/p>\n<p class=\"x_MsoNormal\">A trav\u00e9s de \u00e9ste, los gobiernos municipal y estatal se unen para llevar a un grupo conformado por 20 piedadenses a los Estados Unidos con la finalidad de que visiten a sus familiares a quienes tengan muchos a\u00f1os sin ver.<\/p>\n<p class=\"x_MsoNormal\">Para ello, los gobiernos estatal y municipal convocan a los ciudadanos interesados en participar en este programa para que se inscriban. El programa lo que hace es contactar con la embajada estadounidense en la Ciudad de M\u00e9xico para solicitar una cita grupal, en donde se tomar\u00e1n las fotograf\u00edas y se realizar\u00e1n las entrevistas a todos los participantes.<\/p>\n<p class=\"x_MsoNormal\">En esta primera ocasi\u00f3n, La Piedad tiene 20 espacios pero pretenden llevar a un mayor n\u00famero de personas por si se llegara a negar alguna visa a los que ya est\u00e1n inscritos en el programa.<\/p>\n<p class=\"x_MsoNormal\">Las personas interesadas en viajar a los Estados Unidos por medio de este programa, se les invita a una reuni\u00f3n informativa que se llevar\u00e1 a cabo el pr\u00f3ximo mi\u00e9rcoles 29 de marzo a las 10:00 horas en las oficinas de Vinculaci\u00f3n Internacional, ubicadas en la calle Vicente Guerrero n\u00famero 130.<\/p>\n<p class=\"x_MsoNormal\">Los requisitos que deben reunir los interesados son; ser mayor de 60 a\u00f1os, haberles negado la visa americana no m\u00e1s de una vez, contar con familiares en Estados Unidos, no tener antecedentes negativos ante el gobierno estadounidense, pasaporte vigente, copia de su credencial de elector y llenar el formato DS 160.<\/p>\n<p class=\"x_MsoNormal\">El grupo que se conforme de \u201cpalomas mensajeras\u201d, podr\u00e1 viajar ya sea a Chicago o California y permanecer\u00e1n ah\u00ed para reunirse con sus familiares por espacio de una semana a 15 d\u00edas.<\/p>\n<p class=\"x_MsoNormal\">Para garantizar que las personas que acudan puedan retornar, se inform\u00f3 que acudir\u00e1n con ellos un representante del programa que estar\u00e1 cerca, con el fin de poderlos monitorear.<\/p>\n<p class=\"x_MsoNormal\">Los beneficiados con este programa pagar\u00e1n sus gastos personales, as\u00ed como el derecho a la cita que tiene un costo de 160 d\u00f3lares, aunque el gobierno municipal que preside Juan Manuel Estrada Medina, les cubrir\u00e1 los gastos de su salida de La Piedad a la Ciudad de M\u00e9xico para solicitar la visa.<\/p>\n","protected":false},"excerpt":{"rendered":"<p>\u00a0 A trav\u00e9s de \u00e9ste se reunir\u00e1n a piedadenses con connacionales que est\u00e1n en los&#8230;<\/p>\n","protected":false},"author":1,"featured_media":1066,"comment_status":"open","ping_status":"open","sticky":false,"template":"","format":"standard","meta":{"jetpack_post_was_ever_published":false,"_jetpack_newsletter_access":"","_jetpack_dont_email_post_to_subs":false,"_jetpack_newsletter_tier_id":0,"_jetpack_memberships_contains_paywalled_content":false,"_jetpack_memberships_contains_paid_content":false,"footnotes":"","jetpack_publicize_message":"","jetpack_publicize_feature_enabled":true,"jetpack_social_post_already_shared":false,"jetpack_social_options":{"image_generator_settings":{"template":"highway","enabled":false},"version":2}},"categories":[1],"tags":[15,36],"class_list":["post-1065","post","type-post","status-publish","format-standard","has-post-thumbnail","hentry","category-la-piedad","tag-la-piedad","tag-principales"],"jetpack_publicize_connections":[],"jetpack_sharing_enabled":true,"featured_image_urls":{"full":["http:\/\/tvalaire.com\/wp-content\/uploads\/2017\/03\/1-2-1.jpg",1280,960,false],"thumbnail":["http:\/\/tvalaire.com\/wp-content\/uploads\/2017\/03\/1-2-1-150x150.jpg",150,150,true],"medium":["http:\/\/tvalaire.com\/wp-content\/uploads\/2017\/03\/1-2-1-300x225.jpg",300,225,true],"medium_large":["http:\/\/tvalaire.com\/wp-content\/uploads\/2017\/03\/1-2-1-768x576.jpg",640,480,true],"large":["http:\/\/tvalaire.com\/wp-content\/uploads\/2017\/03\/1-2-1-1024x768.jpg",640,480,true],"post-slider-thumb-size":["http:\/\/tvalaire.com\/wp-content\/uploads\/2017\/03\/1-2-1.jpg",253,190,false],"post-category-slider-size":["http:\/\/tvalaire.com\/wp-content\/uploads\/2017\/03\/1-2-1.jpg",330,248,false],"1536x1536":["http:\/\/tvalaire.com\/wp-content\/uploads\/2017\/03\/1-2-1.jpg",1280,960,false],"2048x2048":["http:\/\/tvalaire.com\/wp-content\/uploads\/2017\/03\/1-2-1.jpg",1280,960,false],"newsium-slider-full":["http:\/\/tvalaire.com\/wp-content\/uploads\/2017\/03\/1-2-1.jpg",1127,845,false],"newsium-featured":["http:\/\/tvalaire.com\/wp-content\/uploads\/2017\/03\/1-2-1.jpg",1024,768,false],"newsium-medium":["http:\/\/tvalaire.com\/wp-content\/uploads\/2017\/03\/1-2-1.jpg",633,475,false]},"author_info":{"info":["tvalairenoti"]},"category_info":"<a href=\"http:\/\/tvalaire.com\/?cat=1\" rel=\"category\">La Piedad<\/a>","tag_info":"La Piedad","comment_count":"0","jetpack_featured_media_url":"http:\/\/tvalaire.com\/wp-content\/uploads\/2017\/03\/1-2-1.jpg","_links":{"self":[{"href":"http:\/\/tvalaire.com\/index.php?rest_route=\/wp\/v2\/posts\/1065"}],"collection":[{"href":"http:\/\/tvalaire.com\/index.php?rest_route=\/wp\/v2\/posts"}],"about":[{"href":"http:\/\/tvalaire.com\/index.php?rest_route=\/wp\/v2\/types\/post"}],"author":[{"embeddable":true,"href":"http:\/\/tvalaire.com\/index.php?rest_route=\/wp\/v2\/users\/1"}],"replies":[{"embeddable":true,"href":"http:\/\/tvalaire.com\/index.php?rest_route=%2Fwp%2Fv2%2Fcomments&post=1065"}],"version-history":[{"count":1,"href":"http:\/\/tvalaire.com\/index.php?rest_route=\/wp\/v2\/posts\/1065\/revisions"}],"predecessor-version":[{"id":1067,"href":"http:\/\/tvalaire.com\/index.php?rest_route=\/wp\/v2\/posts\/1065\/revisions\/1067"}],"wp:featuredmedia":[{"embeddable":true,"href":"http:\/\/tvalaire.com\/index.php?rest_route=\/wp\/v2\/media\/1066"}],"wp:attachment":[{"href":"http:\/\/tvalaire.com\/index.php?rest_route=%2Fwp%2Fv2%2Fmedia&parent=1065"}],"wp:term":[{"taxonomy":"category","embeddable":true,"href":"http:\/\/tvalaire.com\/index.php?rest_route=%2Fwp%2Fv2%2Fcategories&post=1065"},{"taxonomy":"post_tag","embeddable":true,"href":"http:\/\/tvalaire.com\/index.php?rest_route=%2Fwp%2Fv2%2Ftags&post=1065"}],"curies":[{"name":"wp","href":"https:\/\/api.w.org\/{rel}","templated":true}]}}