{"id":10636,"date":"2022-09-28T09:36:00","date_gmt":"2022-09-28T14:36:00","guid":{"rendered":"http:\/\/tvalaire.com\/?p=10636"},"modified":"2022-09-30T09:37:33","modified_gmt":"2022-09-30T14:37:33","slug":"presidente-de-la-piedad-inaugura-segundo-puente-vehicular-en-fracc-san-jose","status":"publish","type":"post","link":"http:\/\/tvalaire.com\/?p=10636","title":{"rendered":"PRESIDENTE DE LA PIEDAD INAUGURA SEGUNDO PUENTE VEHICULAR EN FRACC SAN JOS\u00c9"},"content":{"rendered":"\n<p><\/p>\n\n\n\n<ul class=\"wp-block-list\"><li><strong>\u201cCada acci\u00f3n la hacemos por todas y todos los piedadenses\u201d: Samuel Hidalgo<\/strong><\/li><\/ul>\n\n\n\n<p>Con el prop\u00f3sito de mejorar la calidad de vida de los piedadenses, el presidente Samuel Hidalgo, dio por inaugurado el segundo puente vehicular ubicado en el fraccionamiento San Jos\u00e9, proyecto que desde hace varios a\u00f1os los vecinos hab\u00edan solicitado y ahora en la administraci\u00f3n de Hidalgo Gallardo, se concret\u00f3.<\/p>\n\n\n\n<p>\u201cEl trabajo en equipo es lo que logra los grandes cambios, por ello agradezco a la gran coordinaci\u00f3n que se tuvo con la constructora edificadora de las viviendas, reitero, cada acci\u00f3n la hacemos por todas y todos los piedadenses\u201d; expres\u00f3 el edil.<\/p>\n\n\n\n<p>Por su parte, adem\u00e1s de la construcci\u00f3n de este segundo puente vehicular, tambi\u00e9n se terminaron los trabajos en la pavimentaci\u00f3n de la calle externa al COBAEM; al igual, se habilit\u00f3 un puente peatonal, as\u00ed como herrer\u00eda de protecci\u00f3n a los bordes para salvaguardar la seguridad de los ciudadanos.<\/p>\n\n\n\n<figure class=\"wp-block-image size-full is-style-default\"><img loading=\"lazy\" decoding=\"async\" width=\"960\" height=\"539\" src=\"http:\/\/tvalaire.com\/wp-content\/uploads\/2022\/09\/1-1.jpg\" alt=\"\" class=\"wp-image-10640\" srcset=\"http:\/\/tvalaire.com\/wp-content\/uploads\/2022\/09\/1-1.jpg 960w, http:\/\/tvalaire.com\/wp-content\/uploads\/2022\/09\/1-1-300x168.jpg 300w, http:\/\/tvalaire.com\/wp-content\/uploads\/2022\/09\/1-1-768x431.jpg 768w\" sizes=\"(max-width: 960px) 100vw, 960px\" \/><\/figure>\n","protected":false},"excerpt":{"rendered":"<p>\u201cCada acci\u00f3n la hacemos por todas y todos los piedadenses\u201d: Samuel Hidalgo Con el prop\u00f3sito&#8230;<\/p>\n","protected":false},"author":1,"featured_media":10639,"comment_status":"open","ping_status":"open","sticky":false,"template":"","format":"standard","meta":{"jetpack_post_was_ever_published":false,"_jetpack_newsletter_access":"","_jetpack_dont_email_post_to_subs":false,"_jetpack_newsletter_tier_id":0,"_jetpack_memberships_contains_paywalled_content":false,"_jetpack_memberships_contains_paid_content":false,"footnotes":"","jetpack_publicize_message":"","jetpack_publicize_feature_enabled":true,"jetpack_social_post_already_shared":true,"jetpack_social_options":{"image_generator_settings":{"template":"highway","enabled":false},"version":2}},"categories":[1],"tags":[15,36],"class_list":["post-10636","post","type-post","status-publish","format-standard","has-post-thumbnail","hentry","category-la-piedad","tag-la-piedad","tag-principales"],"jetpack_publicize_connections":[],"jetpack_sharing_enabled":true,"featured_image_urls":{"full":["http:\/\/tvalaire.com\/wp-content\/uploads\/2022\/09\/1-2-4.jpeg",1280,853,false],"thumbnail":["http:\/\/tvalaire.com\/wp-content\/uploads\/2022\/09\/1-2-4-150x150.jpeg",150,150,true],"medium":["http:\/\/tvalaire.com\/wp-content\/uploads\/2022\/09\/1-2-4-300x200.jpeg",300,200,true],"medium_large":["http:\/\/tvalaire.com\/wp-content\/uploads\/2022\/09\/1-2-4-768x512.jpeg",640,427,true],"large":["http:\/\/tvalaire.com\/wp-content\/uploads\/2022\/09\/1-2-4-1024x682.jpeg",640,426,true],"post-slider-thumb-size":["http:\/\/tvalaire.com\/wp-content\/uploads\/2022\/09\/1-2-4-330x190.jpeg",330,190,true],"post-category-slider-size":["http:\/\/tvalaire.com\/wp-content\/uploads\/2022\/09\/1-2-4.jpeg",330,220,false],"1536x1536":["http:\/\/tvalaire.com\/wp-content\/uploads\/2022\/09\/1-2-4.jpeg",1280,853,false],"2048x2048":["http:\/\/tvalaire.com\/wp-content\/uploads\/2022\/09\/1-2-4.jpeg",1280,853,false],"newsium-slider-full":["http:\/\/tvalaire.com\/wp-content\/uploads\/2022\/09\/1-2-4-1280x845.jpeg",1280,845,true],"newsium-featured":["http:\/\/tvalaire.com\/wp-content\/uploads\/2022\/09\/1-2-4-1024x682.jpeg",1024,682,true],"newsium-medium":["http:\/\/tvalaire.com\/wp-content\/uploads\/2022\/09\/1-2-4-720x475.jpeg",720,475,true]},"author_info":{"info":["tvalairenoti"]},"category_info":"<a href=\"http:\/\/tvalaire.com\/?cat=1\" rel=\"category\">La Piedad<\/a>","tag_info":"La Piedad","comment_count":"0","jetpack_featured_media_url":"http:\/\/tvalaire.com\/wp-content\/uploads\/2022\/09\/1-2-4.jpeg","_links":{"self":[{"href":"http:\/\/tvalaire.com\/index.php?rest_route=\/wp\/v2\/posts\/10636"}],"collection":[{"href":"http:\/\/tvalaire.com\/index.php?rest_route=\/wp\/v2\/posts"}],"about":[{"href":"http:\/\/tvalaire.com\/index.php?rest_route=\/wp\/v2\/types\/post"}],"author":[{"embeddable":true,"href":"http:\/\/tvalaire.com\/index.php?rest_route=\/wp\/v2\/users\/1"}],"replies":[{"embeddable":true,"href":"http:\/\/tvalaire.com\/index.php?rest_route=%2Fwp%2Fv2%2Fcomments&post=10636"}],"version-history":[{"count":1,"href":"http:\/\/tvalaire.com\/index.php?rest_route=\/wp\/v2\/posts\/10636\/revisions"}],"predecessor-version":[{"id":10641,"href":"http:\/\/tvalaire.com\/index.php?rest_route=\/wp\/v2\/posts\/10636\/revisions\/10641"}],"wp:featuredmedia":[{"embeddable":true,"href":"http:\/\/tvalaire.com\/index.php?rest_route=\/wp\/v2\/media\/10639"}],"wp:attachment":[{"href":"http:\/\/tvalaire.com\/index.php?rest_route=%2Fwp%2Fv2%2Fmedia&parent=10636"}],"wp:term":[{"taxonomy":"category","embeddable":true,"href":"http:\/\/tvalaire.com\/index.php?rest_route=%2Fwp%2Fv2%2Fcategories&post=10636"},{"taxonomy":"post_tag","embeddable":true,"href":"http:\/\/tvalaire.com\/index.php?rest_route=%2Fwp%2Fv2%2Ftags&post=10636"}],"curies":[{"name":"wp","href":"https:\/\/api.w.org\/{rel}","templated":true}]}}