{"id":10620,"date":"2022-09-27T09:30:00","date_gmt":"2022-09-27T14:30:00","guid":{"rendered":"http:\/\/tvalaire.com\/?p=10620"},"modified":"2022-09-30T09:36:03","modified_gmt":"2022-09-30T14:36:03","slug":"segunda-entrega-de-aparatos-funcionales-en-dif-beneficia-29-familias-piedadenses","status":"publish","type":"post","link":"http:\/\/tvalaire.com\/?p=10620","title":{"rendered":"SEGUNDA ENTREGA DE APARATOS FUNCIONALES EN DIF BENEFICIA 29 FAMILIAS PIEDADENSES"},"content":{"rendered":"\n<p><\/p>\n\n\n\n<ul class=\"wp-block-list\"><li><strong>Con emisi\u00f3n anterior simplifican movilidad de m\u00e1s de 81 ciudadanos con discapacidades<\/strong><\/li><\/ul>\n\n\n\n<p>Con el objetivo de desvanecer las dificultades de movilidad para las personas en situaci\u00f3n de discapacidad, la presidenta del Sistema Municipal para el Desarrollo Integral de la Familia (DIF) en La Piedad, la se\u00f1ora Margarita Montes y el alcalde del mismo municipio, Samuel Hidalgo,realizaron la donaci\u00f3n de una serie de aparatos funcionales, que se destinaron a 29 piedadenses con rezago.<\/p>\n\n\n\n<p>Al no contar con medidas de apoyoadecuadas para desarrollar sus actividades o adquirir los insumos, ciudadanos provenientes de la zona rural como urbana, se\u00f1al\u00f3 la directora de SM DIF, Vanessa Caratachea, fueron abastecidos respectivamente de acuerdo a sus necesidades de adaptaci\u00f3n: con cuatro sillas de ruedas, cinco bastones de 4 puntos, siete de un punto, cuatro m\u00e1s para personas ciegas, dos andaderas, cinco pares de muletas y dos aparatos auditivos.<\/p>\n\n\n\n<p>Igual n\u00famero de familias ver\u00e1n simplificado el desplazamiento de sus allegados que presentan alguna discapacidad; es de importancia recordar que, este evento se suma a otra oportunidad en la que tambi\u00e9n se desprendieron recursos de la especie el pasado 15 de julio del presente a\u00f1o, con la entrega de 52 art\u00edculos diversos; logrando DIF, mejorar el diario vivir de 81 ciudadanos en los \u00faltimos dos meses.<\/p>\n\n\n\n<p>El presidente Samuel Hidalgo, recalc\u00f3 sobre la importancia que adquieren los art\u00edculos de apoyo en la vida de los beneficiarios: \u201ccada silla se convierte en una parte importante para su vida diaria ya <a><\/a>que de esta manera ya es menos complicado su traslado para ellos y tambi\u00e9n para sus familiares\u201d, durante la actividad llevada a la marcha en las instalaciones del organismo.<\/p>\n\n\n\n<figure class=\"wp-block-image size-large is-style-default\"><img loading=\"lazy\" decoding=\"async\" width=\"1024\" height=\"682\" src=\"http:\/\/tvalaire.com\/wp-content\/uploads\/2022\/09\/1-2-3-1024x682.jpeg\" alt=\"\" class=\"wp-image-10632\" srcset=\"http:\/\/tvalaire.com\/wp-content\/uploads\/2022\/09\/1-2-3-1024x682.jpeg 1024w, http:\/\/tvalaire.com\/wp-content\/uploads\/2022\/09\/1-2-3-300x200.jpeg 300w, http:\/\/tvalaire.com\/wp-content\/uploads\/2022\/09\/1-2-3-768x512.jpeg 768w, http:\/\/tvalaire.com\/wp-content\/uploads\/2022\/09\/1-2-3.jpeg 1280w\" sizes=\"(max-width: 1024px) 100vw, 1024px\" \/><\/figure>\n\n\n\n<p><\/p>\n\n\n\n<figure class=\"wp-block-image size-large is-style-default\"><img loading=\"lazy\" decoding=\"async\" width=\"1024\" height=\"682\" src=\"http:\/\/tvalaire.com\/wp-content\/uploads\/2022\/09\/WhatsApp-Image-2022-09-27-at-9.49.53-AM-1024x682.jpeg\" alt=\"\" class=\"wp-image-10633\" srcset=\"http:\/\/tvalaire.com\/wp-content\/uploads\/2022\/09\/WhatsApp-Image-2022-09-27-at-9.49.53-AM-1024x682.jpeg 1024w, http:\/\/tvalaire.com\/wp-content\/uploads\/2022\/09\/WhatsApp-Image-2022-09-27-at-9.49.53-AM-300x200.jpeg 300w, http:\/\/tvalaire.com\/wp-content\/uploads\/2022\/09\/WhatsApp-Image-2022-09-27-at-9.49.53-AM-768x512.jpeg 768w, http:\/\/tvalaire.com\/wp-content\/uploads\/2022\/09\/WhatsApp-Image-2022-09-27-at-9.49.53-AM.jpeg 1280w\" sizes=\"(max-width: 1024px) 100vw, 1024px\" \/><\/figure>\n\n\n\n<p><\/p>\n\n\n\n<figure class=\"wp-block-image size-large is-style-default\"><img loading=\"lazy\" decoding=\"async\" width=\"1024\" height=\"682\" src=\"http:\/\/tvalaire.com\/wp-content\/uploads\/2022\/09\/1-4-1-1024x682.jpeg\" alt=\"\" class=\"wp-image-10634\" srcset=\"http:\/\/tvalaire.com\/wp-content\/uploads\/2022\/09\/1-4-1-1024x682.jpeg 1024w, http:\/\/tvalaire.com\/wp-content\/uploads\/2022\/09\/1-4-1-300x200.jpeg 300w, http:\/\/tvalaire.com\/wp-content\/uploads\/2022\/09\/1-4-1-768x512.jpeg 768w, http:\/\/tvalaire.com\/wp-content\/uploads\/2022\/09\/1-4-1.jpeg 1280w\" sizes=\"(max-width: 1024px) 100vw, 1024px\" \/><\/figure>\n","protected":false},"excerpt":{"rendered":"<p>Con emisi\u00f3n anterior simplifican movilidad de m\u00e1s de 81 ciudadanos con discapacidades Con el objetivo&#8230;<\/p>\n","protected":false},"author":1,"featured_media":10631,"comment_status":"open","ping_status":"open","sticky":false,"template":"","format":"standard","meta":{"jetpack_post_was_ever_published":false,"_jetpack_newsletter_access":"","_jetpack_dont_email_post_to_subs":false,"_jetpack_newsletter_tier_id":0,"_jetpack_memberships_contains_paywalled_content":false,"_jetpack_memberships_contains_paid_content":false,"footnotes":"","jetpack_publicize_message":"","jetpack_publicize_feature_enabled":true,"jetpack_social_post_already_shared":true,"jetpack_social_options":{"image_generator_settings":{"template":"highway","enabled":false},"version":2}},"categories":[1],"tags":[15],"class_list":["post-10620","post","type-post","status-publish","format-standard","has-post-thumbnail","hentry","category-la-piedad","tag-la-piedad"],"jetpack_publicize_connections":[],"jetpack_sharing_enabled":true,"featured_image_urls":{"full":["http:\/\/tvalaire.com\/wp-content\/uploads\/2022\/09\/1-3-2.jpeg",1234,823,false],"thumbnail":["http:\/\/tvalaire.com\/wp-content\/uploads\/2022\/09\/1-3-2-150x150.jpeg",150,150,true],"medium":["http:\/\/tvalaire.com\/wp-content\/uploads\/2022\/09\/1-3-2-300x200.jpeg",300,200,true],"medium_large":["http:\/\/tvalaire.com\/wp-content\/uploads\/2022\/09\/1-3-2-768x512.jpeg",640,427,true],"large":["http:\/\/tvalaire.com\/wp-content\/uploads\/2022\/09\/1-3-2-1024x683.jpeg",640,427,true],"post-slider-thumb-size":["http:\/\/tvalaire.com\/wp-content\/uploads\/2022\/09\/1-3-2-330x190.jpeg",330,190,true],"post-category-slider-size":["http:\/\/tvalaire.com\/wp-content\/uploads\/2022\/09\/1-3-2.jpeg",330,220,false],"1536x1536":["http:\/\/tvalaire.com\/wp-content\/uploads\/2022\/09\/1-3-2.jpeg",1234,823,false],"2048x2048":["http:\/\/tvalaire.com\/wp-content\/uploads\/2022\/09\/1-3-2.jpeg",1234,823,false],"newsium-slider-full":["http:\/\/tvalaire.com\/wp-content\/uploads\/2022\/09\/1-3-2.jpeg",1234,823,false],"newsium-featured":["http:\/\/tvalaire.com\/wp-content\/uploads\/2022\/09\/1-3-2-1024x683.jpeg",1024,683,true],"newsium-medium":["http:\/\/tvalaire.com\/wp-content\/uploads\/2022\/09\/1-3-2-720x475.jpeg",720,475,true]},"author_info":{"info":["tvalairenoti"]},"category_info":"<a href=\"http:\/\/tvalaire.com\/?cat=1\" rel=\"category\">La Piedad<\/a>","tag_info":"La Piedad","comment_count":"0","jetpack_featured_media_url":"http:\/\/tvalaire.com\/wp-content\/uploads\/2022\/09\/1-3-2.jpeg","_links":{"self":[{"href":"http:\/\/tvalaire.com\/index.php?rest_route=\/wp\/v2\/posts\/10620"}],"collection":[{"href":"http:\/\/tvalaire.com\/index.php?rest_route=\/wp\/v2\/posts"}],"about":[{"href":"http:\/\/tvalaire.com\/index.php?rest_route=\/wp\/v2\/types\/post"}],"author":[{"embeddable":true,"href":"http:\/\/tvalaire.com\/index.php?rest_route=\/wp\/v2\/users\/1"}],"replies":[{"embeddable":true,"href":"http:\/\/tvalaire.com\/index.php?rest_route=%2Fwp%2Fv2%2Fcomments&post=10620"}],"version-history":[{"count":1,"href":"http:\/\/tvalaire.com\/index.php?rest_route=\/wp\/v2\/posts\/10620\/revisions"}],"predecessor-version":[{"id":10635,"href":"http:\/\/tvalaire.com\/index.php?rest_route=\/wp\/v2\/posts\/10620\/revisions\/10635"}],"wp:featuredmedia":[{"embeddable":true,"href":"http:\/\/tvalaire.com\/index.php?rest_route=\/wp\/v2\/media\/10631"}],"wp:attachment":[{"href":"http:\/\/tvalaire.com\/index.php?rest_route=%2Fwp%2Fv2%2Fmedia&parent=10620"}],"wp:term":[{"taxonomy":"category","embeddable":true,"href":"http:\/\/tvalaire.com\/index.php?rest_route=%2Fwp%2Fv2%2Fcategories&post=10620"},{"taxonomy":"post_tag","embeddable":true,"href":"http:\/\/tvalaire.com\/index.php?rest_route=%2Fwp%2Fv2%2Ftags&post=10620"}],"curies":[{"name":"wp","href":"https:\/\/api.w.org\/{rel}","templated":true}]}}