{"id":10618,"date":"2022-09-26T09:30:00","date_gmt":"2022-09-26T14:30:00","guid":{"rendered":"http:\/\/tvalaire.com\/?p=10618"},"modified":"2022-09-30T09:33:40","modified_gmt":"2022-09-30T14:33:40","slug":"exito-total-en-la-primera-edicion-del-festival-del-taco-y-la-torta","status":"publish","type":"post","link":"http:\/\/tvalaire.com\/?p=10618","title":{"rendered":"\u00c9XITO TOTAL EN LA PRIMERA EDICI\u00d3N DEL FESTIVAL DEL TACO Y LA TORTA"},"content":{"rendered":"\n<p><\/p>\n\n\n\n<ul class=\"wp-block-list\"><li><strong>\u201cPropiciar espacios para la uni\u00f3n familiar y la reactivaci\u00f3n econ\u00f3mica\u201d: Samuel Hidalgo<\/strong><\/li><li><strong>Comida, m\u00fasica en vivo, pabell\u00f3n artesanal y zona infantil para familias piedadenses<\/strong><\/li><\/ul>\n\n\n\n<p>Con la asistencia de alrededor de cuatro mil piedadenses, el gobierno municipal a trav\u00e9s de la Direcci\u00f3n de Promoci\u00f3n Econ\u00f3mica y Turismo llev\u00f3 a cabo la primera edici\u00f3n del festival del Taco y la Torta en el centro hist\u00f3rico del municipio, donde hubo una excelente respuesta por parte de toda la ciudadan\u00eda.<\/p>\n\n\n\n<p>El presidente municipal Samuel Hidalgo, coment\u00f3 que le apuesta a que las familias ocupen nuevamente los espacios p\u00fablicos que propician la uni\u00f3n familiar, as\u00ed como la reactivaci\u00f3n econ\u00f3mica que estos generan.<\/p>\n\n\n\n<p>El festival cont\u00f3 la participaci\u00f3n de 20 puestos de comida, entre ellos: tacos de barbacoa, pastor, tripa, bistec, chorizo, as\u00ed como tortas de vapor y ahogadas, por mencionar algunos; as\u00ed mismo hubo m\u00fasica en vivo, pabell\u00f3n artesanal y zona infantil para que todos disfrutar\u00e1n del evento.<\/p>\n\n\n\n<p>Por su parte, se entreg\u00f3 un reconcomiendo a Rafael Hern\u00e1ndez Rizo por sus 58 a\u00f1os de trayectoria vendiendo sus famosas tortas; al igual se otorgaron reconocimientos a los participantes del festival, quien con disposici\u00f3n y entusiasmo formaron parte de su primera edici\u00f3n.<\/p>\n\n\n\n<figure class=\"wp-block-image size-large is-style-default\"><img loading=\"lazy\" decoding=\"async\" width=\"1024\" height=\"682\" src=\"http:\/\/tvalaire.com\/wp-content\/uploads\/2022\/09\/1-3-1-1024x682.jpeg\" alt=\"\" class=\"wp-image-10626\" srcset=\"http:\/\/tvalaire.com\/wp-content\/uploads\/2022\/09\/1-3-1-1024x682.jpeg 1024w, http:\/\/tvalaire.com\/wp-content\/uploads\/2022\/09\/1-3-1-300x200.jpeg 300w, http:\/\/tvalaire.com\/wp-content\/uploads\/2022\/09\/1-3-1-768x512.jpeg 768w, http:\/\/tvalaire.com\/wp-content\/uploads\/2022\/09\/1-3-1.jpeg 1280w\" sizes=\"(max-width: 1024px) 100vw, 1024px\" \/><\/figure>\n\n\n\n<p><\/p>\n\n\n\n<figure class=\"wp-block-image size-large is-style-default\"><img loading=\"lazy\" decoding=\"async\" width=\"1024\" height=\"682\" src=\"http:\/\/tvalaire.com\/wp-content\/uploads\/2022\/09\/1-5-1024x682.jpeg\" alt=\"\" class=\"wp-image-10627\" srcset=\"http:\/\/tvalaire.com\/wp-content\/uploads\/2022\/09\/1-5-1024x682.jpeg 1024w, http:\/\/tvalaire.com\/wp-content\/uploads\/2022\/09\/1-5-300x200.jpeg 300w, http:\/\/tvalaire.com\/wp-content\/uploads\/2022\/09\/1-5-768x512.jpeg 768w, http:\/\/tvalaire.com\/wp-content\/uploads\/2022\/09\/1-5.jpeg 1280w\" sizes=\"(max-width: 1024px) 100vw, 1024px\" \/><\/figure>\n","protected":false},"excerpt":{"rendered":"<p>\u201cPropiciar espacios para la uni\u00f3n familiar y la reactivaci\u00f3n econ\u00f3mica\u201d: Samuel Hidalgo Comida, m\u00fasica en&#8230;<\/p>\n","protected":false},"author":1,"featured_media":10625,"comment_status":"open","ping_status":"open","sticky":false,"template":"","format":"standard","meta":{"jetpack_post_was_ever_published":false,"_jetpack_newsletter_access":"","_jetpack_dont_email_post_to_subs":false,"_jetpack_newsletter_tier_id":0,"_jetpack_memberships_contains_paywalled_content":false,"_jetpack_memberships_contains_paid_content":false,"footnotes":"","jetpack_publicize_message":"","jetpack_publicize_feature_enabled":true,"jetpack_social_post_already_shared":true,"jetpack_social_options":{"image_generator_settings":{"template":"highway","enabled":false},"version":2}},"categories":[1],"tags":[15],"class_list":["post-10618","post","type-post","status-publish","format-standard","has-post-thumbnail","hentry","category-la-piedad","tag-la-piedad"],"jetpack_publicize_connections":[],"jetpack_sharing_enabled":true,"featured_image_urls":{"full":["http:\/\/tvalaire.com\/wp-content\/uploads\/2022\/09\/1-1-6.jpeg",1280,853,false],"thumbnail":["http:\/\/tvalaire.com\/wp-content\/uploads\/2022\/09\/1-1-6-150x150.jpeg",150,150,true],"medium":["http:\/\/tvalaire.com\/wp-content\/uploads\/2022\/09\/1-1-6-300x200.jpeg",300,200,true],"medium_large":["http:\/\/tvalaire.com\/wp-content\/uploads\/2022\/09\/1-1-6-768x512.jpeg",640,427,true],"large":["http:\/\/tvalaire.com\/wp-content\/uploads\/2022\/09\/1-1-6-1024x682.jpeg",640,426,true],"post-slider-thumb-size":["http:\/\/tvalaire.com\/wp-content\/uploads\/2022\/09\/1-1-6-330x190.jpeg",330,190,true],"post-category-slider-size":["http:\/\/tvalaire.com\/wp-content\/uploads\/2022\/09\/1-1-6.jpeg",330,220,false],"1536x1536":["http:\/\/tvalaire.com\/wp-content\/uploads\/2022\/09\/1-1-6.jpeg",1280,853,false],"2048x2048":["http:\/\/tvalaire.com\/wp-content\/uploads\/2022\/09\/1-1-6.jpeg",1280,853,false],"newsium-slider-full":["http:\/\/tvalaire.com\/wp-content\/uploads\/2022\/09\/1-1-6-1280x845.jpeg",1280,845,true],"newsium-featured":["http:\/\/tvalaire.com\/wp-content\/uploads\/2022\/09\/1-1-6-1024x682.jpeg",1024,682,true],"newsium-medium":["http:\/\/tvalaire.com\/wp-content\/uploads\/2022\/09\/1-1-6-720x475.jpeg",720,475,true]},"author_info":{"info":["tvalairenoti"]},"category_info":"<a href=\"http:\/\/tvalaire.com\/?cat=1\" rel=\"category\">La Piedad<\/a>","tag_info":"La Piedad","comment_count":"0","jetpack_featured_media_url":"http:\/\/tvalaire.com\/wp-content\/uploads\/2022\/09\/1-1-6.jpeg","_links":{"self":[{"href":"http:\/\/tvalaire.com\/index.php?rest_route=\/wp\/v2\/posts\/10618"}],"collection":[{"href":"http:\/\/tvalaire.com\/index.php?rest_route=\/wp\/v2\/posts"}],"about":[{"href":"http:\/\/tvalaire.com\/index.php?rest_route=\/wp\/v2\/types\/post"}],"author":[{"embeddable":true,"href":"http:\/\/tvalaire.com\/index.php?rest_route=\/wp\/v2\/users\/1"}],"replies":[{"embeddable":true,"href":"http:\/\/tvalaire.com\/index.php?rest_route=%2Fwp%2Fv2%2Fcomments&post=10618"}],"version-history":[{"count":1,"href":"http:\/\/tvalaire.com\/index.php?rest_route=\/wp\/v2\/posts\/10618\/revisions"}],"predecessor-version":[{"id":10628,"href":"http:\/\/tvalaire.com\/index.php?rest_route=\/wp\/v2\/posts\/10618\/revisions\/10628"}],"wp:featuredmedia":[{"embeddable":true,"href":"http:\/\/tvalaire.com\/index.php?rest_route=\/wp\/v2\/media\/10625"}],"wp:attachment":[{"href":"http:\/\/tvalaire.com\/index.php?rest_route=%2Fwp%2Fv2%2Fmedia&parent=10618"}],"wp:term":[{"taxonomy":"category","embeddable":true,"href":"http:\/\/tvalaire.com\/index.php?rest_route=%2Fwp%2Fv2%2Fcategories&post=10618"},{"taxonomy":"post_tag","embeddable":true,"href":"http:\/\/tvalaire.com\/index.php?rest_route=%2Fwp%2Fv2%2Ftags&post=10618"}],"curies":[{"name":"wp","href":"https:\/\/api.w.org\/{rel}","templated":true}]}}