{"id":10617,"date":"2022-09-23T09:30:00","date_gmt":"2022-09-23T14:30:00","guid":{"rendered":"http:\/\/tvalaire.com\/?p=10617"},"modified":"2022-09-30T09:31:57","modified_gmt":"2022-09-30T14:31:57","slug":"este-domingo-se-realizara-la-primera-edicion-del-festival-del-taco-y-la-torta","status":"publish","type":"post","link":"http:\/\/tvalaire.com\/?p=10617","title":{"rendered":"ESTE DOMINGO SE REALIZAR\u00c1 LA PRIMERA EDICI\u00d3N DEL FESTIVAL DEL TACO Y LA TORTA"},"content":{"rendered":"\n<p><\/p>\n\n\n\n<ul class=\"wp-block-list\"><li><strong>Domingo 25 de septiembre en el centro hist\u00f3rico a partir de las 10:00 am<\/strong><\/li><li><strong>Generar espacios familiares <a><\/a>e impulsar a la econom\u00eda<\/strong><\/li><\/ul>\n\n\n\n<p>Durante el mes patrio el Gobierno Municipal de La Piedad organiz\u00f3 diversas actividades que propiciaron la uni\u00f3n familiar y el sano desarrollo, por ello como parte del programa del bando patrio y a trav\u00e9s de la Direcci\u00f3n de Promoci\u00f3n Econ\u00f3mica y Turismo, se llevar\u00e1 a cabo la Primera Edici\u00f3n del Festival del Taco y la Torta en La Piedad.<\/p>\n\n\n\n<p>El festival tendr\u00e1 lugar en el centro hist\u00f3rico del municipio este domingo 25 de septiembre a partir de las 10:00 de la ma\u00f1ana, donde se contar\u00e1 con la participaci\u00f3n de veinte puestos gastron\u00f3micos tradicionalesde la ciudad, adem\u00e1s de contar con actividades recreativas para ni\u00f1os y ambientaci\u00f3n musical para toda la familia.<\/p>\n\n\n\n<p>El objetivo de este festival es propiciar espacios de convivencia familiar e impulsar los comercios locales a trav\u00e9s de la realizaci\u00f3n del evento, por ello, se contar\u00e1 con una gran diversidad de puestos, entre ellos, tacos de: carnitas, pastor, harina, cabeza, tripa, barbacoa, de pescado, veganos, suaves y dorados, as\u00ed como tortas ahogadas, de vapor y planchadas.<\/p>\n\n\n\n<p>Por su parte, se hace una cordial invitaci\u00f3n para que todos los piedadenses participen en la primera edici\u00f3n del Festival del Taco y la Torta y aspi vivir un rato agradable en compa\u00f1\u00eda de su familia.<\/p>\n","protected":false},"excerpt":{"rendered":"<p>Domingo 25 de septiembre en el centro hist\u00f3rico a partir de las 10:00 am Generar&#8230;<\/p>\n","protected":false},"author":1,"featured_media":10623,"comment_status":"open","ping_status":"open","sticky":false,"template":"","format":"standard","meta":{"jetpack_post_was_ever_published":false,"_jetpack_newsletter_access":"","_jetpack_dont_email_post_to_subs":false,"_jetpack_newsletter_tier_id":0,"_jetpack_memberships_contains_paywalled_content":false,"_jetpack_memberships_contains_paid_content":false,"footnotes":"","jetpack_publicize_message":"","jetpack_publicize_feature_enabled":true,"jetpack_social_post_already_shared":true,"jetpack_social_options":{"image_generator_settings":{"template":"highway","enabled":false},"version":2}},"categories":[1],"tags":[15],"class_list":["post-10617","post","type-post","status-publish","format-standard","has-post-thumbnail","hentry","category-la-piedad","tag-la-piedad"],"jetpack_publicize_connections":[],"jetpack_sharing_enabled":true,"featured_image_urls":{"full":["http:\/\/tvalaire.com\/wp-content\/uploads\/2022\/09\/WhatsApp-Image-2022-09-08-at-11.04.47-AM.jpeg",1066,1599,false],"thumbnail":["http:\/\/tvalaire.com\/wp-content\/uploads\/2022\/09\/WhatsApp-Image-2022-09-08-at-11.04.47-AM-150x150.jpeg",150,150,true],"medium":["http:\/\/tvalaire.com\/wp-content\/uploads\/2022\/09\/WhatsApp-Image-2022-09-08-at-11.04.47-AM-200x300.jpeg",200,300,true],"medium_large":["http:\/\/tvalaire.com\/wp-content\/uploads\/2022\/09\/WhatsApp-Image-2022-09-08-at-11.04.47-AM-768x1152.jpeg",640,960,true],"large":["http:\/\/tvalaire.com\/wp-content\/uploads\/2022\/09\/WhatsApp-Image-2022-09-08-at-11.04.47-AM-683x1024.jpeg",640,960,true],"post-slider-thumb-size":["http:\/\/tvalaire.com\/wp-content\/uploads\/2022\/09\/WhatsApp-Image-2022-09-08-at-11.04.47-AM-330x190.jpeg",330,190,true],"post-category-slider-size":["http:\/\/tvalaire.com\/wp-content\/uploads\/2022\/09\/WhatsApp-Image-2022-09-08-at-11.04.47-AM.jpeg",233,350,false],"1536x1536":["http:\/\/tvalaire.com\/wp-content\/uploads\/2022\/09\/WhatsApp-Image-2022-09-08-at-11.04.47-AM-1024x1536.jpeg",1024,1536,true],"2048x2048":["http:\/\/tvalaire.com\/wp-content\/uploads\/2022\/09\/WhatsApp-Image-2022-09-08-at-11.04.47-AM.jpeg",1066,1599,false],"newsium-slider-full":["http:\/\/tvalaire.com\/wp-content\/uploads\/2022\/09\/WhatsApp-Image-2022-09-08-at-11.04.47-AM-1066x845.jpeg",1066,845,true],"newsium-featured":["http:\/\/tvalaire.com\/wp-content\/uploads\/2022\/09\/WhatsApp-Image-2022-09-08-at-11.04.47-AM-1024x1536.jpeg",1024,1536,true],"newsium-medium":["http:\/\/tvalaire.com\/wp-content\/uploads\/2022\/09\/WhatsApp-Image-2022-09-08-at-11.04.47-AM-720x475.jpeg",720,475,true]},"author_info":{"info":["tvalairenoti"]},"category_info":"<a href=\"http:\/\/tvalaire.com\/?cat=1\" rel=\"category\">La Piedad<\/a>","tag_info":"La Piedad","comment_count":"0","jetpack_featured_media_url":"http:\/\/tvalaire.com\/wp-content\/uploads\/2022\/09\/WhatsApp-Image-2022-09-08-at-11.04.47-AM.jpeg","_links":{"self":[{"href":"http:\/\/tvalaire.com\/index.php?rest_route=\/wp\/v2\/posts\/10617"}],"collection":[{"href":"http:\/\/tvalaire.com\/index.php?rest_route=\/wp\/v2\/posts"}],"about":[{"href":"http:\/\/tvalaire.com\/index.php?rest_route=\/wp\/v2\/types\/post"}],"author":[{"embeddable":true,"href":"http:\/\/tvalaire.com\/index.php?rest_route=\/wp\/v2\/users\/1"}],"replies":[{"embeddable":true,"href":"http:\/\/tvalaire.com\/index.php?rest_route=%2Fwp%2Fv2%2Fcomments&post=10617"}],"version-history":[{"count":1,"href":"http:\/\/tvalaire.com\/index.php?rest_route=\/wp\/v2\/posts\/10617\/revisions"}],"predecessor-version":[{"id":10624,"href":"http:\/\/tvalaire.com\/index.php?rest_route=\/wp\/v2\/posts\/10617\/revisions\/10624"}],"wp:featuredmedia":[{"embeddable":true,"href":"http:\/\/tvalaire.com\/index.php?rest_route=\/wp\/v2\/media\/10623"}],"wp:attachment":[{"href":"http:\/\/tvalaire.com\/index.php?rest_route=%2Fwp%2Fv2%2Fmedia&parent=10617"}],"wp:term":[{"taxonomy":"category","embeddable":true,"href":"http:\/\/tvalaire.com\/index.php?rest_route=%2Fwp%2Fv2%2Fcategories&post=10617"},{"taxonomy":"post_tag","embeddable":true,"href":"http:\/\/tvalaire.com\/index.php?rest_route=%2Fwp%2Fv2%2Ftags&post=10617"}],"curies":[{"name":"wp","href":"https:\/\/api.w.org\/{rel}","templated":true}]}}