{"id":10581,"date":"2022-09-05T08:57:00","date_gmt":"2022-09-05T13:57:00","guid":{"rendered":"http:\/\/tvalaire.com\/?p=10581"},"modified":"2022-09-30T09:02:10","modified_gmt":"2022-09-30T14:02:10","slug":"realizan-presentacion-de-candidatas-a-reina-fiestas-patrias-2022","status":"publish","type":"post","link":"http:\/\/tvalaire.com\/?p=10581","title":{"rendered":"REALIZAN PRESENTACI\u00d3N DE CANDIDATAS A REINA FIESTAS PATRIAS 2022"},"content":{"rendered":"\n<p><\/p>\n\n\n\n<ul class=\"wp-block-list\"><li><strong>Plaza Principal de La Piedad engalanada con festividades patrias<\/strong><\/li><\/ul>\n\n\n\n<p>La plaza principal de La Piedad se engalan\u00f3 con la presentaci\u00f3n de las 6 candidatas a Reina Fiestas Patrias 2022, evento al cual tuvo lugar el presidente municipal Samuel Hidalgo, acompa\u00f1ado de su esposa Margarita Montes Vel\u00e1zquez presidenta del DIF municipal.<\/p>\n\n\n\n<p>Por su parte, las aspirantes a reinas, se presentaron ante el p\u00fablico piedadense, quienes con mucho \u00e1nimo disfrutaron de este evento, que, a su vez, cont\u00f3 con la participaci\u00f3n musical de un mariachi que sin duda hizo sentir el \u00e1nimo del mes patrio.<\/p>\n\n\n\n<p>Las seis bellas candidatas son: Karen Luc\u00eda Galv\u00e1n Hern\u00e1ndez23 a\u00f1os<a><\/a>quien actualmente cursa la Maestr\u00eda en Educaci\u00f3n, Paola V\u00e1zquez Gonz\u00e1lez16 a\u00f1os estudiante de preparatoria en el bachillerato de Ciencias Biom\u00e9dicas, Emily M\u00e1rquez Reyes21 a\u00f1os estudiante de Licenciatura en Contabilidad,&nbsp; NahomiTafolla Ruiz19 a\u00f1osegresada de bachillerato de Ciencias Sociales y aspirante a la carrera de Lenguas Extranjeras, Montserrat Guadalupe Rodr\u00edguez Campos19 a\u00f1osestudiante de la Licenciatura en Enfermer\u00eda y Zafiro Montserrat Villalobos \u00c1vila17 a\u00f1os estudiante de preparatoria.<\/p>\n\n\n\n<p>Cada una de las chicas, contar\u00e1 con la preparaci\u00f3n correspondiente para poder desempe\u00f1arse la mejor manera, ya que el prop\u00f3sito de este certamen es que se represente a la mujer piedadenses, tanto en belleza como en la parte intelectual y cultural que hace grande al municipio de La Piedad.<\/p>\n\n\n\n<figure class=\"wp-block-image size-large is-style-default\"><img loading=\"lazy\" decoding=\"async\" width=\"1024\" height=\"681\" src=\"http:\/\/tvalaire.com\/wp-content\/uploads\/2022\/09\/WhatsApp-Image-2022-09-04-at-11.00.22-PM-1-1024x681.jpeg\" alt=\"\" class=\"wp-image-10589\" srcset=\"http:\/\/tvalaire.com\/wp-content\/uploads\/2022\/09\/WhatsApp-Image-2022-09-04-at-11.00.22-PM-1-1024x681.jpeg 1024w, http:\/\/tvalaire.com\/wp-content\/uploads\/2022\/09\/WhatsApp-Image-2022-09-04-at-11.00.22-PM-1-300x199.jpeg 300w, http:\/\/tvalaire.com\/wp-content\/uploads\/2022\/09\/WhatsApp-Image-2022-09-04-at-11.00.22-PM-1-768x511.jpeg 768w, http:\/\/tvalaire.com\/wp-content\/uploads\/2022\/09\/WhatsApp-Image-2022-09-04-at-11.00.22-PM-1.jpeg 1280w\" sizes=\"(max-width: 1024px) 100vw, 1024px\" \/><\/figure>\n","protected":false},"excerpt":{"rendered":"<p>Plaza Principal de La Piedad engalanada con festividades patrias La plaza principal de La Piedad&#8230;<\/p>\n","protected":false},"author":1,"featured_media":10588,"comment_status":"open","ping_status":"open","sticky":false,"template":"","format":"standard","meta":{"jetpack_post_was_ever_published":false,"_jetpack_newsletter_access":"","_jetpack_dont_email_post_to_subs":false,"_jetpack_newsletter_tier_id":0,"_jetpack_memberships_contains_paywalled_content":false,"_jetpack_memberships_contains_paid_content":false,"footnotes":"","jetpack_publicize_message":"","jetpack_publicize_feature_enabled":true,"jetpack_social_post_already_shared":true,"jetpack_social_options":{"image_generator_settings":{"template":"highway","enabled":false},"version":2}},"categories":[1],"tags":[15],"class_list":["post-10581","post","type-post","status-publish","format-standard","has-post-thumbnail","hentry","category-la-piedad","tag-la-piedad"],"jetpack_publicize_connections":[],"jetpack_sharing_enabled":true,"featured_image_urls":{"full":["http:\/\/tvalaire.com\/wp-content\/uploads\/2022\/09\/WhatsApp-Image-2022-09-04-at-11.00.27-PM.jpeg",1280,851,false],"thumbnail":["http:\/\/tvalaire.com\/wp-content\/uploads\/2022\/09\/WhatsApp-Image-2022-09-04-at-11.00.27-PM-150x150.jpeg",150,150,true],"medium":["http:\/\/tvalaire.com\/wp-content\/uploads\/2022\/09\/WhatsApp-Image-2022-09-04-at-11.00.27-PM-300x199.jpeg",300,199,true],"medium_large":["http:\/\/tvalaire.com\/wp-content\/uploads\/2022\/09\/WhatsApp-Image-2022-09-04-at-11.00.27-PM-768x511.jpeg",640,426,true],"large":["http:\/\/tvalaire.com\/wp-content\/uploads\/2022\/09\/WhatsApp-Image-2022-09-04-at-11.00.27-PM-1024x681.jpeg",640,426,true],"post-slider-thumb-size":["http:\/\/tvalaire.com\/wp-content\/uploads\/2022\/09\/WhatsApp-Image-2022-09-04-at-11.00.27-PM-330x190.jpeg",330,190,true],"post-category-slider-size":["http:\/\/tvalaire.com\/wp-content\/uploads\/2022\/09\/WhatsApp-Image-2022-09-04-at-11.00.27-PM.jpeg",330,219,false],"1536x1536":["http:\/\/tvalaire.com\/wp-content\/uploads\/2022\/09\/WhatsApp-Image-2022-09-04-at-11.00.27-PM.jpeg",1280,851,false],"2048x2048":["http:\/\/tvalaire.com\/wp-content\/uploads\/2022\/09\/WhatsApp-Image-2022-09-04-at-11.00.27-PM.jpeg",1280,851,false],"newsium-slider-full":["http:\/\/tvalaire.com\/wp-content\/uploads\/2022\/09\/WhatsApp-Image-2022-09-04-at-11.00.27-PM-1280x845.jpeg",1280,845,true],"newsium-featured":["http:\/\/tvalaire.com\/wp-content\/uploads\/2022\/09\/WhatsApp-Image-2022-09-04-at-11.00.27-PM-1024x681.jpeg",1024,681,true],"newsium-medium":["http:\/\/tvalaire.com\/wp-content\/uploads\/2022\/09\/WhatsApp-Image-2022-09-04-at-11.00.27-PM-720x475.jpeg",720,475,true]},"author_info":{"info":["tvalairenoti"]},"category_info":"<a href=\"http:\/\/tvalaire.com\/?cat=1\" rel=\"category\">La Piedad<\/a>","tag_info":"La Piedad","comment_count":"0","jetpack_featured_media_url":"http:\/\/tvalaire.com\/wp-content\/uploads\/2022\/09\/WhatsApp-Image-2022-09-04-at-11.00.27-PM.jpeg","_links":{"self":[{"href":"http:\/\/tvalaire.com\/index.php?rest_route=\/wp\/v2\/posts\/10581"}],"collection":[{"href":"http:\/\/tvalaire.com\/index.php?rest_route=\/wp\/v2\/posts"}],"about":[{"href":"http:\/\/tvalaire.com\/index.php?rest_route=\/wp\/v2\/types\/post"}],"author":[{"embeddable":true,"href":"http:\/\/tvalaire.com\/index.php?rest_route=\/wp\/v2\/users\/1"}],"replies":[{"embeddable":true,"href":"http:\/\/tvalaire.com\/index.php?rest_route=%2Fwp%2Fv2%2Fcomments&post=10581"}],"version-history":[{"count":1,"href":"http:\/\/tvalaire.com\/index.php?rest_route=\/wp\/v2\/posts\/10581\/revisions"}],"predecessor-version":[{"id":10590,"href":"http:\/\/tvalaire.com\/index.php?rest_route=\/wp\/v2\/posts\/10581\/revisions\/10590"}],"wp:featuredmedia":[{"embeddable":true,"href":"http:\/\/tvalaire.com\/index.php?rest_route=\/wp\/v2\/media\/10588"}],"wp:attachment":[{"href":"http:\/\/tvalaire.com\/index.php?rest_route=%2Fwp%2Fv2%2Fmedia&parent=10581"}],"wp:term":[{"taxonomy":"category","embeddable":true,"href":"http:\/\/tvalaire.com\/index.php?rest_route=%2Fwp%2Fv2%2Fcategories&post=10581"},{"taxonomy":"post_tag","embeddable":true,"href":"http:\/\/tvalaire.com\/index.php?rest_route=%2Fwp%2Fv2%2Ftags&post=10581"}],"curies":[{"name":"wp","href":"https:\/\/api.w.org\/{rel}","templated":true}]}}