{"id":10580,"date":"2022-09-05T08:57:00","date_gmt":"2022-09-05T13:57:00","guid":{"rendered":"http:\/\/tvalaire.com\/?p=10580"},"modified":"2022-09-30T08:59:33","modified_gmt":"2022-09-30T13:59:33","slug":"reconocen-a-artesanos-del-rebozo","status":"publish","type":"post","link":"http:\/\/tvalaire.com\/?p=10580","title":{"rendered":"RECONOCEN A ARTESANOS DEL REBOZO"},"content":{"rendered":"\n<p><\/p>\n\n\n\n<ul class=\"wp-block-list\"><li><strong>Habilidad artesanal que se transmite de generaci\u00f3n en generaci\u00f3n<\/strong><\/li><\/ul>\n\n\n\n<p>Dentro de las actividades del Bando Patrio 2022 y como cada primer domingo de septiembre, se realiz\u00f3 el homenaje a los artesanos del rebozo, para conmemorar la ardua labor que han realizado a lo largo de lo a\u00f1os; misma que fue reconocida en manos del presidente municipal Samuel Hidalgo.<\/p>\n\n\n\n<p>Dentro del evento el s\u00edndico municipal Esther Naranjo, manifest\u00f3 la importancia de honrar la cultura y tradici\u00f3n de nuestro municipio a trav\u00e9s de los artesanos piedadenses, quienes fabrican la prenda que nos resalta como municipio a nivel nacional e internacional.<\/p>\n\n\n\n<p>A los artesanos que se les entrego el reconocimiento por su importante labor, tambi\u00e9n se les celebr\u00f3 una misa para enmarcar esta importante fecha, y as\u00ed en compa\u00f1\u00eda de sus familiares fue como agradecieron el poder continuar con esta bella tradici\u00f3n.<\/p>\n","protected":false},"excerpt":{"rendered":"<p>Habilidad artesanal que se transmite de generaci\u00f3n en generaci\u00f3n Dentro de las actividades del Bando&#8230;<\/p>\n","protected":false},"author":1,"featured_media":10586,"comment_status":"open","ping_status":"open","sticky":false,"template":"","format":"standard","meta":{"jetpack_post_was_ever_published":false,"_jetpack_newsletter_access":"","_jetpack_dont_email_post_to_subs":false,"_jetpack_newsletter_tier_id":0,"_jetpack_memberships_contains_paywalled_content":false,"_jetpack_memberships_contains_paid_content":false,"footnotes":"","jetpack_publicize_message":"","jetpack_publicize_feature_enabled":true,"jetpack_social_post_already_shared":true,"jetpack_social_options":{"image_generator_settings":{"template":"highway","enabled":false},"version":2}},"categories":[1],"tags":[15],"class_list":["post-10580","post","type-post","status-publish","format-standard","has-post-thumbnail","hentry","category-la-piedad","tag-la-piedad"],"jetpack_publicize_connections":[],"jetpack_sharing_enabled":true,"featured_image_urls":{"full":["http:\/\/tvalaire.com\/wp-content\/uploads\/2022\/09\/1-1-2.jpeg",1280,853,false],"thumbnail":["http:\/\/tvalaire.com\/wp-content\/uploads\/2022\/09\/1-1-2-150x150.jpeg",150,150,true],"medium":["http:\/\/tvalaire.com\/wp-content\/uploads\/2022\/09\/1-1-2-300x200.jpeg",300,200,true],"medium_large":["http:\/\/tvalaire.com\/wp-content\/uploads\/2022\/09\/1-1-2-768x512.jpeg",640,427,true],"large":["http:\/\/tvalaire.com\/wp-content\/uploads\/2022\/09\/1-1-2-1024x682.jpeg",640,426,true],"post-slider-thumb-size":["http:\/\/tvalaire.com\/wp-content\/uploads\/2022\/09\/1-1-2-330x190.jpeg",330,190,true],"post-category-slider-size":["http:\/\/tvalaire.com\/wp-content\/uploads\/2022\/09\/1-1-2.jpeg",330,220,false],"1536x1536":["http:\/\/tvalaire.com\/wp-content\/uploads\/2022\/09\/1-1-2.jpeg",1280,853,false],"2048x2048":["http:\/\/tvalaire.com\/wp-content\/uploads\/2022\/09\/1-1-2.jpeg",1280,853,false],"newsium-slider-full":["http:\/\/tvalaire.com\/wp-content\/uploads\/2022\/09\/1-1-2-1280x845.jpeg",1280,845,true],"newsium-featured":["http:\/\/tvalaire.com\/wp-content\/uploads\/2022\/09\/1-1-2-1024x682.jpeg",1024,682,true],"newsium-medium":["http:\/\/tvalaire.com\/wp-content\/uploads\/2022\/09\/1-1-2-720x475.jpeg",720,475,true]},"author_info":{"info":["tvalairenoti"]},"category_info":"<a href=\"http:\/\/tvalaire.com\/?cat=1\" rel=\"category\">La Piedad<\/a>","tag_info":"La Piedad","comment_count":"0","jetpack_featured_media_url":"http:\/\/tvalaire.com\/wp-content\/uploads\/2022\/09\/1-1-2.jpeg","_links":{"self":[{"href":"http:\/\/tvalaire.com\/index.php?rest_route=\/wp\/v2\/posts\/10580"}],"collection":[{"href":"http:\/\/tvalaire.com\/index.php?rest_route=\/wp\/v2\/posts"}],"about":[{"href":"http:\/\/tvalaire.com\/index.php?rest_route=\/wp\/v2\/types\/post"}],"author":[{"embeddable":true,"href":"http:\/\/tvalaire.com\/index.php?rest_route=\/wp\/v2\/users\/1"}],"replies":[{"embeddable":true,"href":"http:\/\/tvalaire.com\/index.php?rest_route=%2Fwp%2Fv2%2Fcomments&post=10580"}],"version-history":[{"count":1,"href":"http:\/\/tvalaire.com\/index.php?rest_route=\/wp\/v2\/posts\/10580\/revisions"}],"predecessor-version":[{"id":10587,"href":"http:\/\/tvalaire.com\/index.php?rest_route=\/wp\/v2\/posts\/10580\/revisions\/10587"}],"wp:featuredmedia":[{"embeddable":true,"href":"http:\/\/tvalaire.com\/index.php?rest_route=\/wp\/v2\/media\/10586"}],"wp:attachment":[{"href":"http:\/\/tvalaire.com\/index.php?rest_route=%2Fwp%2Fv2%2Fmedia&parent=10580"}],"wp:term":[{"taxonomy":"category","embeddable":true,"href":"http:\/\/tvalaire.com\/index.php?rest_route=%2Fwp%2Fv2%2Fcategories&post=10580"},{"taxonomy":"post_tag","embeddable":true,"href":"http:\/\/tvalaire.com\/index.php?rest_route=%2Fwp%2Fv2%2Ftags&post=10580"}],"curies":[{"name":"wp","href":"https:\/\/api.w.org\/{rel}","templated":true}]}}