{"id":1058,"date":"2017-03-23T09:29:32","date_gmt":"2017-03-23T15:29:32","guid":{"rendered":"http:\/\/tvalaire.com\/?p=1058"},"modified":"2017-03-23T09:29:32","modified_gmt":"2017-03-23T15:29:32","slug":"celebran-autoridades-de-la-piedad-dia-internacional-del-agua","status":"publish","type":"post","link":"http:\/\/tvalaire.com\/?p=1058","title":{"rendered":"CELEBRAN AUTORIDADES DE LA PIEDAD D\u00cdA INTERNACIONAL DEL AGUA"},"content":{"rendered":"<p class=\"xmsonormal\" style=\"text-align: center; background: white;\" align=\"center\"><span style=\"font-size: 13.0pt; font-family: 'Segoe UI','sans-serif'; color: #212121;\">\u00a0<\/span><\/p>\n<p class=\"xmsonormal\" style=\"text-align: justify; background: white; font-variant-ligatures: normal; font-variant-caps: normal; orphans: 2; widows: 2; -webkit-text-stroke-width: 0px; word-spacing: 0px;\"><span style=\"font-family: 'Arial','sans-serif'; color: #212121;\">El municipio de La Piedad fue sede a nivel estatal para conmemorar el D\u00eda Mundial del Agua, autoridades del Gobierno local y en colaboraci\u00f3n con el Sistema de Agua Potable, Alcantarillado y Saneamiento (SAPAS) realizaron un acto c\u00edvico en el centro de la ciudad.<\/span><\/p>\n<p class=\"xmsonormal\" style=\"text-align: justify; background: white;\"><span style=\"font-family: 'Arial','sans-serif'; color: #212121;\">La fecha que ayer se celebro se recomend\u00f3 durante la Conferencia de las Naciones Unidas sobre el Medio Ambiente y el Desarrollo (CNUMAD) de 1992 en la ciudad de R\u00edo de Janeiro, La Asamblea General de las Naciones Unidas respondi\u00f3 a la recomendaci\u00f3n y design\u00f3 el 22 de marzo de 1993 como el primer D\u00eda Mundial del Agua.<\/span><\/p>\n<p class=\"xmsonormal\" style=\"text-align: justify; background: white;\"><span style=\"font-family: 'Arial','sans-serif'; color: #212121;\">Durante el acto celebrado este mi\u00e9rcoles 22 el S\u00edndico Municipal Nicol\u00e1s Hermosillo Garc\u00eda, en representaci\u00f3n del Presidente Juan Manuel Estrada Medina, felicit\u00f3 y reconoci\u00f3 en el organismo operador del agua el trabajo que hasta la fecha se ha logrado en favor de la poblaci\u00f3n en general.<\/span><\/p>\n<p class=\"xmsonormal\" style=\"text-align: justify; background: white;\"><span style=\"font-family: 'Arial','sans-serif'; color: #212121;\">Ah\u00ed el funcionario destac\u00f3 que \u201cEl agua es un elemento esencial del desarrollo sostenible, los recurso h\u00eddricos y la gama de servicios que presta, juegan un papel clave en la reducci\u00f3n de la pobreza, el crecimiento econ\u00f3mico y el sustento ambiental\u201d.<\/span><\/p>\n<p class=\"xmsonormal\" style=\"text-align: justify; background: white; font-variant-ligatures: normal; font-variant-caps: normal; orphans: 2; widows: 2; -webkit-text-stroke-width: 0px; word-spacing: 0px;\"><span style=\"font-family: 'Arial','sans-serif'; color: #212121;\">De igual manera reconoci\u00f3 a SAPAS por ser un organismo ejemplar a\u00a0 nivel nacional en relaci\u00f3n a la eficacia de sus servicios y el manejo del vital l\u00edquido, as\u00ed como destacar el tratamiento del 98 por ciento de las aguas residuales que hace el organismo en favor de la poblaci\u00f3n y del propio ambiente.<\/span><\/p>\n<p class=\"xmsonormal\" style=\"text-align: justify; background: white;\"><span style=\"font-family: 'Arial','sans-serif'; color: #212121;\">Por su parte el titular de la dependencia, Jorge Rubio Olivares, se dirigi\u00f3 a los presentes para invitarlos a trabajar en conjunto y promover una cultura del agua entre toda la poblaci\u00f3n y as\u00ed mismo contribuir en el resguardo y manejo responsable del l\u00edquido. Reconoci\u00f3 en las autoridades municipales el inter\u00e9s de colaboraci\u00f3n que han mostrado para que el organismo siga siendo referencia a nivel nacional.<\/span><\/p>\n<p class=\"xmsonormal\" style=\"text-align: justify; background: white;\"><span style=\"font-family: 'Arial','sans-serif'; color: #212121;\">Asimismo, durante el evento m\u00e1s de 500 ni\u00f1os de diferentes instituciones educativas juraron y se responsabilizaron de ser guardianes del agua y as\u00ed crear una cultura del agua entre familiares y amigos.<\/span><\/p>\n<p class=\"xmsonormal\" style=\"text-align: justify; background: white; font-variant-ligatures: normal; font-variant-caps: normal; orphans: 2; widows: 2; -webkit-text-stroke-width: 0px; word-spacing: 0px;\"><span style=\"font-size: 13.0pt; font-family: 'Segoe UI','sans-serif'; color: #212121;\">\u00a0<\/span><\/p>\n","protected":false},"excerpt":{"rendered":"<p>\u00a0 El municipio de La Piedad fue sede a nivel estatal para conmemorar el D\u00eda&#8230;<\/p>\n","protected":false},"author":1,"featured_media":1059,"comment_status":"open","ping_status":"open","sticky":false,"template":"","format":"standard","meta":{"jetpack_post_was_ever_published":false,"_jetpack_newsletter_access":"","_jetpack_dont_email_post_to_subs":false,"_jetpack_newsletter_tier_id":0,"_jetpack_memberships_contains_paywalled_content":false,"_jetpack_memberships_contains_paid_content":false,"footnotes":"","jetpack_publicize_message":"","jetpack_publicize_feature_enabled":true,"jetpack_social_post_already_shared":false,"jetpack_social_options":{"image_generator_settings":{"template":"highway","enabled":false},"version":2}},"categories":[1],"tags":[15,36],"class_list":["post-1058","post","type-post","status-publish","format-standard","has-post-thumbnail","hentry","category-la-piedad","tag-la-piedad","tag-principales"],"jetpack_publicize_connections":[],"jetpack_sharing_enabled":true,"featured_image_urls":{"full":["http:\/\/tvalaire.com\/wp-content\/uploads\/2017\/03\/CELEBRAN-AUTORIDADES-DE-LA-PIEDAD-D\u00cdA-INTERNACIONAL-DEL-AGUA.jpg",1100,733,false],"thumbnail":["http:\/\/tvalaire.com\/wp-content\/uploads\/2017\/03\/CELEBRAN-AUTORIDADES-DE-LA-PIEDAD-D\u00cdA-INTERNACIONAL-DEL-AGUA-150x150.jpg",150,150,true],"medium":["http:\/\/tvalaire.com\/wp-content\/uploads\/2017\/03\/CELEBRAN-AUTORIDADES-DE-LA-PIEDAD-D\u00cdA-INTERNACIONAL-DEL-AGUA-300x200.jpg",300,200,true],"medium_large":["http:\/\/tvalaire.com\/wp-content\/uploads\/2017\/03\/CELEBRAN-AUTORIDADES-DE-LA-PIEDAD-D\u00cdA-INTERNACIONAL-DEL-AGUA-768x512.jpg",640,427,true],"large":["http:\/\/tvalaire.com\/wp-content\/uploads\/2017\/03\/CELEBRAN-AUTORIDADES-DE-LA-PIEDAD-D\u00cdA-INTERNACIONAL-DEL-AGUA-1024x682.jpg",640,426,true],"post-slider-thumb-size":["http:\/\/tvalaire.com\/wp-content\/uploads\/2017\/03\/CELEBRAN-AUTORIDADES-DE-LA-PIEDAD-D\u00cdA-INTERNACIONAL-DEL-AGUA.jpg",285,190,false],"post-category-slider-size":["http:\/\/tvalaire.com\/wp-content\/uploads\/2017\/03\/CELEBRAN-AUTORIDADES-DE-LA-PIEDAD-D\u00cdA-INTERNACIONAL-DEL-AGUA.jpg",330,220,false],"1536x1536":["http:\/\/tvalaire.com\/wp-content\/uploads\/2017\/03\/CELEBRAN-AUTORIDADES-DE-LA-PIEDAD-D\u00cdA-INTERNACIONAL-DEL-AGUA.jpg",1100,733,false],"2048x2048":["http:\/\/tvalaire.com\/wp-content\/uploads\/2017\/03\/CELEBRAN-AUTORIDADES-DE-LA-PIEDAD-D\u00cdA-INTERNACIONAL-DEL-AGUA.jpg",1100,733,false],"newsium-slider-full":["http:\/\/tvalaire.com\/wp-content\/uploads\/2017\/03\/CELEBRAN-AUTORIDADES-DE-LA-PIEDAD-D\u00cdA-INTERNACIONAL-DEL-AGUA.jpg",1100,733,false],"newsium-featured":["http:\/\/tvalaire.com\/wp-content\/uploads\/2017\/03\/CELEBRAN-AUTORIDADES-DE-LA-PIEDAD-D\u00cdA-INTERNACIONAL-DEL-AGUA.jpg",1024,682,false],"newsium-medium":["http:\/\/tvalaire.com\/wp-content\/uploads\/2017\/03\/CELEBRAN-AUTORIDADES-DE-LA-PIEDAD-D\u00cdA-INTERNACIONAL-DEL-AGUA.jpg",713,475,false]},"author_info":{"info":["tvalairenoti"]},"category_info":"<a href=\"http:\/\/tvalaire.com\/?cat=1\" rel=\"category\">La Piedad<\/a>","tag_info":"La Piedad","comment_count":"0","jetpack_featured_media_url":"http:\/\/tvalaire.com\/wp-content\/uploads\/2017\/03\/CELEBRAN-AUTORIDADES-DE-LA-PIEDAD-D\u00cdA-INTERNACIONAL-DEL-AGUA.jpg","_links":{"self":[{"href":"http:\/\/tvalaire.com\/index.php?rest_route=\/wp\/v2\/posts\/1058"}],"collection":[{"href":"http:\/\/tvalaire.com\/index.php?rest_route=\/wp\/v2\/posts"}],"about":[{"href":"http:\/\/tvalaire.com\/index.php?rest_route=\/wp\/v2\/types\/post"}],"author":[{"embeddable":true,"href":"http:\/\/tvalaire.com\/index.php?rest_route=\/wp\/v2\/users\/1"}],"replies":[{"embeddable":true,"href":"http:\/\/tvalaire.com\/index.php?rest_route=%2Fwp%2Fv2%2Fcomments&post=1058"}],"version-history":[{"count":1,"href":"http:\/\/tvalaire.com\/index.php?rest_route=\/wp\/v2\/posts\/1058\/revisions"}],"predecessor-version":[{"id":1062,"href":"http:\/\/tvalaire.com\/index.php?rest_route=\/wp\/v2\/posts\/1058\/revisions\/1062"}],"wp:featuredmedia":[{"embeddable":true,"href":"http:\/\/tvalaire.com\/index.php?rest_route=\/wp\/v2\/media\/1059"}],"wp:attachment":[{"href":"http:\/\/tvalaire.com\/index.php?rest_route=%2Fwp%2Fv2%2Fmedia&parent=1058"}],"wp:term":[{"taxonomy":"category","embeddable":true,"href":"http:\/\/tvalaire.com\/index.php?rest_route=%2Fwp%2Fv2%2Fcategories&post=1058"},{"taxonomy":"post_tag","embeddable":true,"href":"http:\/\/tvalaire.com\/index.php?rest_route=%2Fwp%2Fv2%2Ftags&post=1058"}],"curies":[{"name":"wp","href":"https:\/\/api.w.org\/{rel}","templated":true}]}}