{"id":10519,"date":"2022-08-11T12:38:00","date_gmt":"2022-08-11T17:38:00","guid":{"rendered":"http:\/\/tvalaire.com\/?p=10519"},"modified":"2022-08-31T12:42:13","modified_gmt":"2022-08-31T17:42:13","slug":"gobierno-de-la-piedad-mantieneel-impulso-al-campo","status":"publish","type":"post","link":"http:\/\/tvalaire.com\/?p=10519","title":{"rendered":"GOBIERNO DE LA PIEDAD MANTIENEEL IMPULSO AL CAMPO"},"content":{"rendered":"\n<p><\/p>\n\n\n\n<ul class=\"wp-block-list\"><li><strong>Se entregan aspersoras el\u00e9ctricas de tipo mochila a agricultores piedadenses<\/strong><\/li><\/ul>\n\n\n\n<p>\u201cSi le va bien al campo, nos va bien a todos\u201d; as\u00ed lo mencion\u00f3 el presidente Samuel Hidalgo en la entrega de 144 aspersoras el\u00e9ctricas a agricultores piedadenses, mismos que agradecieron el impulso tan grande que se les ha brindado.<\/p>\n\n\n\n<p>El subsidio que se gener\u00f3 a trav\u00e9s del Gobierno Municipal de La Piedad const\u00f3 del 57% de la inversi\u00f3n total, mientras que los productores aportaron el 43%, factor que les beneficia al ahorro de sus bolsillos y les permitir\u00e1 implementar m\u00e1s mejoras a su siembra.<\/p>\n\n\n\n<p>Los productores beneficiados son tanto de la cabera municipal, como de las comunidades: El Fuerte, El Algodonal, Taquiscuareo, Ojo de Agua, Los Guajes, Ticu\u00edtaco, San Juan del Fuerte, El Zapote, R\u00edo Grande, La Higuera, Acuitzio, La Providencia, Paredones, El Capricho, Tanque de Pe\u00f1a, Los Rodr\u00edguez, El Pandillo, Los Melgoza, La Campana y El Tigre. <a><\/a><\/p>\n\n\n\n<figure class=\"wp-block-image size-large is-style-default\"><img loading=\"lazy\" decoding=\"async\" width=\"1024\" height=\"681\" src=\"http:\/\/tvalaire.com\/wp-content\/uploads\/2022\/08\/1-2-5-1024x681.jpeg\" alt=\"\" class=\"wp-image-10528\" srcset=\"http:\/\/tvalaire.com\/wp-content\/uploads\/2022\/08\/1-2-5-1024x681.jpeg 1024w, http:\/\/tvalaire.com\/wp-content\/uploads\/2022\/08\/1-2-5-300x199.jpeg 300w, http:\/\/tvalaire.com\/wp-content\/uploads\/2022\/08\/1-2-5-768x511.jpeg 768w, http:\/\/tvalaire.com\/wp-content\/uploads\/2022\/08\/1-2-5.jpeg 1280w\" sizes=\"(max-width: 1024px) 100vw, 1024px\" \/><\/figure>\n","protected":false},"excerpt":{"rendered":"<p>Se entregan aspersoras el\u00e9ctricas de tipo mochila a agricultores piedadenses \u201cSi le va bien al&#8230;<\/p>\n","protected":false},"author":1,"featured_media":10527,"comment_status":"open","ping_status":"open","sticky":false,"template":"","format":"standard","meta":{"jetpack_post_was_ever_published":false,"_jetpack_newsletter_access":"","_jetpack_dont_email_post_to_subs":false,"_jetpack_newsletter_tier_id":0,"_jetpack_memberships_contains_paywalled_content":false,"_jetpack_memberships_contains_paid_content":false,"footnotes":"","jetpack_publicize_message":"","jetpack_publicize_feature_enabled":true,"jetpack_social_post_already_shared":true,"jetpack_social_options":{"image_generator_settings":{"template":"highway","enabled":false},"version":2}},"categories":[1],"tags":[15,36],"class_list":["post-10519","post","type-post","status-publish","format-standard","has-post-thumbnail","hentry","category-la-piedad","tag-la-piedad","tag-principales"],"jetpack_publicize_connections":[],"jetpack_sharing_enabled":true,"featured_image_urls":{"full":["http:\/\/tvalaire.com\/wp-content\/uploads\/2022\/08\/1-4.jpeg",1280,851,false],"thumbnail":["http:\/\/tvalaire.com\/wp-content\/uploads\/2022\/08\/1-4-150x150.jpeg",150,150,true],"medium":["http:\/\/tvalaire.com\/wp-content\/uploads\/2022\/08\/1-4-300x199.jpeg",300,199,true],"medium_large":["http:\/\/tvalaire.com\/wp-content\/uploads\/2022\/08\/1-4-768x511.jpeg",640,426,true],"large":["http:\/\/tvalaire.com\/wp-content\/uploads\/2022\/08\/1-4-1024x681.jpeg",640,426,true],"post-slider-thumb-size":["http:\/\/tvalaire.com\/wp-content\/uploads\/2022\/08\/1-4-330x190.jpeg",330,190,true],"post-category-slider-size":["http:\/\/tvalaire.com\/wp-content\/uploads\/2022\/08\/1-4.jpeg",330,219,false],"1536x1536":["http:\/\/tvalaire.com\/wp-content\/uploads\/2022\/08\/1-4.jpeg",1280,851,false],"2048x2048":["http:\/\/tvalaire.com\/wp-content\/uploads\/2022\/08\/1-4.jpeg",1280,851,false],"newsium-slider-full":["http:\/\/tvalaire.com\/wp-content\/uploads\/2022\/08\/1-4-1280x845.jpeg",1280,845,true],"newsium-featured":["http:\/\/tvalaire.com\/wp-content\/uploads\/2022\/08\/1-4-1024x681.jpeg",1024,681,true],"newsium-medium":["http:\/\/tvalaire.com\/wp-content\/uploads\/2022\/08\/1-4-720x475.jpeg",720,475,true]},"author_info":{"info":["tvalairenoti"]},"category_info":"<a href=\"http:\/\/tvalaire.com\/?cat=1\" rel=\"category\">La Piedad<\/a>","tag_info":"La Piedad","comment_count":"0","jetpack_featured_media_url":"http:\/\/tvalaire.com\/wp-content\/uploads\/2022\/08\/1-4.jpeg","_links":{"self":[{"href":"http:\/\/tvalaire.com\/index.php?rest_route=\/wp\/v2\/posts\/10519"}],"collection":[{"href":"http:\/\/tvalaire.com\/index.php?rest_route=\/wp\/v2\/posts"}],"about":[{"href":"http:\/\/tvalaire.com\/index.php?rest_route=\/wp\/v2\/types\/post"}],"author":[{"embeddable":true,"href":"http:\/\/tvalaire.com\/index.php?rest_route=\/wp\/v2\/users\/1"}],"replies":[{"embeddable":true,"href":"http:\/\/tvalaire.com\/index.php?rest_route=%2Fwp%2Fv2%2Fcomments&post=10519"}],"version-history":[{"count":1,"href":"http:\/\/tvalaire.com\/index.php?rest_route=\/wp\/v2\/posts\/10519\/revisions"}],"predecessor-version":[{"id":10529,"href":"http:\/\/tvalaire.com\/index.php?rest_route=\/wp\/v2\/posts\/10519\/revisions\/10529"}],"wp:featuredmedia":[{"embeddable":true,"href":"http:\/\/tvalaire.com\/index.php?rest_route=\/wp\/v2\/media\/10527"}],"wp:attachment":[{"href":"http:\/\/tvalaire.com\/index.php?rest_route=%2Fwp%2Fv2%2Fmedia&parent=10519"}],"wp:term":[{"taxonomy":"category","embeddable":true,"href":"http:\/\/tvalaire.com\/index.php?rest_route=%2Fwp%2Fv2%2Fcategories&post=10519"},{"taxonomy":"post_tag","embeddable":true,"href":"http:\/\/tvalaire.com\/index.php?rest_route=%2Fwp%2Fv2%2Ftags&post=10519"}],"curies":[{"name":"wp","href":"https:\/\/api.w.org\/{rel}","templated":true}]}}