{"id":10488,"date":"2022-08-22T12:11:00","date_gmt":"2022-08-22T17:11:00","guid":{"rendered":"http:\/\/tvalaire.com\/?p=10488"},"modified":"2022-08-31T12:19:24","modified_gmt":"2022-08-31T17:19:24","slug":"culminan-ninas-y-ninos-piedadenses-el-curso-de-verano-dif","status":"publish","type":"post","link":"http:\/\/tvalaire.com\/?p=10488","title":{"rendered":"CULMINAN NI\u00d1AS Y NI\u00d1OS PIEDADENSES EL CURSO DE VERANO DIF"},"content":{"rendered":"\n<p><\/p>\n\n\n\n<ul class=\"wp-block-list\"><li>M\u00e1s de 60 ni\u00f1os participan en diferentes actividades<\/li><\/ul>\n\n\n\n<p>Despu\u00e9s de tres semanas de labores para el fomento de actividades psicomotoras para ni\u00f1os y ni\u00f1as durante el per\u00edodo vacacional, culminaron los Cursos de Verano \u201cAprender a Aprender\u201d, organizados y ofrecidos por el Sistema Municipal para el Desarrollo Integral de la Familia (SM DIF) en La Piedad, organismo presidido por la se\u00f1ora Margarita Montes Vel\u00e1zquez.<\/p>\n\n\n\n<p>Las instalaciones de la unidad deportiva Humberto Romero P\u00e9rez, dieron lugar durante estos d\u00edas a los infantes que, inscritos por sus padres o tutores, experimentaron una serie de rutinas enriquecedoras como clases de cocina, manualidades, activaci\u00f3n f\u00edsica, musicoterapia, cuenta-cuentos, inducci\u00f3n sobre nutrici\u00f3n, entre otras, aportadas por el personal del SM-DIF, bajo la direcci\u00f3n Vanessa Caratachea S\u00e1nchez.<\/p>\n\n\n\n<p>Orientados por el Sistema de Protecci\u00f3n Integral para Ni\u00f1os, Ni\u00f1as y Adolescentes (SIPINNA) en el municipio, los menores fueron inmersos al tema de los derechos de la infancia, con t\u00e9cnicas l\u00fadicas. Visitaron el Zool\u00f3gico \u201cAntonio Zendejas \u00c1lvarez\u201d, el Vivero Municipal y cerraron con una funci\u00f3n de cine con estreno, para alentar en ellos buenas experiencias y la construcci\u00f3n de perspectivas m\u00e1s completas.<\/p>\n\n\n\n<p>En la tarea, se brind\u00f3 estimulaci\u00f3n a trav\u00e9s de experiencias divertidas, para agilizar la memoria y el nivel de concentraci\u00f3n en los menores. As\u00ed tambi\u00e9n inducci\u00f3n para mejorar la calidad de conocimientos, con la participaci\u00f3n de las \u00e1reas afines al interior del organismo, dependencias del Gobierno Municipal de La Piedad, instituciones educativas como UNIVA, el sistema de reacci\u00f3n para el salvamento de vidas y otras organizaciones.<\/p>\n\n\n\n<p>Con la atinada atenci\u00f3n de DIF La Piedad, se logr\u00f3 beneficiar la capacidad de interacci\u00f3n entre los ni\u00f1os y las ni\u00f1as participantes, a la par de su nivel de conocimientos, durante exposiciones a cargo del centro de operaciones C5i, la patrulla de g\u00e9nero, el cuerpo de Bomberos, Tr\u00e1nsito Municipal, la escuela de Adiestramiento Canino \u201cLobos\u201d y profesores internacionales en contribuci\u00f3n con UNIVA plantel La Piedad; en una uni\u00f3n de esfuerzos en pro de la infancia piedadense.<\/p>\n","protected":false},"excerpt":{"rendered":"<p>M\u00e1s de 60 ni\u00f1os participan en diferentes actividades Despu\u00e9s de tres semanas de labores para&#8230;<\/p>\n","protected":false},"author":1,"featured_media":10505,"comment_status":"open","ping_status":"open","sticky":false,"template":"","format":"standard","meta":{"jetpack_post_was_ever_published":false,"_jetpack_newsletter_access":"","_jetpack_dont_email_post_to_subs":false,"_jetpack_newsletter_tier_id":0,"_jetpack_memberships_contains_paywalled_content":false,"_jetpack_memberships_contains_paid_content":false,"footnotes":"","jetpack_publicize_message":"","jetpack_publicize_feature_enabled":true,"jetpack_social_post_already_shared":true,"jetpack_social_options":{"image_generator_settings":{"template":"highway","enabled":false},"version":2}},"categories":[1],"tags":[15,36],"class_list":["post-10488","post","type-post","status-publish","format-standard","has-post-thumbnail","hentry","category-la-piedad","tag-la-piedad","tag-principales"],"jetpack_publicize_connections":[],"jetpack_sharing_enabled":true,"featured_image_urls":{"full":["http:\/\/tvalaire.com\/wp-content\/uploads\/2022\/08\/WhatsApp-Image-2022-08-22-at-1.40.26-PM.jpeg",1280,720,false],"thumbnail":["http:\/\/tvalaire.com\/wp-content\/uploads\/2022\/08\/WhatsApp-Image-2022-08-22-at-1.40.26-PM-150x150.jpeg",150,150,true],"medium":["http:\/\/tvalaire.com\/wp-content\/uploads\/2022\/08\/WhatsApp-Image-2022-08-22-at-1.40.26-PM-300x169.jpeg",300,169,true],"medium_large":["http:\/\/tvalaire.com\/wp-content\/uploads\/2022\/08\/WhatsApp-Image-2022-08-22-at-1.40.26-PM-768x432.jpeg",640,360,true],"large":["http:\/\/tvalaire.com\/wp-content\/uploads\/2022\/08\/WhatsApp-Image-2022-08-22-at-1.40.26-PM-1024x576.jpeg",640,360,true],"post-slider-thumb-size":["http:\/\/tvalaire.com\/wp-content\/uploads\/2022\/08\/WhatsApp-Image-2022-08-22-at-1.40.26-PM-330x190.jpeg",330,190,true],"post-category-slider-size":["http:\/\/tvalaire.com\/wp-content\/uploads\/2022\/08\/WhatsApp-Image-2022-08-22-at-1.40.26-PM.jpeg",330,186,false],"1536x1536":["http:\/\/tvalaire.com\/wp-content\/uploads\/2022\/08\/WhatsApp-Image-2022-08-22-at-1.40.26-PM.jpeg",1280,720,false],"2048x2048":["http:\/\/tvalaire.com\/wp-content\/uploads\/2022\/08\/WhatsApp-Image-2022-08-22-at-1.40.26-PM.jpeg",1280,720,false],"newsium-slider-full":["http:\/\/tvalaire.com\/wp-content\/uploads\/2022\/08\/WhatsApp-Image-2022-08-22-at-1.40.26-PM.jpeg",1280,720,false],"newsium-featured":["http:\/\/tvalaire.com\/wp-content\/uploads\/2022\/08\/WhatsApp-Image-2022-08-22-at-1.40.26-PM-1024x576.jpeg",1024,576,true],"newsium-medium":["http:\/\/tvalaire.com\/wp-content\/uploads\/2022\/08\/WhatsApp-Image-2022-08-22-at-1.40.26-PM-720x475.jpeg",720,475,true]},"author_info":{"info":["tvalairenoti"]},"category_info":"<a href=\"http:\/\/tvalaire.com\/?cat=1\" rel=\"category\">La Piedad<\/a>","tag_info":"La Piedad","comment_count":"0","jetpack_featured_media_url":"http:\/\/tvalaire.com\/wp-content\/uploads\/2022\/08\/WhatsApp-Image-2022-08-22-at-1.40.26-PM.jpeg","_links":{"self":[{"href":"http:\/\/tvalaire.com\/index.php?rest_route=\/wp\/v2\/posts\/10488"}],"collection":[{"href":"http:\/\/tvalaire.com\/index.php?rest_route=\/wp\/v2\/posts"}],"about":[{"href":"http:\/\/tvalaire.com\/index.php?rest_route=\/wp\/v2\/types\/post"}],"author":[{"embeddable":true,"href":"http:\/\/tvalaire.com\/index.php?rest_route=\/wp\/v2\/users\/1"}],"replies":[{"embeddable":true,"href":"http:\/\/tvalaire.com\/index.php?rest_route=%2Fwp%2Fv2%2Fcomments&post=10488"}],"version-history":[{"count":1,"href":"http:\/\/tvalaire.com\/index.php?rest_route=\/wp\/v2\/posts\/10488\/revisions"}],"predecessor-version":[{"id":10506,"href":"http:\/\/tvalaire.com\/index.php?rest_route=\/wp\/v2\/posts\/10488\/revisions\/10506"}],"wp:featuredmedia":[{"embeddable":true,"href":"http:\/\/tvalaire.com\/index.php?rest_route=\/wp\/v2\/media\/10505"}],"wp:attachment":[{"href":"http:\/\/tvalaire.com\/index.php?rest_route=%2Fwp%2Fv2%2Fmedia&parent=10488"}],"wp:term":[{"taxonomy":"category","embeddable":true,"href":"http:\/\/tvalaire.com\/index.php?rest_route=%2Fwp%2Fv2%2Fcategories&post=10488"},{"taxonomy":"post_tag","embeddable":true,"href":"http:\/\/tvalaire.com\/index.php?rest_route=%2Fwp%2Fv2%2Ftags&post=10488"}],"curies":[{"name":"wp","href":"https:\/\/api.w.org\/{rel}","templated":true}]}}