{"id":10487,"date":"2022-08-23T12:11:00","date_gmt":"2022-08-23T17:11:00","guid":{"rendered":"http:\/\/tvalaire.com\/?p=10487"},"modified":"2022-08-31T12:18:07","modified_gmt":"2022-08-31T17:18:07","slug":"ninas-y-ninos-viven-un-verano-artistico","status":"publish","type":"post","link":"http:\/\/tvalaire.com\/?p=10487","title":{"rendered":"NI\u00d1AS Y NI\u00d1OS VIVEN UN VERANO ART\u00cdSTICO"},"content":{"rendered":"\n<p><\/p>\n\n\n\n<ul class=\"wp-block-list\"><li><strong>Escuela de Artes de La Piedad, sigue promoviendo la cultura en ni\u00f1as, ni\u00f1os, adolescentes, j\u00f3venes y adultos del municipio <a><\/a><\/strong><\/li><\/ul>\n\n\n\n<p>A trav\u00e9s de la Direcci\u00f3n de Cultura del municipio de La Piedad, m\u00e1s de 100 ni\u00f1os, ni\u00f1as y adolescentes piedadenses vivieron durante cuatro intensas semanas de trabajo el taller \u201cMi verano en Escuela de Artes\u201d en los que trabajaron con diversas actividades de iniciaci\u00f3n art\u00edstica, canto, ballet, dibujo y pintura, teatro, taller de cuerdas, activaci\u00f3n f\u00edsica y ritmo.<\/p>\n\n\n\n<p>Con una presentaci\u00f3n musical en la que participaron algunos ni\u00f1os con guitarras y ukeleles, y otros m\u00e1s acompa\u00f1ando con maracas, panderos y cantando, dieron muestra de los avances y aprendizajes que lograron adquirir a trav\u00e9s del esfuerzo conjunto realizado por los maestros y el personal administrativo de la instituci\u00f3n cultural, cumpliendo as\u00ed uno de los objetivos de la administraci\u00f3n que encabeza el alcalde Samuel Hidalgo Gallardo, quien reafirm\u00f3 durante este verano el compromiso que se tiene con la ni\u00f1ez, pues fueron cuatro cursos de verano los que organizaron diversas dependencias.<\/p>\n\n\n\n<p>La clausura del curso Mi verano en Escuela de Artes, se llev\u00f3 a cabo el d\u00eda jueves dieciocho de agosto con una divertida funci\u00f3n de la payasita Fiestina y algunas presentaciones musicales de los alumnos. Al finalizar el evento, la Directora de Cultura Miriam Espinoza, invit\u00f3 a los ni\u00f1os a continuar sus clases en Escuela de Artes, al igual invit\u00f3 a sus familiares y amigos a los distintos talleres y actividades que se llevan a cabo en la instituci\u00f3n.<\/p>\n","protected":false},"excerpt":{"rendered":"<p>Escuela de Artes de La Piedad, sigue promoviendo la cultura en ni\u00f1as, ni\u00f1os, adolescentes, j\u00f3venes&#8230;<\/p>\n","protected":false},"author":1,"featured_media":10503,"comment_status":"open","ping_status":"open","sticky":false,"template":"","format":"standard","meta":{"jetpack_post_was_ever_published":false,"_jetpack_newsletter_access":"","_jetpack_dont_email_post_to_subs":false,"_jetpack_newsletter_tier_id":0,"_jetpack_memberships_contains_paywalled_content":false,"_jetpack_memberships_contains_paid_content":false,"footnotes":"","jetpack_publicize_message":"","jetpack_publicize_feature_enabled":true,"jetpack_social_post_already_shared":true,"jetpack_social_options":{"image_generator_settings":{"template":"highway","enabled":false},"version":2}},"categories":[1],"tags":[15,36],"class_list":["post-10487","post","type-post","status-publish","format-standard","has-post-thumbnail","hentry","category-la-piedad","tag-la-piedad","tag-principales"],"jetpack_publicize_connections":[],"jetpack_sharing_enabled":true,"featured_image_urls":{"full":["http:\/\/tvalaire.com\/wp-content\/uploads\/2022\/08\/1-1-3.jpeg",1280,958,false],"thumbnail":["http:\/\/tvalaire.com\/wp-content\/uploads\/2022\/08\/1-1-3-150x150.jpeg",150,150,true],"medium":["http:\/\/tvalaire.com\/wp-content\/uploads\/2022\/08\/1-1-3-300x225.jpeg",300,225,true],"medium_large":["http:\/\/tvalaire.com\/wp-content\/uploads\/2022\/08\/1-1-3-768x575.jpeg",640,479,true],"large":["http:\/\/tvalaire.com\/wp-content\/uploads\/2022\/08\/1-1-3-1024x766.jpeg",640,479,true],"post-slider-thumb-size":["http:\/\/tvalaire.com\/wp-content\/uploads\/2022\/08\/1-1-3-330x190.jpeg",330,190,true],"post-category-slider-size":["http:\/\/tvalaire.com\/wp-content\/uploads\/2022\/08\/1-1-3.jpeg",330,247,false],"1536x1536":["http:\/\/tvalaire.com\/wp-content\/uploads\/2022\/08\/1-1-3.jpeg",1280,958,false],"2048x2048":["http:\/\/tvalaire.com\/wp-content\/uploads\/2022\/08\/1-1-3.jpeg",1280,958,false],"newsium-slider-full":["http:\/\/tvalaire.com\/wp-content\/uploads\/2022\/08\/1-1-3-1280x845.jpeg",1280,845,true],"newsium-featured":["http:\/\/tvalaire.com\/wp-content\/uploads\/2022\/08\/1-1-3-1024x766.jpeg",1024,766,true],"newsium-medium":["http:\/\/tvalaire.com\/wp-content\/uploads\/2022\/08\/1-1-3-720x475.jpeg",720,475,true]},"author_info":{"info":["tvalairenoti"]},"category_info":"<a href=\"http:\/\/tvalaire.com\/?cat=1\" rel=\"category\">La Piedad<\/a>","tag_info":"La Piedad","comment_count":"0","jetpack_featured_media_url":"http:\/\/tvalaire.com\/wp-content\/uploads\/2022\/08\/1-1-3.jpeg","_links":{"self":[{"href":"http:\/\/tvalaire.com\/index.php?rest_route=\/wp\/v2\/posts\/10487"}],"collection":[{"href":"http:\/\/tvalaire.com\/index.php?rest_route=\/wp\/v2\/posts"}],"about":[{"href":"http:\/\/tvalaire.com\/index.php?rest_route=\/wp\/v2\/types\/post"}],"author":[{"embeddable":true,"href":"http:\/\/tvalaire.com\/index.php?rest_route=\/wp\/v2\/users\/1"}],"replies":[{"embeddable":true,"href":"http:\/\/tvalaire.com\/index.php?rest_route=%2Fwp%2Fv2%2Fcomments&post=10487"}],"version-history":[{"count":1,"href":"http:\/\/tvalaire.com\/index.php?rest_route=\/wp\/v2\/posts\/10487\/revisions"}],"predecessor-version":[{"id":10504,"href":"http:\/\/tvalaire.com\/index.php?rest_route=\/wp\/v2\/posts\/10487\/revisions\/10504"}],"wp:featuredmedia":[{"embeddable":true,"href":"http:\/\/tvalaire.com\/index.php?rest_route=\/wp\/v2\/media\/10503"}],"wp:attachment":[{"href":"http:\/\/tvalaire.com\/index.php?rest_route=%2Fwp%2Fv2%2Fmedia&parent=10487"}],"wp:term":[{"taxonomy":"category","embeddable":true,"href":"http:\/\/tvalaire.com\/index.php?rest_route=%2Fwp%2Fv2%2Fcategories&post=10487"},{"taxonomy":"post_tag","embeddable":true,"href":"http:\/\/tvalaire.com\/index.php?rest_route=%2Fwp%2Fv2%2Ftags&post=10487"}],"curies":[{"name":"wp","href":"https:\/\/api.w.org\/{rel}","templated":true}]}}