{"id":10483,"date":"2022-08-31T12:12:16","date_gmt":"2022-08-31T17:12:16","guid":{"rendered":"http:\/\/tvalaire.com\/?p=10483"},"modified":"2022-08-31T12:12:27","modified_gmt":"2022-08-31T17:12:27","slug":"dan-inicio-a-celebracion-de-fiestas-patrias-la-piedad-2022","status":"publish","type":"post","link":"http:\/\/tvalaire.com\/?p=10483","title":{"rendered":"DAN INICIO A CELEBRACI\u00d3N DE FIESTAS PATRIAS LA PIEDAD 2022"},"content":{"rendered":"\n<p><\/p>\n\n\n\n<ul class=\"wp-block-list\"><li><strong>Colocan Bando Patrio en diferentes puntos del municipio<\/strong><\/li><li><strong>Alcalde invita a todos los piedadenses a las diferentes actividades<\/strong><\/li><\/ul>\n\n\n\n<p>Samuel Hidalgo presidente municipal de La Piedad, en conjunto con su esposa la se\u00f1ora Margarita Montes Vel\u00e1zquez, y en compa\u00f1\u00eda de los Regidores y Directores del Ayuntamiento, hicieron la colocaron del Bando Patrio, a trav\u00e9s de un acto solemne en el Centro Hist\u00f3rico de la ciudad.&nbsp;<\/p>\n\n\n\n<p>De esta manera y a trav\u00e9s de la fijaci\u00f3n de Bando Patrio se da a conocer el programa para las Fiestas Patrias de La Piedad 2022, programa que se coloc\u00f3 en diversos puntos del Centro Hist\u00f3rico, as\u00ed como en La Pur\u00edsima, el templo del Carmen, la plazuela en la colonia Santa Fe y en Ciudad del Sol, asimismo, se llev\u00f3 a las tenencias de Los Guajes, Ticuitaco y R\u00edo Grande.<\/p>\n\n\n\n<p>Por su parte, el alcalde invit\u00f3 a toda la poblaci\u00f3n a integrarse a los distintos eventos, cuyo objetivo es que se promueva la sana convivencia, la cultura y el deporte en las familias, para que todas y todos puedan disfrutar los festejos del 212 aniversario del inicio de la Independencia de M\u00e9xico. <a><\/a><\/p>\n\n\n\n<figure class=\"wp-block-image size-large is-style-default\"><img loading=\"lazy\" decoding=\"async\" width=\"1024\" height=\"682\" src=\"http:\/\/tvalaire.com\/wp-content\/uploads\/2022\/08\/1-3-1024x682.jpeg\" alt=\"\" class=\"wp-image-10494\" srcset=\"http:\/\/tvalaire.com\/wp-content\/uploads\/2022\/08\/1-3-1024x682.jpeg 1024w, http:\/\/tvalaire.com\/wp-content\/uploads\/2022\/08\/1-3-300x200.jpeg 300w, http:\/\/tvalaire.com\/wp-content\/uploads\/2022\/08\/1-3-768x512.jpeg 768w, http:\/\/tvalaire.com\/wp-content\/uploads\/2022\/08\/1-3.jpeg 1280w\" sizes=\"(max-width: 1024px) 100vw, 1024px\" \/><\/figure>\n","protected":false},"excerpt":{"rendered":"<p>Colocan Bando Patrio en diferentes puntos del municipio Alcalde invita a todos los piedadenses a&#8230;<\/p>\n","protected":false},"author":1,"featured_media":10493,"comment_status":"open","ping_status":"open","sticky":false,"template":"","format":"standard","meta":{"jetpack_post_was_ever_published":false,"_jetpack_newsletter_access":"","_jetpack_dont_email_post_to_subs":false,"_jetpack_newsletter_tier_id":0,"_jetpack_memberships_contains_paywalled_content":false,"_jetpack_memberships_contains_paid_content":false,"footnotes":"","jetpack_publicize_message":"","jetpack_publicize_feature_enabled":true,"jetpack_social_post_already_shared":true,"jetpack_social_options":{"image_generator_settings":{"template":"highway","enabled":false},"version":2}},"categories":[1],"tags":[15,36],"class_list":["post-10483","post","type-post","status-publish","format-standard","has-post-thumbnail","hentry","category-la-piedad","tag-la-piedad","tag-principales"],"jetpack_publicize_connections":[],"jetpack_sharing_enabled":true,"featured_image_urls":{"full":["http:\/\/tvalaire.com\/wp-content\/uploads\/2022\/08\/1-1-1.jpeg",1280,863,false],"thumbnail":["http:\/\/tvalaire.com\/wp-content\/uploads\/2022\/08\/1-1-1-150x150.jpeg",150,150,true],"medium":["http:\/\/tvalaire.com\/wp-content\/uploads\/2022\/08\/1-1-1-300x202.jpeg",300,202,true],"medium_large":["http:\/\/tvalaire.com\/wp-content\/uploads\/2022\/08\/1-1-1-768x518.jpeg",640,432,true],"large":["http:\/\/tvalaire.com\/wp-content\/uploads\/2022\/08\/1-1-1-1024x690.jpeg",640,431,true],"post-slider-thumb-size":["http:\/\/tvalaire.com\/wp-content\/uploads\/2022\/08\/1-1-1-330x190.jpeg",330,190,true],"post-category-slider-size":["http:\/\/tvalaire.com\/wp-content\/uploads\/2022\/08\/1-1-1.jpeg",330,222,false],"1536x1536":["http:\/\/tvalaire.com\/wp-content\/uploads\/2022\/08\/1-1-1.jpeg",1280,863,false],"2048x2048":["http:\/\/tvalaire.com\/wp-content\/uploads\/2022\/08\/1-1-1.jpeg",1280,863,false],"newsium-slider-full":["http:\/\/tvalaire.com\/wp-content\/uploads\/2022\/08\/1-1-1-1280x845.jpeg",1280,845,true],"newsium-featured":["http:\/\/tvalaire.com\/wp-content\/uploads\/2022\/08\/1-1-1-1024x690.jpeg",1024,690,true],"newsium-medium":["http:\/\/tvalaire.com\/wp-content\/uploads\/2022\/08\/1-1-1-720x475.jpeg",720,475,true]},"author_info":{"info":["tvalairenoti"]},"category_info":"<a href=\"http:\/\/tvalaire.com\/?cat=1\" rel=\"category\">La Piedad<\/a>","tag_info":"La Piedad","comment_count":"0","jetpack_featured_media_url":"http:\/\/tvalaire.com\/wp-content\/uploads\/2022\/08\/1-1-1.jpeg","_links":{"self":[{"href":"http:\/\/tvalaire.com\/index.php?rest_route=\/wp\/v2\/posts\/10483"}],"collection":[{"href":"http:\/\/tvalaire.com\/index.php?rest_route=\/wp\/v2\/posts"}],"about":[{"href":"http:\/\/tvalaire.com\/index.php?rest_route=\/wp\/v2\/types\/post"}],"author":[{"embeddable":true,"href":"http:\/\/tvalaire.com\/index.php?rest_route=\/wp\/v2\/users\/1"}],"replies":[{"embeddable":true,"href":"http:\/\/tvalaire.com\/index.php?rest_route=%2Fwp%2Fv2%2Fcomments&post=10483"}],"version-history":[{"count":1,"href":"http:\/\/tvalaire.com\/index.php?rest_route=\/wp\/v2\/posts\/10483\/revisions"}],"predecessor-version":[{"id":10495,"href":"http:\/\/tvalaire.com\/index.php?rest_route=\/wp\/v2\/posts\/10483\/revisions\/10495"}],"wp:featuredmedia":[{"embeddable":true,"href":"http:\/\/tvalaire.com\/index.php?rest_route=\/wp\/v2\/media\/10493"}],"wp:attachment":[{"href":"http:\/\/tvalaire.com\/index.php?rest_route=%2Fwp%2Fv2%2Fmedia&parent=10483"}],"wp:term":[{"taxonomy":"category","embeddable":true,"href":"http:\/\/tvalaire.com\/index.php?rest_route=%2Fwp%2Fv2%2Fcategories&post=10483"},{"taxonomy":"post_tag","embeddable":true,"href":"http:\/\/tvalaire.com\/index.php?rest_route=%2Fwp%2Fv2%2Ftags&post=10483"}],"curies":[{"name":"wp","href":"https:\/\/api.w.org\/{rel}","templated":true}]}}