{"id":10438,"date":"2022-08-06T09:23:43","date_gmt":"2022-08-06T14:23:43","guid":{"rendered":"http:\/\/tvalaire.com\/?p=10438"},"modified":"2022-08-06T09:23:51","modified_gmt":"2022-08-06T14:23:51","slug":"arranca-feria-de-regreso-a-clases-2022-en-la-plaza-principal","status":"publish","type":"post","link":"http:\/\/tvalaire.com\/?p=10438","title":{"rendered":"ARRANCA FERIA DE REGRESO A CLASES 2022 EN LA PLAZA PRINCIPAL"},"content":{"rendered":"\n<p><\/p>\n\n\n\n<ul class=\"wp-block-list\"><li><strong>Del 4 al 7 de agosto exposici\u00f3n de espacios comerciales con productos a bajo costo para el regreso a clases<\/strong><\/li><li><strong>Impulsar el comercio local, precios accesibles y buenas promociones<\/strong><\/li><\/ul>\n\n\n\n<p>A trav\u00e9s de la Direcci\u00f3n de Promoci\u00f3n Econ\u00f3mica y Turismo, el Gobierno Municipal de La Piedad encabezado por el presidente Samuel Hidalgo, dio arranque a la \u201cFeria de Regreso a Clases 2022\u201d, misma que estar\u00e1 expuesta desde el jueves 4 hasta el domingo 7 de agosto, en la plaza principal.<\/p>\n\n\n\n<p>El objetivo de esta Feria de Regreso a Clases, es que, a trav\u00e9s de los 20 espacios comerciales expuestos en el Centro Hist\u00f3rico, las familias piedadenses puedan acceder a productos de papeler\u00eda, zapatos, tenis, productos para el cabello, mochilas y servicios de internet, a un bajo costo, para que todos tengan mayor accesibilidad a los productos necesarios en este regreso a clases.<\/p>\n\n\n\n<p>Brenda Orozco Torres titular de la Direcci\u00f3n de Promoci\u00f3n Econ\u00f3mica y Turismo, coment\u00f3 que uno de los prop\u00f3sitos principales de esta feria, es impulsar el comercio local, tener precios accesible y buenas promociones para los padres de familia; al mismo tiempo, expres\u00f3 que esta feria se organiza a nivel nacional, sin embargo, La Piedad es el \u00fanico municipio en la regi\u00f3n que lo ha realizado, esto sumado al fuerte compromiso que el Gobierno Municipal tiene en materia de reactivaci\u00f3n econ\u00f3mica.<\/p>\n\n\n\n<p>Por \u00faltimo, el presidente municipal agradeci\u00f3 a las instituciones que respaldan estos proyectos, entre ellos CANACO Servytur La Piedad y PROFECO Michoac\u00e1n. As\u00ed mismo, invit\u00f3 a la poblaci\u00f3n a darse una vuelta por la plaza principal a partir del jueves 4 hasta el domingo 8 de agosto, de 10 de la ma\u00f1ana a 8:00 de la noche, para que juntos se crea una cadena de apoyo en favor de la econom\u00eda del municipio.<\/p>\n\n\n\n<figure class=\"wp-block-image size-large is-style-default\"><img loading=\"lazy\" decoding=\"async\" width=\"1024\" height=\"682\" src=\"http:\/\/tvalaire.com\/wp-content\/uploads\/2022\/08\/1-1-11-1024x682.jpeg\" alt=\"\" class=\"wp-image-10463\" srcset=\"http:\/\/tvalaire.com\/wp-content\/uploads\/2022\/08\/1-1-11-1024x682.jpeg 1024w, http:\/\/tvalaire.com\/wp-content\/uploads\/2022\/08\/1-1-11-300x200.jpeg 300w, http:\/\/tvalaire.com\/wp-content\/uploads\/2022\/08\/1-1-11-768x512.jpeg 768w, http:\/\/tvalaire.com\/wp-content\/uploads\/2022\/08\/1-1-11.jpeg 1280w\" sizes=\"(max-width: 1024px) 100vw, 1024px\" \/><\/figure>\n","protected":false},"excerpt":{"rendered":"<p>Del 4 al 7 de agosto exposici\u00f3n de espacios comerciales con productos a bajo costo&#8230;<\/p>\n","protected":false},"author":1,"featured_media":10462,"comment_status":"open","ping_status":"open","sticky":false,"template":"","format":"standard","meta":{"jetpack_post_was_ever_published":false,"_jetpack_newsletter_access":"","_jetpack_dont_email_post_to_subs":false,"_jetpack_newsletter_tier_id":0,"_jetpack_memberships_contains_paywalled_content":false,"_jetpack_memberships_contains_paid_content":false,"footnotes":"","jetpack_publicize_message":"","jetpack_publicize_feature_enabled":true,"jetpack_social_post_already_shared":true,"jetpack_social_options":{"image_generator_settings":{"template":"highway","enabled":false},"version":2}},"categories":[1],"tags":[15,36],"class_list":["post-10438","post","type-post","status-publish","format-standard","has-post-thumbnail","hentry","category-la-piedad","tag-la-piedad","tag-principales"],"jetpack_publicize_connections":[],"jetpack_sharing_enabled":true,"featured_image_urls":{"full":["http:\/\/tvalaire.com\/wp-content\/uploads\/2022\/08\/1-3-9.jpeg",1280,853,false],"thumbnail":["http:\/\/tvalaire.com\/wp-content\/uploads\/2022\/08\/1-3-9-150x150.jpeg",150,150,true],"medium":["http:\/\/tvalaire.com\/wp-content\/uploads\/2022\/08\/1-3-9-300x200.jpeg",300,200,true],"medium_large":["http:\/\/tvalaire.com\/wp-content\/uploads\/2022\/08\/1-3-9-768x512.jpeg",640,427,true],"large":["http:\/\/tvalaire.com\/wp-content\/uploads\/2022\/08\/1-3-9-1024x682.jpeg",640,426,true],"post-slider-thumb-size":["http:\/\/tvalaire.com\/wp-content\/uploads\/2022\/08\/1-3-9-330x190.jpeg",330,190,true],"post-category-slider-size":["http:\/\/tvalaire.com\/wp-content\/uploads\/2022\/08\/1-3-9.jpeg",330,220,false],"1536x1536":["http:\/\/tvalaire.com\/wp-content\/uploads\/2022\/08\/1-3-9.jpeg",1280,853,false],"2048x2048":["http:\/\/tvalaire.com\/wp-content\/uploads\/2022\/08\/1-3-9.jpeg",1280,853,false],"newsium-slider-full":["http:\/\/tvalaire.com\/wp-content\/uploads\/2022\/08\/1-3-9-1280x845.jpeg",1280,845,true],"newsium-featured":["http:\/\/tvalaire.com\/wp-content\/uploads\/2022\/08\/1-3-9-1024x682.jpeg",1024,682,true],"newsium-medium":["http:\/\/tvalaire.com\/wp-content\/uploads\/2022\/08\/1-3-9-720x475.jpeg",720,475,true]},"author_info":{"info":["tvalairenoti"]},"category_info":"<a href=\"http:\/\/tvalaire.com\/?cat=1\" rel=\"category\">La Piedad<\/a>","tag_info":"La Piedad","comment_count":"0","jetpack_featured_media_url":"http:\/\/tvalaire.com\/wp-content\/uploads\/2022\/08\/1-3-9.jpeg","_links":{"self":[{"href":"http:\/\/tvalaire.com\/index.php?rest_route=\/wp\/v2\/posts\/10438"}],"collection":[{"href":"http:\/\/tvalaire.com\/index.php?rest_route=\/wp\/v2\/posts"}],"about":[{"href":"http:\/\/tvalaire.com\/index.php?rest_route=\/wp\/v2\/types\/post"}],"author":[{"embeddable":true,"href":"http:\/\/tvalaire.com\/index.php?rest_route=\/wp\/v2\/users\/1"}],"replies":[{"embeddable":true,"href":"http:\/\/tvalaire.com\/index.php?rest_route=%2Fwp%2Fv2%2Fcomments&post=10438"}],"version-history":[{"count":1,"href":"http:\/\/tvalaire.com\/index.php?rest_route=\/wp\/v2\/posts\/10438\/revisions"}],"predecessor-version":[{"id":10464,"href":"http:\/\/tvalaire.com\/index.php?rest_route=\/wp\/v2\/posts\/10438\/revisions\/10464"}],"wp:featuredmedia":[{"embeddable":true,"href":"http:\/\/tvalaire.com\/index.php?rest_route=\/wp\/v2\/media\/10462"}],"wp:attachment":[{"href":"http:\/\/tvalaire.com\/index.php?rest_route=%2Fwp%2Fv2%2Fmedia&parent=10438"}],"wp:term":[{"taxonomy":"category","embeddable":true,"href":"http:\/\/tvalaire.com\/index.php?rest_route=%2Fwp%2Fv2%2Fcategories&post=10438"},{"taxonomy":"post_tag","embeddable":true,"href":"http:\/\/tvalaire.com\/index.php?rest_route=%2Fwp%2Fv2%2Ftags&post=10438"}],"curies":[{"name":"wp","href":"https:\/\/api.w.org\/{rel}","templated":true}]}}