{"id":1035,"date":"2017-03-22T09:22:32","date_gmt":"2017-03-22T15:22:32","guid":{"rendered":"http:\/\/tvalaire.com\/?p=1035"},"modified":"2017-03-22T09:22:32","modified_gmt":"2017-03-22T15:22:32","slug":"autoridades-municipales-encabezan-aniversario-por-natalicio-de-benito-juarez","status":"publish","type":"post","link":"http:\/\/tvalaire.com\/?p=1035","title":{"rendered":"AUTORIDADES MUNICIPALES ENCABEZAN ANIVERSARIO POR NATALICIO DE BENITO JU\u00c1REZ"},"content":{"rendered":"<p class=\"xgmail-standard\" style=\"text-align: center; background: white;\" align=\"center\"><b><span style=\"font-size: 16.0pt; font-family: 'Arial','sans-serif'; color: #212121;\">\u00a0<\/span><\/b><\/p>\n<p class=\"xgmail-standard\" style=\"text-align: justify; background: white; font-variant-ligatures: normal; font-variant-caps: normal; orphans: 2; widows: 2; -webkit-text-stroke-width: 0px; word-spacing: 0px;\"><span style=\"font-size: 13.0pt; font-family: 'Arial','sans-serif'; color: #212121;\">Haciendo valer la frase que dice: \u201cSi el plan no funciona, cambia el plan, pero no cambies la meta\u201d, el regidor de la comisi\u00f3n de Industria y Comercio, Crisanto Loeza Ru\u00edz se dirigi\u00f3 a los presentes durante el acto por el Natalicio de Benito Ju\u00e1rez en donde agradeci\u00f3 el apoyo que las organizaciones de comerciantes han recibido de parte del Alcalde Juan Manuel Estrada Medina, quien afirm\u00f3, s\u00ed ha hecho gesti\u00f3n pues no se ha cansado de tocar puertas y trabajar arduamente en la b\u00fasqueda de recursos para su pueblo.<\/span><\/p>\n<p class=\"xgmail-standard\" style=\"text-align: justify; background: white;\"><span style=\"font-size: 13.0pt; font-family: 'Arial','sans-serif'; color: #212121;\">El regidor Crisanto Loeza Ru\u00edz fue el orador oficial del acto por el 211 Aniversario del Natalicio del Benem\u00e9rito de las Am\u00e9ricas, Benito Ju\u00e1rez, de quien dijo: \u201cJu\u00e1rez se hace grande por la adversidad, por sus ideales y por su triunfo moral sobre los enemigos de la libertad y del progreso\u201d.<\/span><\/p>\n<p class=\"xgmail-standard\" style=\"text-align: justify; background: white;\"><span style=\"font-size: 13.0pt; font-family: 'Arial','sans-serif'; color: #212121;\">Por tanto consider\u00f3: \u201cel mejor homenaje que se pueda hacer a Ju\u00e1rez, es como lo ha hecho esta administraci\u00f3n, sirviendo a la sociedad sin distinci\u00f3n. Con pasi\u00f3n, entrega, sencillez y humildad\u201d.<\/span><\/p>\n<p class=\"xgmail-standard\" style=\"text-align: justify; background: white;\"><span style=\"font-size: 13.0pt; font-family: 'Arial','sans-serif'; color: #212121;\">Mencion\u00f3 que \u00e9sta ha sido la encomienda del alcalde Juan Manuel Estrada Medina: ser un gobierno de puertas abiertas, con claridad en sus acciones, no solapando injusticias ni malos manejos. Dejando en claro que el que no tenga ganas de servir que se vaya.<\/span><\/p>\n<p class=\"xgmail-standard\" style=\"text-align: justify; background: white;\"><span style=\"font-size: 13.0pt; font-family: 'Arial','sans-serif'; color: #212121;\">\u201cY como Ju\u00e1rez dijo: Como hijo del pueblo, nunca podr\u00eda yo olvidar que m\u00ed \u00fanico t\u00edtulo es su voluntad, y que mi \u00fanico fin debe ser siempre su mayor bien y prosperidad\u201d.<\/span><\/p>\n<p class=\"xgmail-standard\" style=\"text-align: justify; background: white;\"><span style=\"font-size: 13.0pt; font-family: 'Arial','sans-serif'; color: #212121;\">Crisanto Loeza indic\u00f3 que en la actualidad de nada sirve llamarse liberal o conservador, de derecha o izquierda, lo que realmente importa es distinguir al que edifica del que derrumba, al que crea del que destruye. La historia olvida las palabras, pero jam\u00e1s a aquellos que, con sus acciones, construyen un mejor pa\u00eds para todos. Porque construir a\u00f1adi\u00f3, es un arte.<\/span><\/p>\n<p class=\"xgmail-standard\" style=\"text-align: justify; background: white;\"><span style=\"font-size: 13.0pt; font-family: 'Arial','sans-serif'; color: #212121;\">El acto por el Natalicio de Benito Ju\u00e1rez se llev\u00f3 a cabo por la ma\u00f1ana frente al monumento del Benem\u00e9rito de las Am\u00e9ricas entre las calles Aquiles Serd\u00e1n y 5 de Febrero y estuvo encabezado por el Alcalde Juan Manuel Estrada Medina; el S\u00edndico Nicol\u00e1s Hermosillo Garc\u00eda; el Secretario del Ayuntamiento, Daniel V\u00e1zquez Zavala, los regidores que forman parte del Cabildo; Sergio Garc\u00eda, director de la escuela secundaria \u201cLic. Benito Ju\u00e1rez\u201d, Teresita Isabel Cano, directora del Instituto de Capacitaci\u00f3n para el Trabajo en Michoac\u00e1n (ICATMI); Juan Cabrera director del CONALEP; entre otros.<\/span><\/p>\n<p class=\"xgmail-standard\" style=\"text-align: justify; background: white; font-variant-ligatures: normal; font-variant-caps: normal; orphans: 2; widows: 2; -webkit-text-stroke-width: 0px; word-spacing: 0px;\"><span style=\"font-size: 13.0pt; font-family: 'Arial','sans-serif'; color: #212121;\">Durante el acto organizado por el Ayuntamiento, Comit\u00e9 C\u00edvico y la escuela Benito Ju\u00e1rez, se rindieron honores a la bandera y se enton\u00f3 el Himno Nacional, seguido del juramento a la Bandera que estuvo a cargo del alumno Diego Ismael Ayala Gonz\u00e1lez; la rese\u00f1a hist\u00f3rica que fue dada por el alumno Gildardo de Jes\u00fas Torres Varela y una poes\u00eda que ofreci\u00f3 la alumna Ana Estefan\u00eda Medina Garc\u00eda.<\/span><\/p>\n<p class=\"xgmail-standard\" style=\"text-align: justify; background: white;\"><span style=\"font-size: 13.0pt; font-family: 'Arial','sans-serif'; color: #212121;\">Posteriormente el discurso oficial que en esta ocasi\u00f3n le toc\u00f3 al regidor Crisanto Loeza Ruiz, quien para finalizar pidi\u00f3 que el ejemplo de Ju\u00e1rez sea el referente de conducta para la clase pol\u00edtica y social.<\/span><\/p>\n<p class=\"xgmail-standard\" style=\"text-align: justify; background: white;\"><span style=\"font-size: 13.0pt; font-family: 'Arial','sans-serif'; color: #212121;\">\u201cHago un llamado a todos, a la sociedad en general, para que seamos un ejemplo para las generaciones futuras, no podemos ser responsables de formar una sociedad degradante y decadente por la falta de valores heredados. Seamos un ejemplo de vida\u201d y record\u00f3: \u201cEntre los individuos como entre las naciones, el respeto al derecho ajeno es la paz\u201d.<\/span><\/p>\n<p class=\"xgmail-standard\" style=\"text-align: justify; background: white;\"><span style=\"font-size: 13.0pt; font-family: 'Arial','sans-serif'; color: #212121;\">Para concluir, todos los presentes colocaron una ofrenda floral y montaron guardia de honor en el monumento al Benem\u00e9rito de las Am\u00e9ricas Benito Ju\u00e1rez.<\/span><\/p>\n","protected":false},"excerpt":{"rendered":"<p>\u00a0 Haciendo valer la frase que dice: \u201cSi el plan no funciona, cambia el plan,&#8230;<\/p>\n","protected":false},"author":1,"featured_media":1018,"comment_status":"open","ping_status":"open","sticky":false,"template":"","format":"standard","meta":{"jetpack_post_was_ever_published":false,"_jetpack_newsletter_access":"","_jetpack_dont_email_post_to_subs":false,"_jetpack_newsletter_tier_id":0,"_jetpack_memberships_contains_paywalled_content":false,"_jetpack_memberships_contains_paid_content":false,"footnotes":"","jetpack_publicize_message":"","jetpack_publicize_feature_enabled":true,"jetpack_social_post_already_shared":false,"jetpack_social_options":{"image_generator_settings":{"template":"highway","enabled":false},"version":2}},"categories":[1],"tags":[15],"class_list":["post-1035","post","type-post","status-publish","format-standard","has-post-thumbnail","hentry","category-la-piedad","tag-la-piedad"],"jetpack_publicize_connections":[],"jetpack_sharing_enabled":true,"featured_image_urls":{"full":["http:\/\/tvalaire.com\/wp-content\/uploads\/2017\/03\/AUTORIDADES-MUNICIPALES-ENCABEZAN-ANIVERSARIO-POR-NATALICIO-DE-BENITO-JU\u00c1REZ.jpg",1024,683,false],"thumbnail":["http:\/\/tvalaire.com\/wp-content\/uploads\/2017\/03\/AUTORIDADES-MUNICIPALES-ENCABEZAN-ANIVERSARIO-POR-NATALICIO-DE-BENITO-JU\u00c1REZ-150x150.jpg",150,150,true],"medium":["http:\/\/tvalaire.com\/wp-content\/uploads\/2017\/03\/AUTORIDADES-MUNICIPALES-ENCABEZAN-ANIVERSARIO-POR-NATALICIO-DE-BENITO-JU\u00c1REZ-300x200.jpg",300,200,true],"medium_large":["http:\/\/tvalaire.com\/wp-content\/uploads\/2017\/03\/AUTORIDADES-MUNICIPALES-ENCABEZAN-ANIVERSARIO-POR-NATALICIO-DE-BENITO-JU\u00c1REZ-768x512.jpg",640,427,true],"large":["http:\/\/tvalaire.com\/wp-content\/uploads\/2017\/03\/AUTORIDADES-MUNICIPALES-ENCABEZAN-ANIVERSARIO-POR-NATALICIO-DE-BENITO-JU\u00c1REZ-1024x683.jpg",640,427,true],"post-slider-thumb-size":["http:\/\/tvalaire.com\/wp-content\/uploads\/2017\/03\/AUTORIDADES-MUNICIPALES-ENCABEZAN-ANIVERSARIO-POR-NATALICIO-DE-BENITO-JU\u00c1REZ.jpg",285,190,false],"post-category-slider-size":["http:\/\/tvalaire.com\/wp-content\/uploads\/2017\/03\/AUTORIDADES-MUNICIPALES-ENCABEZAN-ANIVERSARIO-POR-NATALICIO-DE-BENITO-JU\u00c1REZ.jpg",330,220,false],"1536x1536":["http:\/\/tvalaire.com\/wp-content\/uploads\/2017\/03\/AUTORIDADES-MUNICIPALES-ENCABEZAN-ANIVERSARIO-POR-NATALICIO-DE-BENITO-JU\u00c1REZ.jpg",1024,683,false],"2048x2048":["http:\/\/tvalaire.com\/wp-content\/uploads\/2017\/03\/AUTORIDADES-MUNICIPALES-ENCABEZAN-ANIVERSARIO-POR-NATALICIO-DE-BENITO-JU\u00c1REZ.jpg",1024,683,false],"newsium-slider-full":["http:\/\/tvalaire.com\/wp-content\/uploads\/2017\/03\/AUTORIDADES-MUNICIPALES-ENCABEZAN-ANIVERSARIO-POR-NATALICIO-DE-BENITO-JU\u00c1REZ.jpg",1024,683,false],"newsium-featured":["http:\/\/tvalaire.com\/wp-content\/uploads\/2017\/03\/AUTORIDADES-MUNICIPALES-ENCABEZAN-ANIVERSARIO-POR-NATALICIO-DE-BENITO-JU\u00c1REZ.jpg",1024,683,false],"newsium-medium":["http:\/\/tvalaire.com\/wp-content\/uploads\/2017\/03\/AUTORIDADES-MUNICIPALES-ENCABEZAN-ANIVERSARIO-POR-NATALICIO-DE-BENITO-JU\u00c1REZ.jpg",712,475,false]},"author_info":{"info":["tvalairenoti"]},"category_info":"<a href=\"http:\/\/tvalaire.com\/?cat=1\" rel=\"category\">La Piedad<\/a>","tag_info":"La Piedad","comment_count":"0","jetpack_featured_media_url":"http:\/\/tvalaire.com\/wp-content\/uploads\/2017\/03\/AUTORIDADES-MUNICIPALES-ENCABEZAN-ANIVERSARIO-POR-NATALICIO-DE-BENITO-JU\u00c1REZ.jpg","_links":{"self":[{"href":"http:\/\/tvalaire.com\/index.php?rest_route=\/wp\/v2\/posts\/1035"}],"collection":[{"href":"http:\/\/tvalaire.com\/index.php?rest_route=\/wp\/v2\/posts"}],"about":[{"href":"http:\/\/tvalaire.com\/index.php?rest_route=\/wp\/v2\/types\/post"}],"author":[{"embeddable":true,"href":"http:\/\/tvalaire.com\/index.php?rest_route=\/wp\/v2\/users\/1"}],"replies":[{"embeddable":true,"href":"http:\/\/tvalaire.com\/index.php?rest_route=%2Fwp%2Fv2%2Fcomments&post=1035"}],"version-history":[{"count":1,"href":"http:\/\/tvalaire.com\/index.php?rest_route=\/wp\/v2\/posts\/1035\/revisions"}],"predecessor-version":[{"id":1036,"href":"http:\/\/tvalaire.com\/index.php?rest_route=\/wp\/v2\/posts\/1035\/revisions\/1036"}],"wp:featuredmedia":[{"embeddable":true,"href":"http:\/\/tvalaire.com\/index.php?rest_route=\/wp\/v2\/media\/1018"}],"wp:attachment":[{"href":"http:\/\/tvalaire.com\/index.php?rest_route=%2Fwp%2Fv2%2Fmedia&parent=1035"}],"wp:term":[{"taxonomy":"category","embeddable":true,"href":"http:\/\/tvalaire.com\/index.php?rest_route=%2Fwp%2Fv2%2Fcategories&post=1035"},{"taxonomy":"post_tag","embeddable":true,"href":"http:\/\/tvalaire.com\/index.php?rest_route=%2Fwp%2Fv2%2Ftags&post=1035"}],"curies":[{"name":"wp","href":"https:\/\/api.w.org\/{rel}","templated":true}]}}