{"id":10328,"date":"2022-07-05T11:13:00","date_gmt":"2022-07-05T16:13:00","guid":{"rendered":"http:\/\/tvalaire.com\/?p=10328"},"modified":"2022-07-05T11:13:09","modified_gmt":"2022-07-05T16:13:09","slug":"proteger-a-la-infancia-michoacana-debe-ser-el-principal-objetivo-en-michoacnan-reyes-cosari","status":"publish","type":"post","link":"http:\/\/tvalaire.com\/?p=10328","title":{"rendered":"PROTEGER A LA INFANCIA MICHOACANA, DEBE SER EL PRINCIPAL OBJETIVO EN MICHOAC\u00d1AN: REYES COSARI"},"content":{"rendered":"\n<p><\/p>\n\n\n\n<ul class=\"wp-block-list\"><li>A trav\u00e9s de esta iniciativa, se solicitar\u00e1 la creaci\u00f3n de la Comisi\u00f3n para la Protecci\u00f3n de los Derechos de las Ni\u00f1as, Ni\u00f1os y Adolescentes en los Ayuntamientos de los 113 municipios de nuestro estado.<\/li><\/ul>\n\n\n\n<p>Morelia, Michoac\u00e1n; a 04 de julio de 2022.- M\u00e9xico es uno de los pa\u00edses pioneros al comprometerse a realizar acciones prioritarias que prevengan y reduzcan la violencia en contra de la ni\u00f1ez, expres\u00f3 Roberto Reyes Cosari, diputado por Morena, ante el Pleno del Congreso del Estado, al presentar el proyecto de decreto que busca formalizar la creaci\u00f3n de la Comisi\u00f3n para la Protecci\u00f3n de los Derechos de las Ni\u00f1as, Ni\u00f1os y Adolescentes en los Ayuntamientos de los 113 municipios de nuestro estado.<\/p>\n\n\n\n<p>Dicha Comisi\u00f3n implica Fomentar la generaci\u00f3n y aplicaci\u00f3n de mecanismos, acciones y programas que permitan impulsar acciones, en favor de los Derechos de las Ni\u00f1as, Ni\u00f1os y Adolescentes; as\u00ed como unir esfuerzos con las instancias y \u00e1reas competentes en la implementaci\u00f3n, dise\u00f1o y aplicaci\u00f3n de una pol\u00edtica p\u00fablica con perspectiva de derechos humanos en los \u00f3rganos, entidades, mecanismos, instancias, leyes, normas, pol\u00edticas, servicios y presupuestos de los Ayuntamientos.<\/p>\n\n\n\n<p>&#8220;Las ni\u00f1as, ni\u00f1os y adolescentes son el presente y futuro de la Naci\u00f3n, por eso debemos seguir trabajando e impulsando acciones, para que tengan un sano desarrollo, crezcan felices y en un ambiente lleno de amor, respeto, tolerancia, inclusi\u00f3n e igualdad, por lo que se les deben otorgar todas las garant\u00edas y facilidades para su sano crecimiento, fortaleciendo su participaci\u00f3n y atenci\u00f3n&#8221;, ratific\u00f3 Reyes Cosari.<\/p>\n\n\n\n<p>Reyes Cosari resalt\u00f3, con la creaci\u00f3n del Sistema de Protecci\u00f3n Integral de los Derechos de las Ni\u00f1as, Ni\u00f1os y Adolescentes (SIPINNA) se ha dise\u00f1ado la implementaci\u00f3n de una pol\u00edtica p\u00fablica con perspectiva de derechos humanos de la infancia y adolescencia para respetar, promover, proteger, restituir y restablecer sus derechos, as\u00ed como reparar el posible da\u00f1o ante la posible vulneraci\u00f3n de los mismos, por lo que, siendo el Municipio la c\u00e9lula b\u00e1sica de la organizaci\u00f3n pol\u00edtica del Estado, se propone esta modificaci\u00f3n para establecer la obligatoriedad de crear la Comisi\u00f3n Municipal para la Protecci\u00f3n de los Derechos de las Ni\u00f1as, Ni\u00f1os y Adolescentes y sus respectivas atribuciones, con el objeto de garantizar de manera transversal las pol\u00edticas p\u00fablicas y programas en defensa de los derechos humanos de este importante sector de la sociedad.<\/p>\n\n\n\n<p>&#8220;Es nuestra obligaci\u00f3n y deber garantizar el bienestar de las ni\u00f1as, ni\u00f1os y adolescentes del Estado de Michoac\u00e1n de Ocampo con acciones afirmativas, que les permitan un sano desarrollo y la garant\u00eda de sus derechos humanos, Ni\u00f1a, Ni\u00f1o y Adolescente feliz, sin duda ser\u00e1 un adulto productivo y proactivo, contribuyamos desde este congreso a ello&#8221;, finaliz\u00f3 Reyes Cosari.<\/p>\n","protected":false},"excerpt":{"rendered":"<p>A trav\u00e9s de esta iniciativa, se solicitar\u00e1 la creaci\u00f3n de la Comisi\u00f3n para la Protecci\u00f3n&#8230;<\/p>\n","protected":false},"author":1,"featured_media":10329,"comment_status":"open","ping_status":"open","sticky":false,"template":"","format":"standard","meta":{"jetpack_post_was_ever_published":false,"_jetpack_newsletter_access":"","_jetpack_dont_email_post_to_subs":false,"_jetpack_newsletter_tier_id":0,"_jetpack_memberships_contains_paywalled_content":false,"_jetpack_memberships_contains_paid_content":false,"footnotes":"","jetpack_publicize_message":"","jetpack_publicize_feature_enabled":true,"jetpack_social_post_already_shared":true,"jetpack_social_options":{"image_generator_settings":{"template":"highway","enabled":false},"version":2}},"categories":[31,35],"tags":[15,36],"class_list":["post-10328","post","type-post","status-publish","format-standard","has-post-thumbnail","hentry","category-estado","category-principales","tag-la-piedad","tag-principales"],"jetpack_publicize_connections":[],"jetpack_sharing_enabled":true,"featured_image_urls":{"full":["http:\/\/tvalaire.com\/wp-content\/uploads\/2022\/07\/WhatsApp-Image-2022-06-22-at-7.46.59-PM.jpeg",1061,707,false],"thumbnail":["http:\/\/tvalaire.com\/wp-content\/uploads\/2022\/07\/WhatsApp-Image-2022-06-22-at-7.46.59-PM-150x150.jpeg",150,150,true],"medium":["http:\/\/tvalaire.com\/wp-content\/uploads\/2022\/07\/WhatsApp-Image-2022-06-22-at-7.46.59-PM-300x200.jpeg",300,200,true],"medium_large":["http:\/\/tvalaire.com\/wp-content\/uploads\/2022\/07\/WhatsApp-Image-2022-06-22-at-7.46.59-PM-768x512.jpeg",640,427,true],"large":["http:\/\/tvalaire.com\/wp-content\/uploads\/2022\/07\/WhatsApp-Image-2022-06-22-at-7.46.59-PM-1024x682.jpeg",640,426,true],"post-slider-thumb-size":["http:\/\/tvalaire.com\/wp-content\/uploads\/2022\/07\/WhatsApp-Image-2022-06-22-at-7.46.59-PM-330x190.jpeg",330,190,true],"post-category-slider-size":["http:\/\/tvalaire.com\/wp-content\/uploads\/2022\/07\/WhatsApp-Image-2022-06-22-at-7.46.59-PM.jpeg",330,220,false],"1536x1536":["http:\/\/tvalaire.com\/wp-content\/uploads\/2022\/07\/WhatsApp-Image-2022-06-22-at-7.46.59-PM.jpeg",1061,707,false],"2048x2048":["http:\/\/tvalaire.com\/wp-content\/uploads\/2022\/07\/WhatsApp-Image-2022-06-22-at-7.46.59-PM.jpeg",1061,707,false],"newsium-slider-full":["http:\/\/tvalaire.com\/wp-content\/uploads\/2022\/07\/WhatsApp-Image-2022-06-22-at-7.46.59-PM.jpeg",1061,707,false],"newsium-featured":["http:\/\/tvalaire.com\/wp-content\/uploads\/2022\/07\/WhatsApp-Image-2022-06-22-at-7.46.59-PM-1024x682.jpeg",1024,682,true],"newsium-medium":["http:\/\/tvalaire.com\/wp-content\/uploads\/2022\/07\/WhatsApp-Image-2022-06-22-at-7.46.59-PM-720x475.jpeg",720,475,true]},"author_info":{"info":["tvalairenoti"]},"category_info":"<a href=\"http:\/\/tvalaire.com\/?cat=31\" rel=\"category\">Estado<\/a> <a href=\"http:\/\/tvalaire.com\/?cat=35\" rel=\"category\">Principales<\/a>","tag_info":"Principales","comment_count":"0","jetpack_featured_media_url":"http:\/\/tvalaire.com\/wp-content\/uploads\/2022\/07\/WhatsApp-Image-2022-06-22-at-7.46.59-PM.jpeg","_links":{"self":[{"href":"http:\/\/tvalaire.com\/index.php?rest_route=\/wp\/v2\/posts\/10328"}],"collection":[{"href":"http:\/\/tvalaire.com\/index.php?rest_route=\/wp\/v2\/posts"}],"about":[{"href":"http:\/\/tvalaire.com\/index.php?rest_route=\/wp\/v2\/types\/post"}],"author":[{"embeddable":true,"href":"http:\/\/tvalaire.com\/index.php?rest_route=\/wp\/v2\/users\/1"}],"replies":[{"embeddable":true,"href":"http:\/\/tvalaire.com\/index.php?rest_route=%2Fwp%2Fv2%2Fcomments&post=10328"}],"version-history":[{"count":1,"href":"http:\/\/tvalaire.com\/index.php?rest_route=\/wp\/v2\/posts\/10328\/revisions"}],"predecessor-version":[{"id":10330,"href":"http:\/\/tvalaire.com\/index.php?rest_route=\/wp\/v2\/posts\/10328\/revisions\/10330"}],"wp:featuredmedia":[{"embeddable":true,"href":"http:\/\/tvalaire.com\/index.php?rest_route=\/wp\/v2\/media\/10329"}],"wp:attachment":[{"href":"http:\/\/tvalaire.com\/index.php?rest_route=%2Fwp%2Fv2%2Fmedia&parent=10328"}],"wp:term":[{"taxonomy":"category","embeddable":true,"href":"http:\/\/tvalaire.com\/index.php?rest_route=%2Fwp%2Fv2%2Fcategories&post=10328"},{"taxonomy":"post_tag","embeddable":true,"href":"http:\/\/tvalaire.com\/index.php?rest_route=%2Fwp%2Fv2%2Ftags&post=10328"}],"curies":[{"name":"wp","href":"https:\/\/api.w.org\/{rel}","templated":true}]}}