{"id":10311,"date":"2022-06-01T10:59:00","date_gmt":"2022-06-01T15:59:00","guid":{"rendered":"http:\/\/tvalaire.com\/?p=10311"},"modified":"2022-07-05T11:06:20","modified_gmt":"2022-07-05T16:06:20","slug":"construiran-segunda-etapa-de-pedro-aceves","status":"publish","type":"post","link":"http:\/\/tvalaire.com\/?p=10311","title":{"rendered":"CONSTRUIR\u00c1N SEGUNDA ETAPA DE PEDRO ACEVES"},"content":{"rendered":"\n<p><\/p>\n\n\n\n<ul class=\"wp-block-list\"><li><strong>Rehabilitar\u00e1n calle 25 de julio<\/strong><\/li><li><strong>Contin\u00faan las mejoras viales en el Municipio <a><\/a><\/strong><\/li><\/ul>\n\n\n\n<p>El Gobierno Municipal de La Piedad encabezado por Samuel Hidalgo, realiz\u00f3 el arranque de obras p\u00fablicas de las calles Pedro Aceves Y 25 de julio, en las cuales se rehabilitar\u00e1 el pavimento, as\u00ed como el drenaje de las mismas, todo ello con el prop\u00f3sito de brindar una mejor infraestructura vial en el Municipio.<\/p>\n\n\n\n<p>\u201cSeguiremos realizando acciones en funci\u00f3n de ustedes\u201d, as\u00ed lo mencion\u00f3 el alcalde, donde tambi\u00e9n invit\u00f3 a la ciudadan\u00eda a respetar los espacios en los cuales se estar\u00e1n trabajando.<\/p>\n\n\n\n<p>Por su parte, en la calle Pedro Aceves localizada en la colonia Banquetes se har\u00e1 la segunda etapa de pavimentaci\u00f3n y drenaje, la cual consiste en la construcci\u00f3n de 893 metros cuadrados de pavimento hidr\u00e1ulico y la instalaci\u00f3n de tuber\u00eda corrugada de alta densidad, esto sum\u00e1ndose a la primera etapa en la cual previamente se construyeron 1068 metros cuadrados.<\/p>\n\n\n\n<p>As\u00ed mismo, en la calle 25 de julio ubicada en la colonia Centro se har\u00e1 la construcci\u00f3n de colector pluvial y sanitario, as\u00ed como la colocaci\u00f3n de 134 metros cuadrados de concreto hidr\u00e1ulico, esto para mejorar las condiciones tanto de drenaje como de vialidad.<\/p>\n\n\n\n<figure class=\"wp-block-image size-large is-style-default\"><img loading=\"lazy\" decoding=\"async\" width=\"1024\" height=\"682\" src=\"http:\/\/tvalaire.com\/wp-content\/uploads\/2022\/07\/1-4-8-1024x682.jpeg\" alt=\"\" class=\"wp-image-10323\" srcset=\"http:\/\/tvalaire.com\/wp-content\/uploads\/2022\/07\/1-4-8-1024x682.jpeg 1024w, http:\/\/tvalaire.com\/wp-content\/uploads\/2022\/07\/1-4-8-300x200.jpeg 300w, http:\/\/tvalaire.com\/wp-content\/uploads\/2022\/07\/1-4-8-768x512.jpeg 768w, http:\/\/tvalaire.com\/wp-content\/uploads\/2022\/07\/1-4-8.jpeg 1280w\" sizes=\"(max-width: 1024px) 100vw, 1024px\" \/><\/figure>\n","protected":false},"excerpt":{"rendered":"<p>Rehabilitar\u00e1n calle 25 de julio Contin\u00faan las mejoras viales en el Municipio El Gobierno Municipal&#8230;<\/p>\n","protected":false},"author":1,"featured_media":10322,"comment_status":"open","ping_status":"open","sticky":false,"template":"","format":"standard","meta":{"jetpack_post_was_ever_published":false,"_jetpack_newsletter_access":"","_jetpack_dont_email_post_to_subs":false,"_jetpack_newsletter_tier_id":0,"_jetpack_memberships_contains_paywalled_content":false,"_jetpack_memberships_contains_paid_content":false,"footnotes":"","jetpack_publicize_message":"","jetpack_publicize_feature_enabled":true,"jetpack_social_post_already_shared":true,"jetpack_social_options":{"image_generator_settings":{"template":"highway","enabled":false},"version":2}},"categories":[1],"tags":[15],"class_list":["post-10311","post","type-post","status-publish","format-standard","has-post-thumbnail","hentry","category-la-piedad","tag-la-piedad"],"jetpack_publicize_connections":[],"jetpack_sharing_enabled":true,"featured_image_urls":{"full":["http:\/\/tvalaire.com\/wp-content\/uploads\/2022\/07\/1-3-10.jpeg",1280,853,false],"thumbnail":["http:\/\/tvalaire.com\/wp-content\/uploads\/2022\/07\/1-3-10-150x150.jpeg",150,150,true],"medium":["http:\/\/tvalaire.com\/wp-content\/uploads\/2022\/07\/1-3-10-300x200.jpeg",300,200,true],"medium_large":["http:\/\/tvalaire.com\/wp-content\/uploads\/2022\/07\/1-3-10-768x512.jpeg",640,427,true],"large":["http:\/\/tvalaire.com\/wp-content\/uploads\/2022\/07\/1-3-10-1024x682.jpeg",640,426,true],"post-slider-thumb-size":["http:\/\/tvalaire.com\/wp-content\/uploads\/2022\/07\/1-3-10-330x190.jpeg",330,190,true],"post-category-slider-size":["http:\/\/tvalaire.com\/wp-content\/uploads\/2022\/07\/1-3-10.jpeg",330,220,false],"1536x1536":["http:\/\/tvalaire.com\/wp-content\/uploads\/2022\/07\/1-3-10.jpeg",1280,853,false],"2048x2048":["http:\/\/tvalaire.com\/wp-content\/uploads\/2022\/07\/1-3-10.jpeg",1280,853,false],"newsium-slider-full":["http:\/\/tvalaire.com\/wp-content\/uploads\/2022\/07\/1-3-10-1280x845.jpeg",1280,845,true],"newsium-featured":["http:\/\/tvalaire.com\/wp-content\/uploads\/2022\/07\/1-3-10-1024x682.jpeg",1024,682,true],"newsium-medium":["http:\/\/tvalaire.com\/wp-content\/uploads\/2022\/07\/1-3-10-720x475.jpeg",720,475,true]},"author_info":{"info":["tvalairenoti"]},"category_info":"<a href=\"http:\/\/tvalaire.com\/?cat=1\" rel=\"category\">La Piedad<\/a>","tag_info":"La Piedad","comment_count":"0","jetpack_featured_media_url":"http:\/\/tvalaire.com\/wp-content\/uploads\/2022\/07\/1-3-10.jpeg","_links":{"self":[{"href":"http:\/\/tvalaire.com\/index.php?rest_route=\/wp\/v2\/posts\/10311"}],"collection":[{"href":"http:\/\/tvalaire.com\/index.php?rest_route=\/wp\/v2\/posts"}],"about":[{"href":"http:\/\/tvalaire.com\/index.php?rest_route=\/wp\/v2\/types\/post"}],"author":[{"embeddable":true,"href":"http:\/\/tvalaire.com\/index.php?rest_route=\/wp\/v2\/users\/1"}],"replies":[{"embeddable":true,"href":"http:\/\/tvalaire.com\/index.php?rest_route=%2Fwp%2Fv2%2Fcomments&post=10311"}],"version-history":[{"count":1,"href":"http:\/\/tvalaire.com\/index.php?rest_route=\/wp\/v2\/posts\/10311\/revisions"}],"predecessor-version":[{"id":10324,"href":"http:\/\/tvalaire.com\/index.php?rest_route=\/wp\/v2\/posts\/10311\/revisions\/10324"}],"wp:featuredmedia":[{"embeddable":true,"href":"http:\/\/tvalaire.com\/index.php?rest_route=\/wp\/v2\/media\/10322"}],"wp:attachment":[{"href":"http:\/\/tvalaire.com\/index.php?rest_route=%2Fwp%2Fv2%2Fmedia&parent=10311"}],"wp:term":[{"taxonomy":"category","embeddable":true,"href":"http:\/\/tvalaire.com\/index.php?rest_route=%2Fwp%2Fv2%2Fcategories&post=10311"},{"taxonomy":"post_tag","embeddable":true,"href":"http:\/\/tvalaire.com\/index.php?rest_route=%2Fwp%2Fv2%2Ftags&post=10311"}],"curies":[{"name":"wp","href":"https:\/\/api.w.org\/{rel}","templated":true}]}}