{"id":10309,"date":"2022-06-08T10:59:00","date_gmt":"2022-06-08T15:59:00","guid":{"rendered":"http:\/\/tvalaire.com\/?p=10309"},"modified":"2022-07-05T11:03:11","modified_gmt":"2022-07-05T16:03:11","slug":"entregan-reconocimientos-por-el-dia-municipal-del-periodista","status":"publish","type":"post","link":"http:\/\/tvalaire.com\/?p=10309","title":{"rendered":"ENTREGAN RECONOCIMIENTOS POR EL D\u00cdA MUNICIPAL DEL PERIODISTA"},"content":{"rendered":"\n<p><\/p>\n\n\n\n<ul class=\"wp-block-list\"><li><strong>Galardonan a Jos\u00e9 Leonardo C\u00f3rdoba Hern\u00e1ndez por 30 a\u00f1os de periodismo <\/strong><strong><\/strong><\/li><li><strong>\u201cGracias por su servicio a la poblaci\u00f3n a trav\u00e9s de la informaci\u00f3n\u201d: Samuel Hidalgo <\/strong><a><\/a><strong><\/strong><\/li><\/ul>\n\n\n\n<p>En un acto conmemorativo y celebre el presidente municipal Samuel Hidalgo, les otorg\u00f3 diversos reconocimientos a medios de comunicaci\u00f3n de la localidad, esto como parte del D\u00eda Municipal del Periodista.<\/p>\n\n\n\n<p>\u201cUstedes, los periodistas, forman parte de un grupo virtuosos de personas que, a trav\u00e9s de sus escritos, nos proporcionan con veracidad la informaci\u00f3n, para saber, conocer y actuar ante el contexto que nos brinda la sociedad; su trabajo, es imprescindible para todos, por ello, les reconozco su labor en favor de los ciudadanos\u201d; expres\u00f3 el edil.<\/p>\n\n\n\n<p>Por su parte, dentro del acto, el mun\u00edcipe galardono al periodista Jos\u00e9 Leonardo C\u00f3rdoba Hern\u00e1ndez por sus 30 a\u00f1os de trayectoria en el periodismo local, donde a trav\u00e9s de unas emotivas palabras, Leonardo C\u00f3rdoba agradeci\u00f3 este reconocimiento hacia su persona, haciendo hincapi\u00e9 que ha sido una profesi\u00f3n que a diario ejerce con el coraz\u00f3n.<\/p>\n\n\n\n<p>Al finalizar, Hidalgo Gallardo, agradeci\u00f3 a los asistentes por ser parte de este acto, invitando a los periodistas a que sigan trabajando como hasta ahora, en funci\u00f3n del servicio a los piedadenses a trav\u00e9s de la informaci\u00f3n.<\/p>\n","protected":false},"excerpt":{"rendered":"<p>Galardonan a Jos\u00e9 Leonardo C\u00f3rdoba Hern\u00e1ndez por 30 a\u00f1os de periodismo \u201cGracias por su servicio&#8230;<\/p>\n","protected":false},"author":1,"featured_media":10317,"comment_status":"open","ping_status":"open","sticky":false,"template":"","format":"standard","meta":{"jetpack_post_was_ever_published":false,"_jetpack_newsletter_access":"","_jetpack_dont_email_post_to_subs":false,"_jetpack_newsletter_tier_id":0,"_jetpack_memberships_contains_paywalled_content":false,"_jetpack_memberships_contains_paid_content":false,"footnotes":"","jetpack_publicize_message":"","jetpack_publicize_feature_enabled":true,"jetpack_social_post_already_shared":true,"jetpack_social_options":{"image_generator_settings":{"template":"highway","enabled":false},"version":2}},"categories":[1],"tags":[15],"class_list":["post-10309","post","type-post","status-publish","format-standard","has-post-thumbnail","hentry","category-la-piedad","tag-la-piedad"],"jetpack_publicize_connections":[],"jetpack_sharing_enabled":true,"featured_image_urls":{"full":["http:\/\/tvalaire.com\/wp-content\/uploads\/2022\/07\/WhatsApp-Image-2022-06-07-at-9.29.16-PM-1.jpeg",1600,1064,false],"thumbnail":["http:\/\/tvalaire.com\/wp-content\/uploads\/2022\/07\/WhatsApp-Image-2022-06-07-at-9.29.16-PM-1-150x150.jpeg",150,150,true],"medium":["http:\/\/tvalaire.com\/wp-content\/uploads\/2022\/07\/WhatsApp-Image-2022-06-07-at-9.29.16-PM-1-300x200.jpeg",300,200,true],"medium_large":["http:\/\/tvalaire.com\/wp-content\/uploads\/2022\/07\/WhatsApp-Image-2022-06-07-at-9.29.16-PM-1-768x511.jpeg",640,426,true],"large":["http:\/\/tvalaire.com\/wp-content\/uploads\/2022\/07\/WhatsApp-Image-2022-06-07-at-9.29.16-PM-1-1024x681.jpeg",640,426,true],"post-slider-thumb-size":["http:\/\/tvalaire.com\/wp-content\/uploads\/2022\/07\/WhatsApp-Image-2022-06-07-at-9.29.16-PM-1-330x190.jpeg",330,190,true],"post-category-slider-size":["http:\/\/tvalaire.com\/wp-content\/uploads\/2022\/07\/WhatsApp-Image-2022-06-07-at-9.29.16-PM-1.jpeg",330,219,false],"1536x1536":["http:\/\/tvalaire.com\/wp-content\/uploads\/2022\/07\/WhatsApp-Image-2022-06-07-at-9.29.16-PM-1-1536x1021.jpeg",1536,1021,true],"2048x2048":["http:\/\/tvalaire.com\/wp-content\/uploads\/2022\/07\/WhatsApp-Image-2022-06-07-at-9.29.16-PM-1.jpeg",1600,1064,false],"newsium-slider-full":["http:\/\/tvalaire.com\/wp-content\/uploads\/2022\/07\/WhatsApp-Image-2022-06-07-at-9.29.16-PM-1-1280x845.jpeg",1280,845,true],"newsium-featured":["http:\/\/tvalaire.com\/wp-content\/uploads\/2022\/07\/WhatsApp-Image-2022-06-07-at-9.29.16-PM-1-1024x681.jpeg",1024,681,true],"newsium-medium":["http:\/\/tvalaire.com\/wp-content\/uploads\/2022\/07\/WhatsApp-Image-2022-06-07-at-9.29.16-PM-1-720x475.jpeg",720,475,true]},"author_info":{"info":["tvalairenoti"]},"category_info":"<a href=\"http:\/\/tvalaire.com\/?cat=1\" rel=\"category\">La Piedad<\/a>","tag_info":"La Piedad","comment_count":"0","jetpack_featured_media_url":"http:\/\/tvalaire.com\/wp-content\/uploads\/2022\/07\/WhatsApp-Image-2022-06-07-at-9.29.16-PM-1.jpeg","_links":{"self":[{"href":"http:\/\/tvalaire.com\/index.php?rest_route=\/wp\/v2\/posts\/10309"}],"collection":[{"href":"http:\/\/tvalaire.com\/index.php?rest_route=\/wp\/v2\/posts"}],"about":[{"href":"http:\/\/tvalaire.com\/index.php?rest_route=\/wp\/v2\/types\/post"}],"author":[{"embeddable":true,"href":"http:\/\/tvalaire.com\/index.php?rest_route=\/wp\/v2\/users\/1"}],"replies":[{"embeddable":true,"href":"http:\/\/tvalaire.com\/index.php?rest_route=%2Fwp%2Fv2%2Fcomments&post=10309"}],"version-history":[{"count":1,"href":"http:\/\/tvalaire.com\/index.php?rest_route=\/wp\/v2\/posts\/10309\/revisions"}],"predecessor-version":[{"id":10318,"href":"http:\/\/tvalaire.com\/index.php?rest_route=\/wp\/v2\/posts\/10309\/revisions\/10318"}],"wp:featuredmedia":[{"embeddable":true,"href":"http:\/\/tvalaire.com\/index.php?rest_route=\/wp\/v2\/media\/10317"}],"wp:attachment":[{"href":"http:\/\/tvalaire.com\/index.php?rest_route=%2Fwp%2Fv2%2Fmedia&parent=10309"}],"wp:term":[{"taxonomy":"category","embeddable":true,"href":"http:\/\/tvalaire.com\/index.php?rest_route=%2Fwp%2Fv2%2Fcategories&post=10309"},{"taxonomy":"post_tag","embeddable":true,"href":"http:\/\/tvalaire.com\/index.php?rest_route=%2Fwp%2Fv2%2Ftags&post=10309"}],"curies":[{"name":"wp","href":"https:\/\/api.w.org\/{rel}","templated":true}]}}