{"id":10308,"date":"2022-06-10T10:59:00","date_gmt":"2022-06-10T15:59:00","guid":{"rendered":"http:\/\/tvalaire.com\/?p=10308"},"modified":"2022-07-05T11:01:57","modified_gmt":"2022-07-05T16:01:57","slug":"injup-orienta-a-los-jovenes-a-traves-del-taller-escuela-para-padres","status":"publish","type":"post","link":"http:\/\/tvalaire.com\/?p=10308","title":{"rendered":"INJUP ORIENTA A LOS JOVENES A TRAV\u00c9S DEL TALLER ESCUELA PARA PADRES"},"content":{"rendered":"\n<p><\/p>\n\n\n\n<ul class=\"wp-block-list\"><li><strong>Realizan taller para padres de familia de diversas instituciones <\/strong><strong><\/strong><\/li><li><strong>Invitan a la ciudadan\u00eda a participar en estos cursos<\/strong><\/li><\/ul>\n\n\n\n<p>El Gobierno Municipal de La Piedad, a trav\u00e9s del Instituto de la Juventud Piedadenses, realizaron el taller \u201cEscuela para Padres\u201d, en el auditorio del CONALEP, mismo que dio inicio el pasado 12 de mayo y ha tenido continuidad durante las semanas pr\u00f3ximas a este. <a><\/a><\/p>\n\n\n\n<p>Diego Alejandro Pimentel Zambrano, director de INJUP coment\u00f3 que la importancia de realizar estos talleres, es para que los j\u00f3venes puedan tener una atenci\u00f3n integra, a trav\u00e9s de sus padres, quienes son los primeros en orientarlos.<\/p>\n\n\n\n<p>Dentro del curso, se abarcaron diferentes temas, los cuales fueron: La misi\u00f3n de ser padres, Normas, reglas y l\u00edmites, Salud y expresi\u00f3n emocional, Prevenci\u00f3n de adicciones, mismos que se impartieron por Gabriela Villase\u00f1or del Centro de Integraci\u00f3n Juvenil.<\/p>\n\n\n\n<p>As\u00ed mismo, dentro de los asistentes, fueron padres de familia de diversas instituciones, entre ellas: CBTIS 84, CONALEP, Preparatoria M\u00e1rtires de la Reforma, as\u00ed como pap\u00e1s de la Secundaria T\u00e9cnica N\u00famero 20.<\/p>\n\n\n\n<p>Por \u00faltimo, el Pimentel Zambrano, hizo una cordial invitaci\u00f3n a los padres que se requieran conocer m\u00e1s a fondo sobre estos temas, puntualizando que pueden llamar al 352 522 5671 o bien acerc\u00e1ndose al Instituto de la Juventud Piedadense.<\/p>\n","protected":false},"excerpt":{"rendered":"<p>Realizan taller para padres de familia de diversas instituciones Invitan a la ciudadan\u00eda a participar&#8230;<\/p>\n","protected":false},"author":1,"featured_media":10315,"comment_status":"open","ping_status":"open","sticky":false,"template":"","format":"standard","meta":{"jetpack_post_was_ever_published":false,"_jetpack_newsletter_access":"","_jetpack_dont_email_post_to_subs":false,"_jetpack_newsletter_tier_id":0,"_jetpack_memberships_contains_paywalled_content":false,"_jetpack_memberships_contains_paid_content":false,"footnotes":"","jetpack_publicize_message":"","jetpack_publicize_feature_enabled":true,"jetpack_social_post_already_shared":true,"jetpack_social_options":{"image_generator_settings":{"template":"highway","enabled":false},"version":2}},"categories":[1],"tags":[15],"class_list":["post-10308","post","type-post","status-publish","format-standard","has-post-thumbnail","hentry","category-la-piedad","tag-la-piedad"],"jetpack_publicize_connections":[],"jetpack_sharing_enabled":true,"featured_image_urls":{"full":["http:\/\/tvalaire.com\/wp-content\/uploads\/2022\/07\/1-1-10.jpeg",1600,757,false],"thumbnail":["http:\/\/tvalaire.com\/wp-content\/uploads\/2022\/07\/1-1-10-150x150.jpeg",150,150,true],"medium":["http:\/\/tvalaire.com\/wp-content\/uploads\/2022\/07\/1-1-10-300x142.jpeg",300,142,true],"medium_large":["http:\/\/tvalaire.com\/wp-content\/uploads\/2022\/07\/1-1-10-768x363.jpeg",640,303,true],"large":["http:\/\/tvalaire.com\/wp-content\/uploads\/2022\/07\/1-1-10-1024x484.jpeg",640,303,true],"post-slider-thumb-size":["http:\/\/tvalaire.com\/wp-content\/uploads\/2022\/07\/1-1-10-330x190.jpeg",330,190,true],"post-category-slider-size":["http:\/\/tvalaire.com\/wp-content\/uploads\/2022\/07\/1-1-10.jpeg",330,156,false],"1536x1536":["http:\/\/tvalaire.com\/wp-content\/uploads\/2022\/07\/1-1-10-1536x727.jpeg",1536,727,true],"2048x2048":["http:\/\/tvalaire.com\/wp-content\/uploads\/2022\/07\/1-1-10.jpeg",1600,757,false],"newsium-slider-full":["http:\/\/tvalaire.com\/wp-content\/uploads\/2022\/07\/1-1-10-1280x757.jpeg",1280,757,true],"newsium-featured":["http:\/\/tvalaire.com\/wp-content\/uploads\/2022\/07\/1-1-10-1024x484.jpeg",1024,484,true],"newsium-medium":["http:\/\/tvalaire.com\/wp-content\/uploads\/2022\/07\/1-1-10-720x475.jpeg",720,475,true]},"author_info":{"info":["tvalairenoti"]},"category_info":"<a href=\"http:\/\/tvalaire.com\/?cat=1\" rel=\"category\">La Piedad<\/a>","tag_info":"La Piedad","comment_count":"0","jetpack_featured_media_url":"http:\/\/tvalaire.com\/wp-content\/uploads\/2022\/07\/1-1-10.jpeg","_links":{"self":[{"href":"http:\/\/tvalaire.com\/index.php?rest_route=\/wp\/v2\/posts\/10308"}],"collection":[{"href":"http:\/\/tvalaire.com\/index.php?rest_route=\/wp\/v2\/posts"}],"about":[{"href":"http:\/\/tvalaire.com\/index.php?rest_route=\/wp\/v2\/types\/post"}],"author":[{"embeddable":true,"href":"http:\/\/tvalaire.com\/index.php?rest_route=\/wp\/v2\/users\/1"}],"replies":[{"embeddable":true,"href":"http:\/\/tvalaire.com\/index.php?rest_route=%2Fwp%2Fv2%2Fcomments&post=10308"}],"version-history":[{"count":1,"href":"http:\/\/tvalaire.com\/index.php?rest_route=\/wp\/v2\/posts\/10308\/revisions"}],"predecessor-version":[{"id":10316,"href":"http:\/\/tvalaire.com\/index.php?rest_route=\/wp\/v2\/posts\/10308\/revisions\/10316"}],"wp:featuredmedia":[{"embeddable":true,"href":"http:\/\/tvalaire.com\/index.php?rest_route=\/wp\/v2\/media\/10315"}],"wp:attachment":[{"href":"http:\/\/tvalaire.com\/index.php?rest_route=%2Fwp%2Fv2%2Fmedia&parent=10308"}],"wp:term":[{"taxonomy":"category","embeddable":true,"href":"http:\/\/tvalaire.com\/index.php?rest_route=%2Fwp%2Fv2%2Fcategories&post=10308"},{"taxonomy":"post_tag","embeddable":true,"href":"http:\/\/tvalaire.com\/index.php?rest_route=%2Fwp%2Fv2%2Ftags&post=10308"}],"curies":[{"name":"wp","href":"https:\/\/api.w.org\/{rel}","templated":true}]}}