{"id":10307,"date":"2022-06-13T10:59:00","date_gmt":"2022-06-13T15:59:00","guid":{"rendered":"http:\/\/tvalaire.com\/?p=10307"},"modified":"2022-07-05T11:00:50","modified_gmt":"2022-07-05T16:00:50","slug":"reunen-9-toneladas-de-basura-en-la-jornada-mi-ciudad-limpia","status":"publish","type":"post","link":"http:\/\/tvalaire.com\/?p=10307","title":{"rendered":"REUNEN 9 TONELADAS DE BASURA EN LA JORNADA \u201cMI CIUDAD LIMPIA\u201d"},"content":{"rendered":"\n<p><\/p>\n\n\n\n<ul class=\"wp-block-list\"><li><strong>Participan 250 voluntarios en campa\u00f1a de limpieza<\/strong><\/li><li><strong>Recorren diferentes zonas de La Piedad para realizar recolecci\u00f3n de basura<\/strong><\/li><\/ul>\n\n\n\n<p>El Gobierno Municipal de La Piedad, a trav\u00e9s de la Direcci\u00f3n de Servicios P\u00fablicos y Ecolog\u00eda, realiz\u00f3 la campa\u00f1a de limpieza \u201cMi Ciudad Limpia\u201d, donde participaron 250 voluntarios del sectoreducativo, empresarial y del gobierno municipal, con el objetivo de recolectar la basura en diferentes puntos del municipio.<\/p>\n\n\n\n<p>Samuel Hidalgo presidente de La Piedad, coment\u00f3 que estas acciones se emprenden con el prop\u00f3sito de generar una conciencia colectiva, para que est\u00e1 generaci\u00f3n de ciudadanos emprendan la cultura de no tirar basura en la v\u00eda <a><\/a>p\u00fablica, lotes o en caminos rurales, ya que el sistema de recolecci\u00f3n hace su parte pasando en horarios establecidos, por locual depositar la basura en su lugar debe de ser una tarea de todos.<\/p>\n\n\n\n<p>A\u00f1adi\u00f3 que \u201cuna ciudad limpia no es la que m\u00e1s barre, si no la que menos basura genera\u201d nuestro mayor reto es que la pr\u00f3xima jornada se re\u00fanan menos toneladas hasta que logremos la meta \u201c0\u201d, as\u00ed mimo expres\u00f3 su agradecimiento con todas las personas que se sumaron a la jornada.<\/p>\n\n\n\n<p>Ram\u00f3n Romero Ram\u00edrez Director de Servicios P\u00fablicos y Ecolog\u00eda, mencion\u00f3 que la recolecci\u00f3n abarc\u00f3 diversas colonias de la ciudad, de las que fueron: la colonia Santa Fe, Primero de Mayo, as\u00ed como en las calles Arteaga, Madero, Insurgentes y el boulevard L\u00e1zaro C\u00e1rdenas y Adolfo L\u00f3pez Mateos, as\u00ed mismo, recorrieron El Salto, El Mirador, el camino al relleno sanitario y los pol\u00edgonos ANDANAC y Tanque Elevado, entre otros.<\/p>\n\n\n\n<p>Por su parte Romero Ram\u00edrez, recalc\u00f3 que gracias a esta jornada se reunieron nueve toneladas de basura, al igual, invit\u00f3 a la poblaci\u00f3n a continuar con esta campa\u00f1a de limpieza permanente, en acciones significativas como tirar la basura en su lugar, barriendo el frente de su casa y manteniendo los terrenos bald\u00edos en buenas condiciones.<\/p>\n\n\n\n<p>Dentro de los voluntarios que asistieron, fueron colaboradores de diferentes empresas de La Piedad, entre ellas: LAPISA, FARVET, Arturo\u00b4s Ferreter\u00eda, adem\u00e1s de la preparatoria CONALEP y trabajadores de la presidencia municipal.<\/p>\n\n\n\n<figure class=\"wp-block-image size-full is-style-default\"><img loading=\"lazy\" decoding=\"async\" width=\"1024\" height=\"681\" src=\"http:\/\/tvalaire.com\/wp-content\/uploads\/2022\/07\/1-6-3.jpeg\" alt=\"\" class=\"wp-image-10313\" srcset=\"http:\/\/tvalaire.com\/wp-content\/uploads\/2022\/07\/1-6-3.jpeg 1024w, http:\/\/tvalaire.com\/wp-content\/uploads\/2022\/07\/1-6-3-300x200.jpeg 300w, http:\/\/tvalaire.com\/wp-content\/uploads\/2022\/07\/1-6-3-768x511.jpeg 768w\" sizes=\"(max-width: 1024px) 100vw, 1024px\" \/><\/figure>\n","protected":false},"excerpt":{"rendered":"<p>Participan 250 voluntarios en campa\u00f1a de limpieza Recorren diferentes zonas de La Piedad para realizar&#8230;<\/p>\n","protected":false},"author":1,"featured_media":10312,"comment_status":"open","ping_status":"open","sticky":false,"template":"","format":"standard","meta":{"jetpack_post_was_ever_published":false,"_jetpack_newsletter_access":"","_jetpack_dont_email_post_to_subs":false,"_jetpack_newsletter_tier_id":0,"_jetpack_memberships_contains_paywalled_content":false,"_jetpack_memberships_contains_paid_content":false,"footnotes":"","jetpack_publicize_message":"","jetpack_publicize_feature_enabled":true,"jetpack_social_post_already_shared":true,"jetpack_social_options":{"image_generator_settings":{"template":"highway","enabled":false},"version":2}},"categories":[1],"tags":[15],"class_list":["post-10307","post","type-post","status-publish","format-standard","has-post-thumbnail","hentry","category-la-piedad","tag-la-piedad"],"jetpack_publicize_connections":[],"jetpack_sharing_enabled":true,"featured_image_urls":{"full":["http:\/\/tvalaire.com\/wp-content\/uploads\/2022\/07\/1-1-9.jpeg",1024,681,false],"thumbnail":["http:\/\/tvalaire.com\/wp-content\/uploads\/2022\/07\/1-1-9-150x150.jpeg",150,150,true],"medium":["http:\/\/tvalaire.com\/wp-content\/uploads\/2022\/07\/1-1-9-300x200.jpeg",300,200,true],"medium_large":["http:\/\/tvalaire.com\/wp-content\/uploads\/2022\/07\/1-1-9-768x511.jpeg",640,426,true],"large":["http:\/\/tvalaire.com\/wp-content\/uploads\/2022\/07\/1-1-9.jpeg",640,426,false],"post-slider-thumb-size":["http:\/\/tvalaire.com\/wp-content\/uploads\/2022\/07\/1-1-9-330x190.jpeg",330,190,true],"post-category-slider-size":["http:\/\/tvalaire.com\/wp-content\/uploads\/2022\/07\/1-1-9.jpeg",330,219,false],"1536x1536":["http:\/\/tvalaire.com\/wp-content\/uploads\/2022\/07\/1-1-9.jpeg",1024,681,false],"2048x2048":["http:\/\/tvalaire.com\/wp-content\/uploads\/2022\/07\/1-1-9.jpeg",1024,681,false],"newsium-slider-full":["http:\/\/tvalaire.com\/wp-content\/uploads\/2022\/07\/1-1-9.jpeg",1024,681,false],"newsium-featured":["http:\/\/tvalaire.com\/wp-content\/uploads\/2022\/07\/1-1-9.jpeg",1024,681,false],"newsium-medium":["http:\/\/tvalaire.com\/wp-content\/uploads\/2022\/07\/1-1-9-720x475.jpeg",720,475,true]},"author_info":{"info":["tvalairenoti"]},"category_info":"<a href=\"http:\/\/tvalaire.com\/?cat=1\" rel=\"category\">La Piedad<\/a>","tag_info":"La Piedad","comment_count":"0","jetpack_featured_media_url":"http:\/\/tvalaire.com\/wp-content\/uploads\/2022\/07\/1-1-9.jpeg","_links":{"self":[{"href":"http:\/\/tvalaire.com\/index.php?rest_route=\/wp\/v2\/posts\/10307"}],"collection":[{"href":"http:\/\/tvalaire.com\/index.php?rest_route=\/wp\/v2\/posts"}],"about":[{"href":"http:\/\/tvalaire.com\/index.php?rest_route=\/wp\/v2\/types\/post"}],"author":[{"embeddable":true,"href":"http:\/\/tvalaire.com\/index.php?rest_route=\/wp\/v2\/users\/1"}],"replies":[{"embeddable":true,"href":"http:\/\/tvalaire.com\/index.php?rest_route=%2Fwp%2Fv2%2Fcomments&post=10307"}],"version-history":[{"count":1,"href":"http:\/\/tvalaire.com\/index.php?rest_route=\/wp\/v2\/posts\/10307\/revisions"}],"predecessor-version":[{"id":10314,"href":"http:\/\/tvalaire.com\/index.php?rest_route=\/wp\/v2\/posts\/10307\/revisions\/10314"}],"wp:featuredmedia":[{"embeddable":true,"href":"http:\/\/tvalaire.com\/index.php?rest_route=\/wp\/v2\/media\/10312"}],"wp:attachment":[{"href":"http:\/\/tvalaire.com\/index.php?rest_route=%2Fwp%2Fv2%2Fmedia&parent=10307"}],"wp:term":[{"taxonomy":"category","embeddable":true,"href":"http:\/\/tvalaire.com\/index.php?rest_route=%2Fwp%2Fv2%2Fcategories&post=10307"},{"taxonomy":"post_tag","embeddable":true,"href":"http:\/\/tvalaire.com\/index.php?rest_route=%2Fwp%2Fv2%2Ftags&post=10307"}],"curies":[{"name":"wp","href":"https:\/\/api.w.org\/{rel}","templated":true}]}}