{"id":10280,"date":"2022-06-21T10:41:00","date_gmt":"2022-06-21T15:41:00","guid":{"rendered":"http:\/\/tvalaire.com\/?p=10280"},"modified":"2022-07-05T10:56:38","modified_gmt":"2022-07-05T15:56:38","slug":"avanza-el-programa-de-alumbrado-publico","status":"publish","type":"post","link":"http:\/\/tvalaire.com\/?p=10280","title":{"rendered":"AVANZA EL PROGRAMA DE ALUMBRADO P\u00daBLICO"},"content":{"rendered":"\n<p><\/p>\n\n\n\n<ul class=\"wp-block-list\"><li><strong>Instalan 70 l\u00e1mparas de tipo LED en la colonia Santa Fe y la Alfredo Bonfil<\/strong><\/li><li><strong>\u201cYa hemos colocado 507 l\u00e1mparas en el Municipio\u201d: Samuel Hidalgo<\/strong><\/li><\/ul>\n\n\n\n<p>Continuando con el programa de luminarias en beneficio de la seguridad e imagen urbana de los ciudadanos, el Presidente Municipal de La Piedad Samuel Hidalgo, inaugur\u00f3 70 l\u00e1mparas con tecnolog\u00eda tipo LED en la colonia Santa Fe y la Alfredo Bonfil.<\/p>\n\n\n\n<p>El Edil coment\u00f3 que ya se han colocado 507 l\u00e1mparas en diferentes partes del municipio, haciendo \u00e9nfasis en que cada rinc\u00f3n de la zona rural y urbana de La Piedad contar\u00e1n con este beneficio.&nbsp;<\/p>\n\n\n\n<p>Se instalaron luminarias con tecnolog\u00eda LED de 70 Watts lo quetambi\u00e9n representa un ahorro del 30% en el gasto de alumbrado p\u00fablico, que eventualmente podr\u00e1 destinarse a m\u00e1s programas sociales para los piedadenses.<\/p>\n\n\n\n<p>De igual manera, el Mun\u00edcipe destac\u00f3 que gracias al trabajo del \u00e1rea de Alumbrado P\u00fablico se est\u00e1 realizando este programa, a s\u00ed mismo coment\u00f3 que esta \u00e1rea sale constantemente a diferentes puntos del municipio a reparar y cambiar el alumbrado p\u00fablico solicitado, para as\u00ed mejorar la calidad de vida de las y los ciudadanos. <a><\/a><\/p>\n\n\n\n<figure class=\"wp-block-image size-large is-style-default\"><img loading=\"lazy\" decoding=\"async\" width=\"1024\" height=\"762\" src=\"http:\/\/tvalaire.com\/wp-content\/uploads\/2022\/07\/1-4-6-1024x762.jpeg\" alt=\"\" class=\"wp-image-10300\" srcset=\"http:\/\/tvalaire.com\/wp-content\/uploads\/2022\/07\/1-4-6-1024x762.jpeg 1024w, http:\/\/tvalaire.com\/wp-content\/uploads\/2022\/07\/1-4-6-300x223.jpeg 300w, http:\/\/tvalaire.com\/wp-content\/uploads\/2022\/07\/1-4-6-768x572.jpeg 768w, http:\/\/tvalaire.com\/wp-content\/uploads\/2022\/07\/1-4-6.jpeg 1170w\" sizes=\"(max-width: 1024px) 100vw, 1024px\" \/><\/figure>\n","protected":false},"excerpt":{"rendered":"<p>Instalan 70 l\u00e1mparas de tipo LED en la colonia Santa Fe y la Alfredo Bonfil&#8230;<\/p>\n","protected":false},"author":1,"featured_media":10299,"comment_status":"open","ping_status":"open","sticky":false,"template":"","format":"standard","meta":{"jetpack_post_was_ever_published":false,"_jetpack_newsletter_access":"","_jetpack_dont_email_post_to_subs":false,"_jetpack_newsletter_tier_id":0,"_jetpack_memberships_contains_paywalled_content":false,"_jetpack_memberships_contains_paid_content":false,"footnotes":"","jetpack_publicize_message":"","jetpack_publicize_feature_enabled":true,"jetpack_social_post_already_shared":true,"jetpack_social_options":{"image_generator_settings":{"template":"highway","enabled":false},"version":2}},"categories":[1],"tags":[15],"class_list":["post-10280","post","type-post","status-publish","format-standard","has-post-thumbnail","hentry","category-la-piedad","tag-la-piedad"],"jetpack_publicize_connections":[],"jetpack_sharing_enabled":true,"featured_image_urls":{"full":["http:\/\/tvalaire.com\/wp-content\/uploads\/2022\/07\/1-3-9.jpeg",1280,856,false],"thumbnail":["http:\/\/tvalaire.com\/wp-content\/uploads\/2022\/07\/1-3-9-150x150.jpeg",150,150,true],"medium":["http:\/\/tvalaire.com\/wp-content\/uploads\/2022\/07\/1-3-9-300x201.jpeg",300,201,true],"medium_large":["http:\/\/tvalaire.com\/wp-content\/uploads\/2022\/07\/1-3-9-768x514.jpeg",640,428,true],"large":["http:\/\/tvalaire.com\/wp-content\/uploads\/2022\/07\/1-3-9-1024x685.jpeg",640,428,true],"post-slider-thumb-size":["http:\/\/tvalaire.com\/wp-content\/uploads\/2022\/07\/1-3-9-330x190.jpeg",330,190,true],"post-category-slider-size":["http:\/\/tvalaire.com\/wp-content\/uploads\/2022\/07\/1-3-9.jpeg",330,221,false],"1536x1536":["http:\/\/tvalaire.com\/wp-content\/uploads\/2022\/07\/1-3-9.jpeg",1280,856,false],"2048x2048":["http:\/\/tvalaire.com\/wp-content\/uploads\/2022\/07\/1-3-9.jpeg",1280,856,false],"newsium-slider-full":["http:\/\/tvalaire.com\/wp-content\/uploads\/2022\/07\/1-3-9-1280x845.jpeg",1280,845,true],"newsium-featured":["http:\/\/tvalaire.com\/wp-content\/uploads\/2022\/07\/1-3-9-1024x685.jpeg",1024,685,true],"newsium-medium":["http:\/\/tvalaire.com\/wp-content\/uploads\/2022\/07\/1-3-9-720x475.jpeg",720,475,true]},"author_info":{"info":["tvalairenoti"]},"category_info":"<a href=\"http:\/\/tvalaire.com\/?cat=1\" rel=\"category\">La Piedad<\/a>","tag_info":"La Piedad","comment_count":"0","jetpack_featured_media_url":"http:\/\/tvalaire.com\/wp-content\/uploads\/2022\/07\/1-3-9.jpeg","_links":{"self":[{"href":"http:\/\/tvalaire.com\/index.php?rest_route=\/wp\/v2\/posts\/10280"}],"collection":[{"href":"http:\/\/tvalaire.com\/index.php?rest_route=\/wp\/v2\/posts"}],"about":[{"href":"http:\/\/tvalaire.com\/index.php?rest_route=\/wp\/v2\/types\/post"}],"author":[{"embeddable":true,"href":"http:\/\/tvalaire.com\/index.php?rest_route=\/wp\/v2\/users\/1"}],"replies":[{"embeddable":true,"href":"http:\/\/tvalaire.com\/index.php?rest_route=%2Fwp%2Fv2%2Fcomments&post=10280"}],"version-history":[{"count":1,"href":"http:\/\/tvalaire.com\/index.php?rest_route=\/wp\/v2\/posts\/10280\/revisions"}],"predecessor-version":[{"id":10301,"href":"http:\/\/tvalaire.com\/index.php?rest_route=\/wp\/v2\/posts\/10280\/revisions\/10301"}],"wp:featuredmedia":[{"embeddable":true,"href":"http:\/\/tvalaire.com\/index.php?rest_route=\/wp\/v2\/media\/10299"}],"wp:attachment":[{"href":"http:\/\/tvalaire.com\/index.php?rest_route=%2Fwp%2Fv2%2Fmedia&parent=10280"}],"wp:term":[{"taxonomy":"category","embeddable":true,"href":"http:\/\/tvalaire.com\/index.php?rest_route=%2Fwp%2Fv2%2Fcategories&post=10280"},{"taxonomy":"post_tag","embeddable":true,"href":"http:\/\/tvalaire.com\/index.php?rest_route=%2Fwp%2Fv2%2Ftags&post=10280"}],"curies":[{"name":"wp","href":"https:\/\/api.w.org\/{rel}","templated":true}]}}