{"id":10279,"date":"2022-06-23T10:40:00","date_gmt":"2022-06-23T15:40:00","guid":{"rendered":"http:\/\/tvalaire.com\/?p=10279"},"modified":"2022-07-05T10:55:44","modified_gmt":"2022-07-05T15:55:44","slug":"se-evitan-inundaciones-gracias-a-medidas-de-prevencion-del-consejo-municipal-de-proteccion-civil","status":"publish","type":"post","link":"http:\/\/tvalaire.com\/?p=10279","title":{"rendered":"SE EVITAN INUNDACIONES GRACIAS A MEDIDAS DE PREVENCI\u00d3N DEL CONSEJO MUNICIPAL DE PROTECCI\u00d3N CIVIL"},"content":{"rendered":"\n<p><\/p>\n\n\n\n<ul class=\"wp-block-list\"><li><strong>No se han presentado casos de emergencia por desbordamiento de r\u00edos en el municipio<\/strong><\/li><li><strong>Gracias al recorrido de prevenci\u00f3n se reforzaron bordos, desazolvaron arroyos y canales pluviales<\/strong><\/li><\/ul>\n\n\n\n<p>Gracias a las medidas de prevenci\u00f3n para mitigar riesgos de inundaciones que dict\u00f3 el Presidente Municipal de La Piedad Samuel Hidalgo a trav\u00e9s del Consejo Municipal de Protecci\u00f3n Civil, que este preside, no se han presentado casos de emergencia por desbordamiento de r\u00edos en el municipio.<\/p>\n\n\n\n<p>Juan Gabriel N\u00fa\u00f1ez Naranjo comandante de Protecci\u00f3n Civil inform\u00f3 que,siguiendo la encomienda del alcalde, se realizaron diversas acciones de prevenci\u00f3n, desde el an\u00e1lisis de riesgo, preparaci\u00f3n y prevenci\u00f3n de los mismos, a trav\u00e9s de los recorridos que se llevaron a cabo en ciertas zonas de la ciudad.<\/p>\n\n\n\n<p>N\u00fa\u00f1ez Naranjo tambi\u00e9n agreg\u00f3, que los fen\u00f3menos que se han presentado son lluvias at\u00edpicas de mucho volumen, ya que han sido de 56 mm por metro cuadrado en una hora, sin embargo, gracias a los trabajos que se hicieron previamente, no existieron situaciones de riesgo en donde se tuviera que activar el plan de inundaci\u00f3n municipal.<\/p>\n\n\n\n<p>Dentro de las acciones que se ejercieron, fueron el reforzamiento de bordos, desazolve del arroyo Cinco de Oros, Arroyo Delgado, as\u00ed como de los canales pluviales de los Fraccionamientos El Ensue\u00f1o y Cuitzillo.<\/p>\n\n\n\n<p>A su vez, el edil coment\u00f3 que se continuar\u00e1 monitoreando las \u00e1reas inundables para seguir mitigando riesgos y as\u00ed continuar con las medidas preventivas que hasta el momento se han implementado, en favor de los piedadenses.<\/p>\n","protected":false},"excerpt":{"rendered":"<p>No se han presentado casos de emergencia por desbordamiento de r\u00edos en el municipio Gracias&#8230;<\/p>\n","protected":false},"author":1,"featured_media":10297,"comment_status":"open","ping_status":"open","sticky":false,"template":"","format":"standard","meta":{"jetpack_post_was_ever_published":false,"_jetpack_newsletter_access":"","_jetpack_dont_email_post_to_subs":false,"_jetpack_newsletter_tier_id":0,"_jetpack_memberships_contains_paywalled_content":false,"_jetpack_memberships_contains_paid_content":false,"footnotes":"","jetpack_publicize_message":"","jetpack_publicize_feature_enabled":true,"jetpack_social_post_already_shared":true,"jetpack_social_options":{"image_generator_settings":{"template":"highway","enabled":false},"version":2}},"categories":[1],"tags":[15],"class_list":["post-10279","post","type-post","status-publish","format-standard","has-post-thumbnail","hentry","category-la-piedad","tag-la-piedad"],"jetpack_publicize_connections":[],"jetpack_sharing_enabled":true,"featured_image_urls":{"full":["http:\/\/tvalaire.com\/wp-content\/uploads\/2022\/07\/1-2-6.jpeg",1280,853,false],"thumbnail":["http:\/\/tvalaire.com\/wp-content\/uploads\/2022\/07\/1-2-6-150x150.jpeg",150,150,true],"medium":["http:\/\/tvalaire.com\/wp-content\/uploads\/2022\/07\/1-2-6-300x200.jpeg",300,200,true],"medium_large":["http:\/\/tvalaire.com\/wp-content\/uploads\/2022\/07\/1-2-6-768x512.jpeg",640,427,true],"large":["http:\/\/tvalaire.com\/wp-content\/uploads\/2022\/07\/1-2-6-1024x682.jpeg",640,426,true],"post-slider-thumb-size":["http:\/\/tvalaire.com\/wp-content\/uploads\/2022\/07\/1-2-6-330x190.jpeg",330,190,true],"post-category-slider-size":["http:\/\/tvalaire.com\/wp-content\/uploads\/2022\/07\/1-2-6.jpeg",330,220,false],"1536x1536":["http:\/\/tvalaire.com\/wp-content\/uploads\/2022\/07\/1-2-6.jpeg",1280,853,false],"2048x2048":["http:\/\/tvalaire.com\/wp-content\/uploads\/2022\/07\/1-2-6.jpeg",1280,853,false],"newsium-slider-full":["http:\/\/tvalaire.com\/wp-content\/uploads\/2022\/07\/1-2-6-1280x845.jpeg",1280,845,true],"newsium-featured":["http:\/\/tvalaire.com\/wp-content\/uploads\/2022\/07\/1-2-6-1024x682.jpeg",1024,682,true],"newsium-medium":["http:\/\/tvalaire.com\/wp-content\/uploads\/2022\/07\/1-2-6-720x475.jpeg",720,475,true]},"author_info":{"info":["tvalairenoti"]},"category_info":"<a href=\"http:\/\/tvalaire.com\/?cat=1\" rel=\"category\">La Piedad<\/a>","tag_info":"La Piedad","comment_count":"0","jetpack_featured_media_url":"http:\/\/tvalaire.com\/wp-content\/uploads\/2022\/07\/1-2-6.jpeg","_links":{"self":[{"href":"http:\/\/tvalaire.com\/index.php?rest_route=\/wp\/v2\/posts\/10279"}],"collection":[{"href":"http:\/\/tvalaire.com\/index.php?rest_route=\/wp\/v2\/posts"}],"about":[{"href":"http:\/\/tvalaire.com\/index.php?rest_route=\/wp\/v2\/types\/post"}],"author":[{"embeddable":true,"href":"http:\/\/tvalaire.com\/index.php?rest_route=\/wp\/v2\/users\/1"}],"replies":[{"embeddable":true,"href":"http:\/\/tvalaire.com\/index.php?rest_route=%2Fwp%2Fv2%2Fcomments&post=10279"}],"version-history":[{"count":1,"href":"http:\/\/tvalaire.com\/index.php?rest_route=\/wp\/v2\/posts\/10279\/revisions"}],"predecessor-version":[{"id":10298,"href":"http:\/\/tvalaire.com\/index.php?rest_route=\/wp\/v2\/posts\/10279\/revisions\/10298"}],"wp:featuredmedia":[{"embeddable":true,"href":"http:\/\/tvalaire.com\/index.php?rest_route=\/wp\/v2\/media\/10297"}],"wp:attachment":[{"href":"http:\/\/tvalaire.com\/index.php?rest_route=%2Fwp%2Fv2%2Fmedia&parent=10279"}],"wp:term":[{"taxonomy":"category","embeddable":true,"href":"http:\/\/tvalaire.com\/index.php?rest_route=%2Fwp%2Fv2%2Fcategories&post=10279"},{"taxonomy":"post_tag","embeddable":true,"href":"http:\/\/tvalaire.com\/index.php?rest_route=%2Fwp%2Fv2%2Ftags&post=10279"}],"curies":[{"name":"wp","href":"https:\/\/api.w.org\/{rel}","templated":true}]}}