{"id":10236,"date":"2022-05-28T10:57:00","date_gmt":"2022-05-28T15:57:00","guid":{"rendered":"http:\/\/tvalaire.com\/?p=10236"},"modified":"2022-06-01T11:01:12","modified_gmt":"2022-06-01T16:01:12","slug":"escuela-de-artes-de-la-piedad-celebra-su-xi-aniversario-de-fundacion","status":"publish","type":"post","link":"http:\/\/tvalaire.com\/?p=10236","title":{"rendered":"ESCUELA DE ARTES DE LA PIEDAD CELEBRA SU XI ANIVERSARIO DE FUNDACI\u00d3N"},"content":{"rendered":"\n<p><\/p>\n\n\n\n<ul class=\"wp-block-list\"><li><strong>Jornada amplia de actividades en Escuela de Artes<\/strong><\/li><li><strong>Samuel Hidalgo reafirm\u00f3 su compromiso con la cultura<\/strong><\/li><\/ul>\n\n\n\n<figure class=\"wp-block-image size-large is-style-default\"><img loading=\"lazy\" decoding=\"async\" width=\"1024\" height=\"681\" src=\"http:\/\/tvalaire.com\/wp-content\/uploads\/2022\/06\/WhatsApp-Image-2022-05-27-at-12.06.51-PM-1024x681.jpeg\" alt=\"\" class=\"wp-image-10248\" srcset=\"http:\/\/tvalaire.com\/wp-content\/uploads\/2022\/06\/WhatsApp-Image-2022-05-27-at-12.06.51-PM-1024x681.jpeg 1024w, http:\/\/tvalaire.com\/wp-content\/uploads\/2022\/06\/WhatsApp-Image-2022-05-27-at-12.06.51-PM-300x200.jpeg 300w, http:\/\/tvalaire.com\/wp-content\/uploads\/2022\/06\/WhatsApp-Image-2022-05-27-at-12.06.51-PM-768x511.jpeg 768w, http:\/\/tvalaire.com\/wp-content\/uploads\/2022\/06\/WhatsApp-Image-2022-05-27-at-12.06.51-PM-1536x1021.jpeg 1536w, http:\/\/tvalaire.com\/wp-content\/uploads\/2022\/06\/WhatsApp-Image-2022-05-27-at-12.06.51-PM.jpeg 1600w\" sizes=\"(max-width: 1024px) 100vw, 1024px\" \/><\/figure>\n\n\n\n<p>El Gobierno Municipal de La Piedad, a trav\u00e9s de la Direcci\u00f3n de Cultura, conmemoraron los once a\u00f1os de fundaci\u00f3n de la Escuela de Artes de La Piedad, evento al que tuvo lugar el Presidente Municipal Samuel Hidalgo, quien hizo entrega de reconocimientos a los maestros que laboran en la instituci\u00f3n.<\/p>\n\n\n\n<p>\u201cSoy un fiel creyente de que un ni\u00f1o que toca un instrumento, jam\u00e1s tocar\u00e1 un arma, es por ello que me llena de orgullo y satisfacci\u00f3n que se cumplan once a\u00f1os de esta gesti\u00f3n que en su momento realiz\u00f3 nuestro querido Ricardo Guzm\u00e1n, no cabe duda que Escuela de Artes ha sido el espacio creador de muchos artistas piedadenses\u201d, expres\u00f3 el Edil.<\/p>\n\n\n\n<p>Miriam Espinoza Cardona, Directora de Cultura agradeci\u00f3 al Alcalde por su apoyo a&nbsp; trav\u00e9s de los distintos eventos que se han llevado a cabo como \u201cLa Guelaguetza\u201d, \u201cFestival Mundial de la Danza\u201d, entre otros, as\u00ed como un est\u00edmulo econ\u00f3mico que mensualmente le brinda a los maestros de la instituci\u00f3n; a su vez, mencion\u00f3 que el recinto es un lugar hist\u00f3rico para los piedadenses en el cual se ha estado trabajando para sus&nbsp; mejoras continuas.<\/p>\n\n\n\n<p>Por su parte, la titular de cultura coment\u00f3 que en los \u00faltimos meses se ha tenido una jornada amplia de actividades en la instituci\u00f3n, pues esta ha sido escenario de muestras de obras de teatro musical, presentaci\u00f3n de cantantes locales, as\u00ed como diferentes exposiciones de fotograf\u00eda y arte gr\u00e1fico, adem\u00e1s de contar en repetidas ocasiones con la actividad \u201cUn d\u00eda en Escuela de Artes\u201d, donde cientos de ni\u00f1os y ni\u00f1as de las diversas escuelas de La Piedad tienen acercamiento con los diferentes talleres que se brindan en el lugar.<\/p>\n\n\n\n<p>Por otro lado, el Edil coment\u00f3 que est\u00e1 en gestiones para que el recinto pueda ampliarse a una segunda etapa donde actualmente se ubica Jurisdicci\u00f3n Sanitaria, mencion\u00f3 que esto se pretende hacer para que los ni\u00f1os y j\u00f3venes cuenten con un espacio m\u00e1s amplio para desarrollar sus diferentes actividades culturales.<\/p>\n\n\n\n<figure class=\"wp-block-image size-large is-style-default\"><img loading=\"lazy\" decoding=\"async\" width=\"1024\" height=\"681\" src=\"http:\/\/tvalaire.com\/wp-content\/uploads\/2022\/06\/WhatsApp-Image-2022-05-27-at-12.06.47-PM-1024x681.jpeg\" alt=\"\" class=\"wp-image-10247\" srcset=\"http:\/\/tvalaire.com\/wp-content\/uploads\/2022\/06\/WhatsApp-Image-2022-05-27-at-12.06.47-PM-1024x681.jpeg 1024w, http:\/\/tvalaire.com\/wp-content\/uploads\/2022\/06\/WhatsApp-Image-2022-05-27-at-12.06.47-PM-300x200.jpeg 300w, http:\/\/tvalaire.com\/wp-content\/uploads\/2022\/06\/WhatsApp-Image-2022-05-27-at-12.06.47-PM-768x511.jpeg 768w, http:\/\/tvalaire.com\/wp-content\/uploads\/2022\/06\/WhatsApp-Image-2022-05-27-at-12.06.47-PM-1536x1021.jpeg 1536w, http:\/\/tvalaire.com\/wp-content\/uploads\/2022\/06\/WhatsApp-Image-2022-05-27-at-12.06.47-PM.jpeg 1600w\" sizes=\"(max-width: 1024px) 100vw, 1024px\" \/><\/figure>\n","protected":false},"excerpt":{"rendered":"<p>Jornada amplia de actividades en Escuela de Artes Samuel Hidalgo reafirm\u00f3 su compromiso con la&#8230;<\/p>\n","protected":false},"author":1,"featured_media":10246,"comment_status":"open","ping_status":"open","sticky":false,"template":"","format":"standard","meta":{"jetpack_post_was_ever_published":false,"_jetpack_newsletter_access":"","_jetpack_dont_email_post_to_subs":false,"_jetpack_newsletter_tier_id":0,"_jetpack_memberships_contains_paywalled_content":false,"_jetpack_memberships_contains_paid_content":false,"footnotes":"","jetpack_publicize_message":"","jetpack_publicize_feature_enabled":true,"jetpack_social_post_already_shared":true,"jetpack_social_options":{"image_generator_settings":{"template":"highway","enabled":false},"version":2}},"categories":[1],"tags":[15,36],"class_list":["post-10236","post","type-post","status-publish","format-standard","has-post-thumbnail","hentry","category-la-piedad","tag-la-piedad","tag-principales"],"jetpack_publicize_connections":[],"jetpack_sharing_enabled":true,"featured_image_urls":{"full":["http:\/\/tvalaire.com\/wp-content\/uploads\/2022\/06\/WhatsApp-Image-2022-05-27-at-2.29.01-PM.jpeg",1280,853,false],"thumbnail":["http:\/\/tvalaire.com\/wp-content\/uploads\/2022\/06\/WhatsApp-Image-2022-05-27-at-2.29.01-PM-150x150.jpeg",150,150,true],"medium":["http:\/\/tvalaire.com\/wp-content\/uploads\/2022\/06\/WhatsApp-Image-2022-05-27-at-2.29.01-PM-300x200.jpeg",300,200,true],"medium_large":["http:\/\/tvalaire.com\/wp-content\/uploads\/2022\/06\/WhatsApp-Image-2022-05-27-at-2.29.01-PM-768x512.jpeg",640,427,true],"large":["http:\/\/tvalaire.com\/wp-content\/uploads\/2022\/06\/WhatsApp-Image-2022-05-27-at-2.29.01-PM-1024x682.jpeg",640,426,true],"post-slider-thumb-size":["http:\/\/tvalaire.com\/wp-content\/uploads\/2022\/06\/WhatsApp-Image-2022-05-27-at-2.29.01-PM-330x190.jpeg",330,190,true],"post-category-slider-size":["http:\/\/tvalaire.com\/wp-content\/uploads\/2022\/06\/WhatsApp-Image-2022-05-27-at-2.29.01-PM.jpeg",330,220,false],"1536x1536":["http:\/\/tvalaire.com\/wp-content\/uploads\/2022\/06\/WhatsApp-Image-2022-05-27-at-2.29.01-PM.jpeg",1280,853,false],"2048x2048":["http:\/\/tvalaire.com\/wp-content\/uploads\/2022\/06\/WhatsApp-Image-2022-05-27-at-2.29.01-PM.jpeg",1280,853,false],"newsium-slider-full":["http:\/\/tvalaire.com\/wp-content\/uploads\/2022\/06\/WhatsApp-Image-2022-05-27-at-2.29.01-PM-1280x845.jpeg",1280,845,true],"newsium-featured":["http:\/\/tvalaire.com\/wp-content\/uploads\/2022\/06\/WhatsApp-Image-2022-05-27-at-2.29.01-PM-1024x682.jpeg",1024,682,true],"newsium-medium":["http:\/\/tvalaire.com\/wp-content\/uploads\/2022\/06\/WhatsApp-Image-2022-05-27-at-2.29.01-PM-720x475.jpeg",720,475,true]},"author_info":{"info":["tvalairenoti"]},"category_info":"<a href=\"http:\/\/tvalaire.com\/?cat=1\" rel=\"category\">La Piedad<\/a>","tag_info":"La Piedad","comment_count":"0","jetpack_featured_media_url":"http:\/\/tvalaire.com\/wp-content\/uploads\/2022\/06\/WhatsApp-Image-2022-05-27-at-2.29.01-PM.jpeg","_links":{"self":[{"href":"http:\/\/tvalaire.com\/index.php?rest_route=\/wp\/v2\/posts\/10236"}],"collection":[{"href":"http:\/\/tvalaire.com\/index.php?rest_route=\/wp\/v2\/posts"}],"about":[{"href":"http:\/\/tvalaire.com\/index.php?rest_route=\/wp\/v2\/types\/post"}],"author":[{"embeddable":true,"href":"http:\/\/tvalaire.com\/index.php?rest_route=\/wp\/v2\/users\/1"}],"replies":[{"embeddable":true,"href":"http:\/\/tvalaire.com\/index.php?rest_route=%2Fwp%2Fv2%2Fcomments&post=10236"}],"version-history":[{"count":1,"href":"http:\/\/tvalaire.com\/index.php?rest_route=\/wp\/v2\/posts\/10236\/revisions"}],"predecessor-version":[{"id":10249,"href":"http:\/\/tvalaire.com\/index.php?rest_route=\/wp\/v2\/posts\/10236\/revisions\/10249"}],"wp:featuredmedia":[{"embeddable":true,"href":"http:\/\/tvalaire.com\/index.php?rest_route=\/wp\/v2\/media\/10246"}],"wp:attachment":[{"href":"http:\/\/tvalaire.com\/index.php?rest_route=%2Fwp%2Fv2%2Fmedia&parent=10236"}],"wp:term":[{"taxonomy":"category","embeddable":true,"href":"http:\/\/tvalaire.com\/index.php?rest_route=%2Fwp%2Fv2%2Fcategories&post=10236"},{"taxonomy":"post_tag","embeddable":true,"href":"http:\/\/tvalaire.com\/index.php?rest_route=%2Fwp%2Fv2%2Ftags&post=10236"}],"curies":[{"name":"wp","href":"https:\/\/api.w.org\/{rel}","templated":true}]}}