{"id":1017,"date":"2017-03-22T09:15:24","date_gmt":"2017-03-22T15:15:24","guid":{"rendered":"http:\/\/tvalaire.com\/?p=1017"},"modified":"2017-03-22T09:15:24","modified_gmt":"2017-03-22T15:15:24","slug":"se-separa-del-cargo-directora-de-servicios-publicos-rocio-abarca-garcia","status":"publish","type":"post","link":"http:\/\/tvalaire.com\/?p=1017","title":{"rendered":"SE SEPARA DEL CARGO DIRECTORA DE SERVICIOS P\u00daBLICOS ROC\u00cdO ABARCA GARC\u00cdA"},"content":{"rendered":"<p class=\"xmsonormal\" style=\"text-align: center; background: white;\" align=\"center\"><b><\/b><span style=\"font-size: 13.0pt; font-family: 'Segoe UI','sans-serif'; color: #212121;\">\u00a0<\/span><\/p>\n<p class=\"xmsonormal\" style=\"text-align: justify; background: white; font-variant-ligatures: normal; font-variant-caps: normal; orphans: 2; widows: 2; -webkit-text-stroke-width: 0px; word-spacing: 0px;\"><span style=\"font-size: 13.0pt; font-family: 'Arial','sans-serif'; color: #212121;\">Por motivos personales, Roc\u00edo Abarca Garc\u00eda present\u00f3 una solicitud para separarse de su cargo como directora de Servicios P\u00fablicos Municipales, espacio que ser\u00e1 ocupado por Rodolfo Chavolla Hern\u00e1ndez, quien se ha desempe\u00f1ado como coordinador de Ecolog\u00eda de la actual administraci\u00f3n.<\/span><\/p>\n<p class=\"xmsonormal\" style=\"text-align: justify; background: white;\"><span style=\"font-size: 13.0pt; font-family: 'Arial','sans-serif'; color: #212121;\">Los argumentos que dio la todav\u00eda funcionaria municipal fueron motivos personales y por buscar atender su despacho de servicios profesionales en arquitectura que a decir de la propia Roc\u00edo Abarca, ten\u00eda muy descuidado.<\/span><\/p>\n<p class=\"xmsonormal\" style=\"text-align: justify; background: white;\"><span style=\"font-size: 13.0pt; font-family: 'Arial','sans-serif'; color: #212121;\">La dimisi\u00f3n de la funcionaria municipal ser\u00e1 a partir del 31 de marzo de este a\u00f1o, mientras tanto, se encargar\u00e1 de realizar el proceso de entrega al nuevo titular de la direcci\u00f3n de Servicios P\u00fablicos, responsabilidad que recaer\u00e1 en esta ocasi\u00f3n, en Rodolfo Chavolla Hern\u00e1ndez.<\/span><\/p>\n<p class=\"xmsonormal\" style=\"text-align: justify; background: white;\"><span style=\"font-size: 13.0pt; font-family: 'Arial','sans-serif'; color: #212121;\">El Presidente Municipal, Juan Manuel Estrada Medina, agradeci\u00f3 la labor que realiz\u00f3 la arquitecta, Roc\u00edo Abarca Garc\u00eda, al frente de la direcci\u00f3n de Servicios P\u00fablicos por el periodo que llevaba al frente de esa dependencia. Asimismo reconoci\u00f3 la labor que desempe\u00f1\u00f3 durante el tiempo que dur\u00f3 en la direcci\u00f3n.<\/span><\/p>\n<p class=\"xmsonormal\" style=\"text-align: justify; background: white;\"><span style=\"font-size: 13.0pt; font-family: 'Arial','sans-serif'; color: #212121;\">El proceso de entrega y recepci\u00f3n de la direcci\u00f3n al nuevo titular, no demerita el trabajo de esta \u00e1rea por lo que la instrucci\u00f3n es dar continuidad a todos los servicios p\u00fablicos que el pueblo requiere con la mejor atenci\u00f3n y calidad.<\/span><\/p>\n","protected":false},"excerpt":{"rendered":"<p>\u00a0 Por motivos personales, Roc\u00edo Abarca Garc\u00eda present\u00f3 una solicitud para separarse de su cargo&#8230;<\/p>\n","protected":false},"author":1,"featured_media":1021,"comment_status":"open","ping_status":"open","sticky":false,"template":"","format":"standard","meta":{"jetpack_post_was_ever_published":false,"_jetpack_newsletter_access":"","_jetpack_dont_email_post_to_subs":false,"_jetpack_newsletter_tier_id":0,"_jetpack_memberships_contains_paywalled_content":false,"_jetpack_memberships_contains_paid_content":false,"footnotes":"","jetpack_publicize_message":"","jetpack_publicize_feature_enabled":true,"jetpack_social_post_already_shared":false,"jetpack_social_options":{"image_generator_settings":{"template":"highway","enabled":false},"version":2}},"categories":[1],"tags":[15,36],"class_list":["post-1017","post","type-post","status-publish","format-standard","has-post-thumbnail","hentry","category-la-piedad","tag-la-piedad","tag-principales"],"jetpack_publicize_connections":[],"jetpack_sharing_enabled":true,"featured_image_urls":{"full":["http:\/\/tvalaire.com\/wp-content\/uploads\/2017\/03\/SE-SEPARA-DEL-CARGO-DIRECTORA-DE-SERVICIOS-P\u00daBLICOS-ROC\u00cdO-ABARCA-GARC\u00cdA.jpg",1024,1536,false],"thumbnail":["http:\/\/tvalaire.com\/wp-content\/uploads\/2017\/03\/SE-SEPARA-DEL-CARGO-DIRECTORA-DE-SERVICIOS-P\u00daBLICOS-ROC\u00cdO-ABARCA-GARC\u00cdA-150x150.jpg",150,150,true],"medium":["http:\/\/tvalaire.com\/wp-content\/uploads\/2017\/03\/SE-SEPARA-DEL-CARGO-DIRECTORA-DE-SERVICIOS-P\u00daBLICOS-ROC\u00cdO-ABARCA-GARC\u00cdA-200x300.jpg",200,300,true],"medium_large":["http:\/\/tvalaire.com\/wp-content\/uploads\/2017\/03\/SE-SEPARA-DEL-CARGO-DIRECTORA-DE-SERVICIOS-P\u00daBLICOS-ROC\u00cdO-ABARCA-GARC\u00cdA-768x1152.jpg",640,960,true],"large":["http:\/\/tvalaire.com\/wp-content\/uploads\/2017\/03\/SE-SEPARA-DEL-CARGO-DIRECTORA-DE-SERVICIOS-P\u00daBLICOS-ROC\u00cdO-ABARCA-GARC\u00cdA-683x1024.jpg",640,960,true],"post-slider-thumb-size":["http:\/\/tvalaire.com\/wp-content\/uploads\/2017\/03\/SE-SEPARA-DEL-CARGO-DIRECTORA-DE-SERVICIOS-P\u00daBLICOS-ROC\u00cdO-ABARCA-GARC\u00cdA.jpg",127,190,false],"post-category-slider-size":["http:\/\/tvalaire.com\/wp-content\/uploads\/2017\/03\/SE-SEPARA-DEL-CARGO-DIRECTORA-DE-SERVICIOS-P\u00daBLICOS-ROC\u00cdO-ABARCA-GARC\u00cdA.jpg",233,350,false],"1536x1536":["http:\/\/tvalaire.com\/wp-content\/uploads\/2017\/03\/SE-SEPARA-DEL-CARGO-DIRECTORA-DE-SERVICIOS-P\u00daBLICOS-ROC\u00cdO-ABARCA-GARC\u00cdA.jpg",1024,1536,false],"2048x2048":["http:\/\/tvalaire.com\/wp-content\/uploads\/2017\/03\/SE-SEPARA-DEL-CARGO-DIRECTORA-DE-SERVICIOS-P\u00daBLICOS-ROC\u00cdO-ABARCA-GARC\u00cdA.jpg",1024,1536,false],"newsium-slider-full":["http:\/\/tvalaire.com\/wp-content\/uploads\/2017\/03\/SE-SEPARA-DEL-CARGO-DIRECTORA-DE-SERVICIOS-P\u00daBLICOS-ROC\u00cdO-ABARCA-GARC\u00cdA.jpg",563,845,false],"newsium-featured":["http:\/\/tvalaire.com\/wp-content\/uploads\/2017\/03\/SE-SEPARA-DEL-CARGO-DIRECTORA-DE-SERVICIOS-P\u00daBLICOS-ROC\u00cdO-ABARCA-GARC\u00cdA.jpg",1024,1536,false],"newsium-medium":["http:\/\/tvalaire.com\/wp-content\/uploads\/2017\/03\/SE-SEPARA-DEL-CARGO-DIRECTORA-DE-SERVICIOS-P\u00daBLICOS-ROC\u00cdO-ABARCA-GARC\u00cdA.jpg",317,475,false]},"author_info":{"info":["tvalairenoti"]},"category_info":"<a href=\"http:\/\/tvalaire.com\/?cat=1\" rel=\"category\">La Piedad<\/a>","tag_info":"La Piedad","comment_count":"0","jetpack_featured_media_url":"http:\/\/tvalaire.com\/wp-content\/uploads\/2017\/03\/SE-SEPARA-DEL-CARGO-DIRECTORA-DE-SERVICIOS-P\u00daBLICOS-ROC\u00cdO-ABARCA-GARC\u00cdA.jpg","_links":{"self":[{"href":"http:\/\/tvalaire.com\/index.php?rest_route=\/wp\/v2\/posts\/1017"}],"collection":[{"href":"http:\/\/tvalaire.com\/index.php?rest_route=\/wp\/v2\/posts"}],"about":[{"href":"http:\/\/tvalaire.com\/index.php?rest_route=\/wp\/v2\/types\/post"}],"author":[{"embeddable":true,"href":"http:\/\/tvalaire.com\/index.php?rest_route=\/wp\/v2\/users\/1"}],"replies":[{"embeddable":true,"href":"http:\/\/tvalaire.com\/index.php?rest_route=%2Fwp%2Fv2%2Fcomments&post=1017"}],"version-history":[{"count":1,"href":"http:\/\/tvalaire.com\/index.php?rest_route=\/wp\/v2\/posts\/1017\/revisions"}],"predecessor-version":[{"id":1022,"href":"http:\/\/tvalaire.com\/index.php?rest_route=\/wp\/v2\/posts\/1017\/revisions\/1022"}],"wp:featuredmedia":[{"embeddable":true,"href":"http:\/\/tvalaire.com\/index.php?rest_route=\/wp\/v2\/media\/1021"}],"wp:attachment":[{"href":"http:\/\/tvalaire.com\/index.php?rest_route=%2Fwp%2Fv2%2Fmedia&parent=1017"}],"wp:term":[{"taxonomy":"category","embeddable":true,"href":"http:\/\/tvalaire.com\/index.php?rest_route=%2Fwp%2Fv2%2Fcategories&post=1017"},{"taxonomy":"post_tag","embeddable":true,"href":"http:\/\/tvalaire.com\/index.php?rest_route=%2Fwp%2Fv2%2Ftags&post=1017"}],"curies":[{"name":"wp","href":"https:\/\/api.w.org\/{rel}","templated":true}]}}