{"id":10164,"date":"2022-05-24T11:49:00","date_gmt":"2022-05-24T16:49:00","guid":{"rendered":"http:\/\/tvalaire.com\/?p=10164"},"modified":"2022-05-27T12:00:05","modified_gmt":"2022-05-27T17:00:05","slug":"arrancan-pavimentacion-de-segunda-etapa-de-la-avenida-coahuila","status":"publish","type":"post","link":"http:\/\/tvalaire.com\/?p=10164","title":{"rendered":"ARRANCAN PAVIMENTACI\u00d3N DE SEGUNDA ETAPA DE LA AVENIDA COAHUILA"},"content":{"rendered":"\n<p><\/p>\n\n\n\n<ul class=\"wp-block-list\"><li><strong>En esta segunda etapa se rehabilitar\u00e1n mil 85 metros de la vialidad<\/strong><\/li><li><strong>\u201cLa dignificaci\u00f3n de calles, es una prioridad que iremos atendiendo\u201d: Samuel Hidalgo<\/strong><\/li><\/ul>\n\n\n\n<p>Con el prop\u00f3sito de dignificar la calidad de vida de los piedadenses, el Presidente Municipal Samuel Hidalgo, dio banderazo para arrancar la pavimentaci\u00f3n de la segunda etapa de la Avenida Coahuila, ubicada en la colonia San Rafael, en La Piedad.<\/p>\n\n\n\n<p>El Alcalde coment\u00f3 que se siguen cumpliendo los trabajos, esto gracia al Fondo de Aportaciones Estatales para la Infraestructura de los Servicios P\u00fablicos Municipales (FAEISPUM 2022), por su parte, agreg\u00f3 la trascendencia de mejorar las condiciones viales de los vecinos de la colonia San Rafael.<\/p>\n\n\n\n<p>Dentro de los trabajos que se realizaran es la colocaci\u00f3n de concreto hidr\u00e1ulico de 20 cent\u00edmetros de espesor, cubriendo un total de mil 85 metros cuadrados de la vialidad mencionada, donde a su vez, se renovar\u00e1 la l\u00ednea de agua potable y se instalar\u00e1n se\u00f1alamientos viables, esto con la finalidad de mejorar la movilidad vial de los ciudadanos.<\/p>\n\n\n\n<p>\u201cLa dignificaci\u00f3n de calles, es una prioridad que iremos atendiendo, vamos a seguir concretando esto proyectos que los benefician\u201d, coment\u00f3 el Edil.<\/p>\n\n\n\n<figure class=\"wp-block-image size-large is-style-default\"><img loading=\"lazy\" decoding=\"async\" width=\"1024\" height=\"682\" src=\"http:\/\/tvalaire.com\/wp-content\/uploads\/2022\/05\/1-1-3-1024x682.jpeg\" alt=\"\" class=\"wp-image-10202\" srcset=\"http:\/\/tvalaire.com\/wp-content\/uploads\/2022\/05\/1-1-3-1024x682.jpeg 1024w, http:\/\/tvalaire.com\/wp-content\/uploads\/2022\/05\/1-1-3-300x200.jpeg 300w, http:\/\/tvalaire.com\/wp-content\/uploads\/2022\/05\/1-1-3-768x512.jpeg 768w, http:\/\/tvalaire.com\/wp-content\/uploads\/2022\/05\/1-1-3.jpeg 1280w\" sizes=\"(max-width: 1024px) 100vw, 1024px\" \/><\/figure>\n","protected":false},"excerpt":{"rendered":"<p>En esta segunda etapa se rehabilitar\u00e1n mil 85 metros de la vialidad \u201cLa dignificaci\u00f3n de&#8230;<\/p>\n","protected":false},"author":1,"featured_media":10201,"comment_status":"open","ping_status":"open","sticky":false,"template":"","format":"standard","meta":{"jetpack_post_was_ever_published":false,"_jetpack_newsletter_access":"","_jetpack_dont_email_post_to_subs":false,"_jetpack_newsletter_tier_id":0,"_jetpack_memberships_contains_paywalled_content":false,"_jetpack_memberships_contains_paid_content":false,"footnotes":"","jetpack_publicize_message":"","jetpack_publicize_feature_enabled":true,"jetpack_social_post_already_shared":true,"jetpack_social_options":{"image_generator_settings":{"template":"highway","enabled":false},"version":2}},"categories":[1],"tags":[15,36],"class_list":["post-10164","post","type-post","status-publish","format-standard","has-post-thumbnail","hentry","category-la-piedad","tag-la-piedad","tag-principales"],"jetpack_publicize_connections":[],"jetpack_sharing_enabled":true,"featured_image_urls":{"full":["http:\/\/tvalaire.com\/wp-content\/uploads\/2022\/05\/1-3-3.jpeg",1280,853,false],"thumbnail":["http:\/\/tvalaire.com\/wp-content\/uploads\/2022\/05\/1-3-3-150x150.jpeg",150,150,true],"medium":["http:\/\/tvalaire.com\/wp-content\/uploads\/2022\/05\/1-3-3-300x200.jpeg",300,200,true],"medium_large":["http:\/\/tvalaire.com\/wp-content\/uploads\/2022\/05\/1-3-3-768x512.jpeg",640,427,true],"large":["http:\/\/tvalaire.com\/wp-content\/uploads\/2022\/05\/1-3-3-1024x682.jpeg",640,426,true],"post-slider-thumb-size":["http:\/\/tvalaire.com\/wp-content\/uploads\/2022\/05\/1-3-3-330x190.jpeg",330,190,true],"post-category-slider-size":["http:\/\/tvalaire.com\/wp-content\/uploads\/2022\/05\/1-3-3.jpeg",330,220,false],"1536x1536":["http:\/\/tvalaire.com\/wp-content\/uploads\/2022\/05\/1-3-3.jpeg",1280,853,false],"2048x2048":["http:\/\/tvalaire.com\/wp-content\/uploads\/2022\/05\/1-3-3.jpeg",1280,853,false],"newsium-slider-full":["http:\/\/tvalaire.com\/wp-content\/uploads\/2022\/05\/1-3-3-1280x845.jpeg",1280,845,true],"newsium-featured":["http:\/\/tvalaire.com\/wp-content\/uploads\/2022\/05\/1-3-3-1024x682.jpeg",1024,682,true],"newsium-medium":["http:\/\/tvalaire.com\/wp-content\/uploads\/2022\/05\/1-3-3-720x475.jpeg",720,475,true]},"author_info":{"info":["tvalairenoti"]},"category_info":"<a href=\"http:\/\/tvalaire.com\/?cat=1\" rel=\"category\">La Piedad<\/a>","tag_info":"La Piedad","comment_count":"0","jetpack_featured_media_url":"http:\/\/tvalaire.com\/wp-content\/uploads\/2022\/05\/1-3-3.jpeg","_links":{"self":[{"href":"http:\/\/tvalaire.com\/index.php?rest_route=\/wp\/v2\/posts\/10164"}],"collection":[{"href":"http:\/\/tvalaire.com\/index.php?rest_route=\/wp\/v2\/posts"}],"about":[{"href":"http:\/\/tvalaire.com\/index.php?rest_route=\/wp\/v2\/types\/post"}],"author":[{"embeddable":true,"href":"http:\/\/tvalaire.com\/index.php?rest_route=\/wp\/v2\/users\/1"}],"replies":[{"embeddable":true,"href":"http:\/\/tvalaire.com\/index.php?rest_route=%2Fwp%2Fv2%2Fcomments&post=10164"}],"version-history":[{"count":1,"href":"http:\/\/tvalaire.com\/index.php?rest_route=\/wp\/v2\/posts\/10164\/revisions"}],"predecessor-version":[{"id":10203,"href":"http:\/\/tvalaire.com\/index.php?rest_route=\/wp\/v2\/posts\/10164\/revisions\/10203"}],"wp:featuredmedia":[{"embeddable":true,"href":"http:\/\/tvalaire.com\/index.php?rest_route=\/wp\/v2\/media\/10201"}],"wp:attachment":[{"href":"http:\/\/tvalaire.com\/index.php?rest_route=%2Fwp%2Fv2%2Fmedia&parent=10164"}],"wp:term":[{"taxonomy":"category","embeddable":true,"href":"http:\/\/tvalaire.com\/index.php?rest_route=%2Fwp%2Fv2%2Fcategories&post=10164"},{"taxonomy":"post_tag","embeddable":true,"href":"http:\/\/tvalaire.com\/index.php?rest_route=%2Fwp%2Fv2%2Ftags&post=10164"}],"curies":[{"name":"wp","href":"https:\/\/api.w.org\/{rel}","templated":true}]}}