{"id":10163,"date":"2022-05-25T11:49:00","date_gmt":"2022-05-25T16:49:00","guid":{"rendered":"http:\/\/tvalaire.com\/?p=10163"},"modified":"2022-05-27T11:58:55","modified_gmt":"2022-05-27T16:58:55","slug":"rehabilitan-el-portal-morelos-del-centro-historico-de-la-piedad","status":"publish","type":"post","link":"http:\/\/tvalaire.com\/?p=10163","title":{"rendered":"REHABILITAN EL PORTAL MORELOS DEL CENTRO HIST\u00d3RICO DE LA PIEDAD"},"content":{"rendered":"\n<p><\/p>\n\n\n\n<ul class=\"wp-block-list\"><li><strong>Dan mantenimiento a instalaciones de la Plaza Principal<\/strong><\/li><\/ul>\n\n\n\n<p>Con la finalidad de darle mantenimiento y mejoramiento a las instalaciones del Centro Hist\u00f3rico, el Gobierno Municipal de La Piedad a trav\u00e9s de la Direcci\u00f3n de Obras P\u00fablicas, remplazaron las vigas del Portal Morelos, mismas que por su antig\u00fcedad empezaban a representar un riesgo para los ciudadanos.<\/p>\n\n\n\n<p>\u201cEl Centro Hist\u00f3rico de La Piedad, es sin duda un espacio familiar, lleno de tradici\u00f3n, por ello su rehabilitaci\u00f3n ser\u00e1 una constante en mi gobierno\u201d, coment\u00f3 el Edil.<\/p>\n\n\n\n<p>Dentro de los trabajos realizados fue la instalaci\u00f3n de vigas nuevas, mismas que sirven para darle mayor rigidez a los muros y columnas del Portal mencionado, as\u00ed mismo en pr\u00f3ximos d\u00edas le dar\u00e1n el mantenimiento correspondiente a la Fuente de la Garza, misma que en d\u00edas pasados sufri\u00f3 da\u00f1os.<\/p>\n\n\n\n<p>El Alcalde expres\u00f3 que los trabajos son para el mejoramiento de la Plaza, precisando que es en beneficio tanto de los comerciantes, como de los ciudadanos que disfrutan de \u00e9l.<\/p>\n\n\n\n<figure class=\"wp-block-image size-full is-style-default\"><img loading=\"lazy\" decoding=\"async\" width=\"1024\" height=\"768\" src=\"http:\/\/tvalaire.com\/wp-content\/uploads\/2022\/05\/1-1-2.jpeg\" alt=\"\" class=\"wp-image-10199\" srcset=\"http:\/\/tvalaire.com\/wp-content\/uploads\/2022\/05\/1-1-2.jpeg 1024w, http:\/\/tvalaire.com\/wp-content\/uploads\/2022\/05\/1-1-2-300x225.jpeg 300w, http:\/\/tvalaire.com\/wp-content\/uploads\/2022\/05\/1-1-2-768x576.jpeg 768w\" sizes=\"(max-width: 1024px) 100vw, 1024px\" \/><\/figure>\n","protected":false},"excerpt":{"rendered":"<p>Dan mantenimiento a instalaciones de la Plaza Principal Con la finalidad de darle mantenimiento y&#8230;<\/p>\n","protected":false},"author":1,"featured_media":10198,"comment_status":"open","ping_status":"open","sticky":false,"template":"","format":"standard","meta":{"jetpack_post_was_ever_published":false,"_jetpack_newsletter_access":"","_jetpack_dont_email_post_to_subs":false,"_jetpack_newsletter_tier_id":0,"_jetpack_memberships_contains_paywalled_content":false,"_jetpack_memberships_contains_paid_content":false,"footnotes":"","jetpack_publicize_message":"","jetpack_publicize_feature_enabled":true,"jetpack_social_post_already_shared":true,"jetpack_social_options":{"image_generator_settings":{"template":"highway","enabled":false},"version":2}},"categories":[1],"tags":[15,36],"class_list":["post-10163","post","type-post","status-publish","format-standard","has-post-thumbnail","hentry","category-la-piedad","tag-la-piedad","tag-principales"],"jetpack_publicize_connections":[],"jetpack_sharing_enabled":true,"featured_image_urls":{"full":["http:\/\/tvalaire.com\/wp-content\/uploads\/2022\/05\/1-2-4.jpeg",1024,768,false],"thumbnail":["http:\/\/tvalaire.com\/wp-content\/uploads\/2022\/05\/1-2-4-150x150.jpeg",150,150,true],"medium":["http:\/\/tvalaire.com\/wp-content\/uploads\/2022\/05\/1-2-4-300x225.jpeg",300,225,true],"medium_large":["http:\/\/tvalaire.com\/wp-content\/uploads\/2022\/05\/1-2-4-768x576.jpeg",640,480,true],"large":["http:\/\/tvalaire.com\/wp-content\/uploads\/2022\/05\/1-2-4.jpeg",640,480,false],"post-slider-thumb-size":["http:\/\/tvalaire.com\/wp-content\/uploads\/2022\/05\/1-2-4-330x190.jpeg",330,190,true],"post-category-slider-size":["http:\/\/tvalaire.com\/wp-content\/uploads\/2022\/05\/1-2-4.jpeg",330,248,false],"1536x1536":["http:\/\/tvalaire.com\/wp-content\/uploads\/2022\/05\/1-2-4.jpeg",1024,768,false],"2048x2048":["http:\/\/tvalaire.com\/wp-content\/uploads\/2022\/05\/1-2-4.jpeg",1024,768,false],"newsium-slider-full":["http:\/\/tvalaire.com\/wp-content\/uploads\/2022\/05\/1-2-4.jpeg",1024,768,false],"newsium-featured":["http:\/\/tvalaire.com\/wp-content\/uploads\/2022\/05\/1-2-4.jpeg",1024,768,false],"newsium-medium":["http:\/\/tvalaire.com\/wp-content\/uploads\/2022\/05\/1-2-4-720x475.jpeg",720,475,true]},"author_info":{"info":["tvalairenoti"]},"category_info":"<a href=\"http:\/\/tvalaire.com\/?cat=1\" rel=\"category\">La Piedad<\/a>","tag_info":"La Piedad","comment_count":"0","jetpack_featured_media_url":"http:\/\/tvalaire.com\/wp-content\/uploads\/2022\/05\/1-2-4.jpeg","_links":{"self":[{"href":"http:\/\/tvalaire.com\/index.php?rest_route=\/wp\/v2\/posts\/10163"}],"collection":[{"href":"http:\/\/tvalaire.com\/index.php?rest_route=\/wp\/v2\/posts"}],"about":[{"href":"http:\/\/tvalaire.com\/index.php?rest_route=\/wp\/v2\/types\/post"}],"author":[{"embeddable":true,"href":"http:\/\/tvalaire.com\/index.php?rest_route=\/wp\/v2\/users\/1"}],"replies":[{"embeddable":true,"href":"http:\/\/tvalaire.com\/index.php?rest_route=%2Fwp%2Fv2%2Fcomments&post=10163"}],"version-history":[{"count":1,"href":"http:\/\/tvalaire.com\/index.php?rest_route=\/wp\/v2\/posts\/10163\/revisions"}],"predecessor-version":[{"id":10200,"href":"http:\/\/tvalaire.com\/index.php?rest_route=\/wp\/v2\/posts\/10163\/revisions\/10200"}],"wp:featuredmedia":[{"embeddable":true,"href":"http:\/\/tvalaire.com\/index.php?rest_route=\/wp\/v2\/media\/10198"}],"wp:attachment":[{"href":"http:\/\/tvalaire.com\/index.php?rest_route=%2Fwp%2Fv2%2Fmedia&parent=10163"}],"wp:term":[{"taxonomy":"category","embeddable":true,"href":"http:\/\/tvalaire.com\/index.php?rest_route=%2Fwp%2Fv2%2Fcategories&post=10163"},{"taxonomy":"post_tag","embeddable":true,"href":"http:\/\/tvalaire.com\/index.php?rest_route=%2Fwp%2Fv2%2Ftags&post=10163"}],"curies":[{"name":"wp","href":"https:\/\/api.w.org\/{rel}","templated":true}]}}