{"id":10143,"date":"2022-04-05T10:37:00","date_gmt":"2022-04-05T15:37:00","guid":{"rendered":"http:\/\/tvalaire.com\/?p=10143"},"modified":"2022-05-04T10:38:01","modified_gmt":"2022-05-04T15:38:01","slug":"fortalecen-sipinna-en-la-piedad-para-proteger-derechos-de-los-menores","status":"publish","type":"post","link":"http:\/\/tvalaire.com\/?p=10143","title":{"rendered":"FORTALECEN SIPINNA EN LA PIEDAD PARA PROTEGER DERECHOS DE LOS MENORES"},"content":{"rendered":"\n<p><\/p>\n\n\n\n<ul class=\"wp-block-list\"><li><strong>Gobierno reafirma compromiso de trabajo por los ni\u00f1os<\/strong><\/li><li><strong>La Piedad cuenta con un sistema de protecci\u00f3n en la regi\u00f3n<\/strong><\/li><\/ul>\n\n\n\n<p>El Comit\u00e9 del Sistema de Protecci\u00f3n Integral de los Derechos de los Ni\u00f1os, Ni\u00f1as y Adolescentes (SIPINNA) en la ciudad, encabezado por nuestro presidente Samuel Hidalgo Gallardo, recibi\u00f3 capacitaci\u00f3n proveniente del sistema hom\u00f3nimo en el estado, acerca de las atribuciones que les correspondeny delimitaci\u00f3n de funciones, para fortalecer su funcionamiento.<\/p>\n\n\n\n<p>Preservar, garantizar y proteger los derechos de los infantes, es pieza medular en las labores que desarrolla SIPINNA, que se ubica f\u00edsicamente al interior del Sistema Municipal DIF en el municipio de La Piedad, siendo este \u00faltimo Organismo el encargado de la asistencia social de los grupos en vulnerabilidad.<\/p>\n\n\n\n<p>En este mes de abril, adem\u00e1s de festejar a los ni\u00f1os, DIF contin\u00faa trabajando con la premisa de resguardar los derechos de los menores, mediante dicho Consejo,que se rige con base en la Ley General de Ni\u00f1as, Ni\u00f1os y Adolescentes Federal; as\u00ed como los acuerdos establecidos en la Convenci\u00f3n sobre los Derechos del Ni\u00f1o (1989) tratado del que participa nuestro pa\u00eds.<\/p>\n\n\n\n<p>En la capacitaci\u00f3n ofrecida por SIPINNA Michoac\u00e1n, el presidente Samuel Hidalgo, su esposa y presidenta del DIF Margarita Montes<a><\/a> y Ra\u00fal Hern\u00e1ndez, secretario del Comit\u00e9, dieron la bienvenida a la Secretaria Ejecutiva Estatal del SIPINNA, Blanca Gabriela P\u00e9rez Santamar\u00eda.<\/p>\n\n\n\n<p>En alrededor de dos horas de capacitaci\u00f3n, se cit\u00f3 el seguimiento de atenci\u00f3n que se debe dar a los menores en riesgo de violaci\u00f3n de sus derechos, el marco jur\u00eddico espec\u00edfico, lineamientos de integraci\u00f3n y delimitaci\u00f3n de atribuciones para el \u00f3ptimo desarrollo de las funciones; la posibilidad de instituir un protocolo de actuaci\u00f3n, fue otro de los t\u00f3picos de inter\u00e9s para consolidar la dignificaci\u00f3n de los derechos de los menores en La Piedad.<\/p>\n","protected":false},"excerpt":{"rendered":"<p>Gobierno reafirma compromiso de trabajo por los ni\u00f1os La Piedad cuenta con un sistema de&#8230;<\/p>\n","protected":false},"author":1,"featured_media":10144,"comment_status":"open","ping_status":"open","sticky":false,"template":"","format":"standard","meta":{"jetpack_post_was_ever_published":false,"_jetpack_newsletter_access":"","_jetpack_dont_email_post_to_subs":false,"_jetpack_newsletter_tier_id":0,"_jetpack_memberships_contains_paywalled_content":false,"_jetpack_memberships_contains_paid_content":false,"footnotes":"","jetpack_publicize_message":"","jetpack_publicize_feature_enabled":true,"jetpack_social_post_already_shared":true,"jetpack_social_options":{"image_generator_settings":{"template":"highway","enabled":false},"version":2}},"categories":[1],"tags":[15,36],"class_list":["post-10143","post","type-post","status-publish","format-standard","has-post-thumbnail","hentry","category-la-piedad","tag-la-piedad","tag-principales"],"jetpack_publicize_connections":[],"jetpack_sharing_enabled":true,"featured_image_urls":{"full":["http:\/\/tvalaire.com\/wp-content\/uploads\/2022\/05\/01-5-2.jpeg",1280,853,false],"thumbnail":["http:\/\/tvalaire.com\/wp-content\/uploads\/2022\/05\/01-5-2-150x150.jpeg",150,150,true],"medium":["http:\/\/tvalaire.com\/wp-content\/uploads\/2022\/05\/01-5-2-300x200.jpeg",300,200,true],"medium_large":["http:\/\/tvalaire.com\/wp-content\/uploads\/2022\/05\/01-5-2-768x512.jpeg",640,427,true],"large":["http:\/\/tvalaire.com\/wp-content\/uploads\/2022\/05\/01-5-2-1024x682.jpeg",640,426,true],"post-slider-thumb-size":["http:\/\/tvalaire.com\/wp-content\/uploads\/2022\/05\/01-5-2-330x190.jpeg",330,190,true],"post-category-slider-size":["http:\/\/tvalaire.com\/wp-content\/uploads\/2022\/05\/01-5-2.jpeg",330,220,false],"1536x1536":["http:\/\/tvalaire.com\/wp-content\/uploads\/2022\/05\/01-5-2.jpeg",1280,853,false],"2048x2048":["http:\/\/tvalaire.com\/wp-content\/uploads\/2022\/05\/01-5-2.jpeg",1280,853,false],"newsium-slider-full":["http:\/\/tvalaire.com\/wp-content\/uploads\/2022\/05\/01-5-2-1280x845.jpeg",1280,845,true],"newsium-featured":["http:\/\/tvalaire.com\/wp-content\/uploads\/2022\/05\/01-5-2-1024x682.jpeg",1024,682,true],"newsium-medium":["http:\/\/tvalaire.com\/wp-content\/uploads\/2022\/05\/01-5-2-720x475.jpeg",720,475,true]},"author_info":{"info":["tvalairenoti"]},"category_info":"<a href=\"http:\/\/tvalaire.com\/?cat=1\" rel=\"category\">La Piedad<\/a>","tag_info":"La Piedad","comment_count":"0","jetpack_featured_media_url":"http:\/\/tvalaire.com\/wp-content\/uploads\/2022\/05\/01-5-2.jpeg","_links":{"self":[{"href":"http:\/\/tvalaire.com\/index.php?rest_route=\/wp\/v2\/posts\/10143"}],"collection":[{"href":"http:\/\/tvalaire.com\/index.php?rest_route=\/wp\/v2\/posts"}],"about":[{"href":"http:\/\/tvalaire.com\/index.php?rest_route=\/wp\/v2\/types\/post"}],"author":[{"embeddable":true,"href":"http:\/\/tvalaire.com\/index.php?rest_route=\/wp\/v2\/users\/1"}],"replies":[{"embeddable":true,"href":"http:\/\/tvalaire.com\/index.php?rest_route=%2Fwp%2Fv2%2Fcomments&post=10143"}],"version-history":[{"count":1,"href":"http:\/\/tvalaire.com\/index.php?rest_route=\/wp\/v2\/posts\/10143\/revisions"}],"predecessor-version":[{"id":10145,"href":"http:\/\/tvalaire.com\/index.php?rest_route=\/wp\/v2\/posts\/10143\/revisions\/10145"}],"wp:featuredmedia":[{"embeddable":true,"href":"http:\/\/tvalaire.com\/index.php?rest_route=\/wp\/v2\/media\/10144"}],"wp:attachment":[{"href":"http:\/\/tvalaire.com\/index.php?rest_route=%2Fwp%2Fv2%2Fmedia&parent=10143"}],"wp:term":[{"taxonomy":"category","embeddable":true,"href":"http:\/\/tvalaire.com\/index.php?rest_route=%2Fwp%2Fv2%2Fcategories&post=10143"},{"taxonomy":"post_tag","embeddable":true,"href":"http:\/\/tvalaire.com\/index.php?rest_route=%2Fwp%2Fv2%2Ftags&post=10143"}],"curies":[{"name":"wp","href":"https:\/\/api.w.org\/{rel}","templated":true}]}}