{"id":10140,"date":"2022-04-06T10:34:00","date_gmt":"2022-04-06T15:34:00","guid":{"rendered":"http:\/\/tvalaire.com\/?p=10140"},"modified":"2022-05-04T10:37:37","modified_gmt":"2022-05-04T15:37:37","slug":"promueve-gobierno-platicas-nutricionales-en-escuelas-primarias","status":"publish","type":"post","link":"http:\/\/tvalaire.com\/?p=10140","title":{"rendered":"PROMUEVE GOBIERNO PL\u00c1TICAS NUTRICIONALES EN ESCUELAS PRIMARIAS"},"content":{"rendered":"\n<p><\/p>\n\n\n\n<ul class=\"wp-block-list\"><li><strong>Orientan a los educandos sobre el Plato del Buen Comer<\/strong><\/li><li><strong>Escuelas interesadas pueden acercarse a la Direcci\u00f3n de Educaci\u00f3n<\/strong><\/li><\/ul>\n\n\n\n<p>El Gobierno Municipal de La Piedad a trav\u00e9s de la Direcci\u00f3n de Educaci\u00f3n, ha implementado un programa de atenci\u00f3n integral a la salud de la ni\u00f1ez piedadense, con el cual est\u00e1n trabajando en escuelas primarias de la zona urbana para brindar informaci\u00f3n nutrimental.<\/p>\n\n\n\n<p>La actividad de momento se desarrolla en las Primarias \u201cJ. Jes\u00fas Romero Flores\u201d y \u201cJos\u00e9 Mar\u00eda Cavadas\u201d, del turno matutino en la que participan alumnos del quinto y sexto grado, as\u00ed como los padres de familia.<\/p>\n\n\n\n<p>Horacio Mart\u00edn S\u00e1nchez Molina, Director de la dependencia de Gobierno antes mencionada, dijo que uno de los objetivos es promover el autocuidado alimenticio de los ni\u00f1os y as\u00ed mismo crear espacios y ambientes saludables para los educandos.<\/p>\n\n\n\n<p>Coment\u00f3 que la pl\u00e1tica est\u00e1 a cargo de nutri\u00f3logos del DIF y del Centro de Salud, quienes se enfocan en dar a conocer el Plato del Buen Comer, as\u00ed como orientar a los ni\u00f1os y padres de familia en el desarrollo f\u00edsico, mental y social.<\/p>\n\n\n\n<p>Se\u00f1al\u00f3 el funcionario que la idea surge debido a que por el sedentarismo a causa de la pandemia por COVID-19 en este regreso a clase presencial se ha detectado sobrepeso, por lo que se tiene tambi\u00e9n atenci\u00f3n psicoterapeuta.<\/p>\n\n\n\n<p>De igual manera S\u00e1nchez Molina, agradeci\u00f3 a los padres de familia que previamente aceptaron la propuesta y la participaci\u00f3n en las pl\u00e1ticas que buscan sensibilizarlos e informarlos para mejorar la alimentaci\u00f3n de sus hijos.<\/p>\n\n\n\n<p>Agreg\u00f3 que, aunado a las charlas, a las escuelas se les ha entregado un ox\u00edmetro, 200 cubrebocas, botiqu\u00edn de emergencia, cintas m\u00e9tricas y b\u00e1sculas, as\u00ed como una lona impresa con la informaci\u00f3n necesaria sobre el Plato del Buen Comer y la Jarra del Buen Beber.<\/p>\n\n\n\n<p>Las instituciones del nivel Primaria de la zona urbana que tengan el inter\u00e9s de que las pl\u00e1ticas nutricionales se realicen en su espacio educativo, pueden ponerse en contacto con la Direcci\u00f3n de Educaci\u00f3n, que se ubica en Mariano Jim\u00e9nez #115 para que les den m\u00e1s informaci\u00f3n sobre el tema.<\/p>\n","protected":false},"excerpt":{"rendered":"<p>Orientan a los educandos sobre el Plato del Buen Comer Escuelas interesadas pueden acercarse a&#8230;<\/p>\n","protected":false},"author":1,"featured_media":10141,"comment_status":"open","ping_status":"open","sticky":false,"template":"","format":"standard","meta":{"jetpack_post_was_ever_published":false,"_jetpack_newsletter_access":"","_jetpack_dont_email_post_to_subs":false,"_jetpack_newsletter_tier_id":0,"_jetpack_memberships_contains_paywalled_content":false,"_jetpack_memberships_contains_paid_content":false,"footnotes":"","jetpack_publicize_message":"","jetpack_publicize_feature_enabled":true,"jetpack_social_post_already_shared":true,"jetpack_social_options":{"image_generator_settings":{"template":"highway","enabled":false},"version":2}},"categories":[1],"tags":[15,36],"class_list":["post-10140","post","type-post","status-publish","format-standard","has-post-thumbnail","hentry","category-la-piedad","tag-la-piedad","tag-principales"],"jetpack_publicize_connections":[],"jetpack_sharing_enabled":true,"featured_image_urls":{"full":["http:\/\/tvalaire.com\/wp-content\/uploads\/2022\/05\/01-4-5.jpeg",1600,1200,false],"thumbnail":["http:\/\/tvalaire.com\/wp-content\/uploads\/2022\/05\/01-4-5-150x150.jpeg",150,150,true],"medium":["http:\/\/tvalaire.com\/wp-content\/uploads\/2022\/05\/01-4-5-300x225.jpeg",300,225,true],"medium_large":["http:\/\/tvalaire.com\/wp-content\/uploads\/2022\/05\/01-4-5-768x576.jpeg",640,480,true],"large":["http:\/\/tvalaire.com\/wp-content\/uploads\/2022\/05\/01-4-5-1024x768.jpeg",640,480,true],"post-slider-thumb-size":["http:\/\/tvalaire.com\/wp-content\/uploads\/2022\/05\/01-4-5-330x190.jpeg",330,190,true],"post-category-slider-size":["http:\/\/tvalaire.com\/wp-content\/uploads\/2022\/05\/01-4-5.jpeg",330,248,false],"1536x1536":["http:\/\/tvalaire.com\/wp-content\/uploads\/2022\/05\/01-4-5-1536x1152.jpeg",1536,1152,true],"2048x2048":["http:\/\/tvalaire.com\/wp-content\/uploads\/2022\/05\/01-4-5.jpeg",1600,1200,false],"newsium-slider-full":["http:\/\/tvalaire.com\/wp-content\/uploads\/2022\/05\/01-4-5-1280x845.jpeg",1280,845,true],"newsium-featured":["http:\/\/tvalaire.com\/wp-content\/uploads\/2022\/05\/01-4-5-1024x768.jpeg",1024,768,true],"newsium-medium":["http:\/\/tvalaire.com\/wp-content\/uploads\/2022\/05\/01-4-5-720x475.jpeg",720,475,true]},"author_info":{"info":["tvalairenoti"]},"category_info":"<a href=\"http:\/\/tvalaire.com\/?cat=1\" rel=\"category\">La Piedad<\/a>","tag_info":"La Piedad","comment_count":"0","jetpack_featured_media_url":"http:\/\/tvalaire.com\/wp-content\/uploads\/2022\/05\/01-4-5.jpeg","_links":{"self":[{"href":"http:\/\/tvalaire.com\/index.php?rest_route=\/wp\/v2\/posts\/10140"}],"collection":[{"href":"http:\/\/tvalaire.com\/index.php?rest_route=\/wp\/v2\/posts"}],"about":[{"href":"http:\/\/tvalaire.com\/index.php?rest_route=\/wp\/v2\/types\/post"}],"author":[{"embeddable":true,"href":"http:\/\/tvalaire.com\/index.php?rest_route=\/wp\/v2\/users\/1"}],"replies":[{"embeddable":true,"href":"http:\/\/tvalaire.com\/index.php?rest_route=%2Fwp%2Fv2%2Fcomments&post=10140"}],"version-history":[{"count":1,"href":"http:\/\/tvalaire.com\/index.php?rest_route=\/wp\/v2\/posts\/10140\/revisions"}],"predecessor-version":[{"id":10142,"href":"http:\/\/tvalaire.com\/index.php?rest_route=\/wp\/v2\/posts\/10140\/revisions\/10142"}],"wp:featuredmedia":[{"embeddable":true,"href":"http:\/\/tvalaire.com\/index.php?rest_route=\/wp\/v2\/media\/10141"}],"wp:attachment":[{"href":"http:\/\/tvalaire.com\/index.php?rest_route=%2Fwp%2Fv2%2Fmedia&parent=10140"}],"wp:term":[{"taxonomy":"category","embeddable":true,"href":"http:\/\/tvalaire.com\/index.php?rest_route=%2Fwp%2Fv2%2Fcategories&post=10140"},{"taxonomy":"post_tag","embeddable":true,"href":"http:\/\/tvalaire.com\/index.php?rest_route=%2Fwp%2Fv2%2Ftags&post=10140"}],"curies":[{"name":"wp","href":"https:\/\/api.w.org\/{rel}","templated":true}]}}