{"id":10123,"date":"2022-04-12T10:26:00","date_gmt":"2022-04-12T15:26:00","guid":{"rendered":"http:\/\/tvalaire.com\/?p=10123"},"modified":"2022-05-04T10:28:13","modified_gmt":"2022-05-04T15:28:13","slug":"habra-festival-del-globo-en-el-municipio-de-la-piedad","status":"publish","type":"post","link":"http:\/\/tvalaire.com\/?p=10123","title":{"rendered":"HABR\u00c1 FESTIVAL DEL GLOBO EN EL MUNICIPIO DE LA PIEDAD"},"content":{"rendered":"\n<p><\/p>\n\n\n\n<ul class=\"wp-block-list\"><li><strong>Del 25 al 27 de noviembre en la presa de la comunidad de Ticu\u00edtaco<\/strong><\/li><li><strong>Invita Alcalde a comerciantes y empresarios se sumen al proyecto<\/strong><\/li><\/ul>\n\n\n\n<p>Alcalde de La Piedad, Samuel Hidalgo Gallardo, y la directora general del Festival Internacional del Globo (FIG)EscandraSalimAlle, estuvieron en las instalaciones de la Escuela de Artes, para realizar la firma de convenio y pueda realizarse una extensi\u00f3n de este evento en el municipio.<\/p>\n\n\n\n<p>Durante la presentaci\u00f3n<a><\/a>, se dio a conocer que la actividad se tiene programada para que se desarrolle del 25 al 27 de noviembre de este a\u00f1oa un costado de la presa que se ubica en la comunidad de Ticu\u00edtaco. Para este a\u00f1o ser\u00e1n 11 globos aerost\u00e1ticos los que estar\u00e1n levantando el vuelo en el cielo de la ciudad.&nbsp;<\/p>\n\n\n\n<p>En su intervenci\u00f3n Hidalgo Gallardo, coment\u00f3 que uno de los principales objetivos de este proyecto es poder reactivar la econom\u00eda de las familias comerciantes de nuestraciudad.<\/p>\n\n\n\n<p>Al mismo tiempo, agreg\u00f3 que con la actividad se busca proyectar al municipio en el \u00e1mbito regional, estatal y en todo el pa\u00eds como un lugar seguro el cual se puede disfrutar en familia.&nbsp;<\/p>\n\n\n\n<p>Destaco el Alcalde que, para esta edici\u00f3n el evento a diferencia de los anteriores, se tiene planeado que la actividad sea econ\u00f3micamente sustentable, ya que se espera que por cada peso invertido se recuperen cuatro de manera directa en la hoteler\u00eda, restaurantes, comercio o venta de gastronom\u00eda y artesan\u00edas.<\/p>\n\n\n\n<p>Agreg\u00f3 que en su momento se dar\u00e1n a conocer los eventos art\u00edsticos y culturales que se estar\u00e1n presentando durante los tres d\u00edas, as\u00ed mismo se habilitar\u00e1n \u00e1reas comerciales, zonas gastron\u00f3micas, exhibici\u00f3n deportiva, stands,entre otros.<\/p>\n\n\n\n<p>De igual manera, hizo una invitaci\u00f3n al comercio y empresarios de la localidad o la regi\u00f3n, para que se sumen al programa de actividades que se estar\u00e1n programando y se tenga el \u00e9xito esperado para todos los piedadense.<\/p>\n\n\n\n<figure class=\"wp-block-image size-large is-style-default\"><img loading=\"lazy\" decoding=\"async\" width=\"1024\" height=\"683\" src=\"http:\/\/tvalaire.com\/wp-content\/uploads\/2022\/05\/01-6-1-1024x683.jpeg\" alt=\"\" class=\"wp-image-10125\" srcset=\"http:\/\/tvalaire.com\/wp-content\/uploads\/2022\/05\/01-6-1-1024x683.jpeg 1024w, http:\/\/tvalaire.com\/wp-content\/uploads\/2022\/05\/01-6-1-300x200.jpeg 300w, http:\/\/tvalaire.com\/wp-content\/uploads\/2022\/05\/01-6-1-768x512.jpeg 768w, http:\/\/tvalaire.com\/wp-content\/uploads\/2022\/05\/01-6-1.jpeg 1068w\" sizes=\"(max-width: 1024px) 100vw, 1024px\" \/><\/figure>\n","protected":false},"excerpt":{"rendered":"<p>Del 25 al 27 de noviembre en la presa de la comunidad de Ticu\u00edtaco Invita&#8230;<\/p>\n","protected":false},"author":1,"featured_media":10124,"comment_status":"open","ping_status":"open","sticky":false,"template":"","format":"standard","meta":{"jetpack_post_was_ever_published":false,"_jetpack_newsletter_access":"","_jetpack_dont_email_post_to_subs":false,"_jetpack_newsletter_tier_id":0,"_jetpack_memberships_contains_paywalled_content":false,"_jetpack_memberships_contains_paid_content":false,"footnotes":"","jetpack_publicize_message":"","jetpack_publicize_feature_enabled":true,"jetpack_social_post_already_shared":true,"jetpack_social_options":{"image_generator_settings":{"template":"highway","enabled":false},"version":2}},"categories":[1],"tags":[15,36],"class_list":["post-10123","post","type-post","status-publish","format-standard","has-post-thumbnail","hentry","category-la-piedad","tag-la-piedad","tag-principales"],"jetpack_publicize_connections":[],"jetpack_sharing_enabled":true,"featured_image_urls":{"full":["http:\/\/tvalaire.com\/wp-content\/uploads\/2022\/05\/01-8.jpeg",1114,743,false],"thumbnail":["http:\/\/tvalaire.com\/wp-content\/uploads\/2022\/05\/01-8-150x150.jpeg",150,150,true],"medium":["http:\/\/tvalaire.com\/wp-content\/uploads\/2022\/05\/01-8-300x200.jpeg",300,200,true],"medium_large":["http:\/\/tvalaire.com\/wp-content\/uploads\/2022\/05\/01-8-768x512.jpeg",640,427,true],"large":["http:\/\/tvalaire.com\/wp-content\/uploads\/2022\/05\/01-8-1024x683.jpeg",640,427,true],"post-slider-thumb-size":["http:\/\/tvalaire.com\/wp-content\/uploads\/2022\/05\/01-8-330x190.jpeg",330,190,true],"post-category-slider-size":["http:\/\/tvalaire.com\/wp-content\/uploads\/2022\/05\/01-8.jpeg",330,220,false],"1536x1536":["http:\/\/tvalaire.com\/wp-content\/uploads\/2022\/05\/01-8.jpeg",1114,743,false],"2048x2048":["http:\/\/tvalaire.com\/wp-content\/uploads\/2022\/05\/01-8.jpeg",1114,743,false],"newsium-slider-full":["http:\/\/tvalaire.com\/wp-content\/uploads\/2022\/05\/01-8.jpeg",1114,743,false],"newsium-featured":["http:\/\/tvalaire.com\/wp-content\/uploads\/2022\/05\/01-8-1024x683.jpeg",1024,683,true],"newsium-medium":["http:\/\/tvalaire.com\/wp-content\/uploads\/2022\/05\/01-8-720x475.jpeg",720,475,true]},"author_info":{"info":["tvalairenoti"]},"category_info":"<a href=\"http:\/\/tvalaire.com\/?cat=1\" rel=\"category\">La Piedad<\/a>","tag_info":"La Piedad","comment_count":"0","jetpack_featured_media_url":"http:\/\/tvalaire.com\/wp-content\/uploads\/2022\/05\/01-8.jpeg","_links":{"self":[{"href":"http:\/\/tvalaire.com\/index.php?rest_route=\/wp\/v2\/posts\/10123"}],"collection":[{"href":"http:\/\/tvalaire.com\/index.php?rest_route=\/wp\/v2\/posts"}],"about":[{"href":"http:\/\/tvalaire.com\/index.php?rest_route=\/wp\/v2\/types\/post"}],"author":[{"embeddable":true,"href":"http:\/\/tvalaire.com\/index.php?rest_route=\/wp\/v2\/users\/1"}],"replies":[{"embeddable":true,"href":"http:\/\/tvalaire.com\/index.php?rest_route=%2Fwp%2Fv2%2Fcomments&post=10123"}],"version-history":[{"count":1,"href":"http:\/\/tvalaire.com\/index.php?rest_route=\/wp\/v2\/posts\/10123\/revisions"}],"predecessor-version":[{"id":10126,"href":"http:\/\/tvalaire.com\/index.php?rest_route=\/wp\/v2\/posts\/10123\/revisions\/10126"}],"wp:featuredmedia":[{"embeddable":true,"href":"http:\/\/tvalaire.com\/index.php?rest_route=\/wp\/v2\/media\/10124"}],"wp:attachment":[{"href":"http:\/\/tvalaire.com\/index.php?rest_route=%2Fwp%2Fv2%2Fmedia&parent=10123"}],"wp:term":[{"taxonomy":"category","embeddable":true,"href":"http:\/\/tvalaire.com\/index.php?rest_route=%2Fwp%2Fv2%2Fcategories&post=10123"},{"taxonomy":"post_tag","embeddable":true,"href":"http:\/\/tvalaire.com\/index.php?rest_route=%2Fwp%2Fv2%2Ftags&post=10123"}],"curies":[{"name":"wp","href":"https:\/\/api.w.org\/{rel}","templated":true}]}}