{"id":10054,"date":"2022-05-02T09:46:00","date_gmt":"2022-05-02T14:46:00","guid":{"rendered":"http:\/\/tvalaire.com\/?p=10054"},"modified":"2022-05-04T09:54:35","modified_gmt":"2022-05-04T14:54:35","slug":"alcalde-samuel-hidalgo-reafirma-compromiso-con-la-ninez","status":"publish","type":"post","link":"http:\/\/tvalaire.com\/?p=10054","title":{"rendered":"ALCALDE SAMUEL HIDALGO REAFIRMA COMPROMISO CON LA NI\u00d1EZ"},"content":{"rendered":"\n<p><\/p>\n\n\n\n<ul class=\"wp-block-list\"><li><strong>M\u00e1s de 3 mil quinientos ni\u00f1os y ni\u00f1as participaron en las festividades<\/strong><\/li><li><strong>Se realizaron festivales en diferentes colonias de la ciudad<\/strong><\/li><\/ul>\n\n\n\n<p>El Gobierno Municipal de La Piedad encabezado por Samuel Hidalgo, a trav\u00e9s de Sistema Municipal DIF, ratific\u00f3 su compromiso con la infancia en el D\u00eda del Ni\u00f1o y la Ni\u00f1a 2022, realizando diversos eventos en favor de la infancia.<\/p>\n\n\n\n<p>Alrededor de tres mil quinientos ni\u00f1os y ni\u00f1as piedadenses, disfrutaron de diferentes actividades recreativas, mismos que prepar\u00f3 el organismo DIF, en el marco del 30 de abril, inform\u00f3 la directora del Sistema Municipal para el Desarrollo Integral de la Familia (DIF), Vanessa Caratachea.<\/p>\n\n\n\n<p>Al inicio del mes, se capacit\u00f3 sobre marco de atribuciones, al Comit\u00e9 del Sistema de Protecci\u00f3n Integral a los Derechos de los Ni\u00f1os, Ni\u00f1as y Adolescentes (SIPINNA), encabezado por nuestro Alcalde Samuel Hidalgo; as\u00ed como su esposa y presidenta de DIF, Margarita Montes.<\/p>\n\n\n\n<p>As\u00ed mismo, la semana anterior, el municipio fue sede del Foro Regional de Participaci\u00f3n Infantil &#8220;OpiNNAt\u00f3n&#8221;, ratificado por SIPINNA Estatal, d\u00f3nde participaron aproximadamente 150 ni\u00f1os y ni\u00f1as de Numar\u00e1n, Penjamillo y La Piedad, expresando su opini\u00f3n conforme al goce de sus derechos elementales, mediante diversas expresiones; ah\u00ed el alcalde, les reiter\u00f3 su inter\u00e9s por ofrecer espacios seguros y calles iluminadas para su \u00f3ptimo desarrollo.<\/p>\n\n\n\n<p>Una funci\u00f3n especial del circo Ayala Hermanos, estuvo al alcance de 700 ni\u00f1as y ni\u00f1os que, sin costo alguno, disfrutaron de los n\u00fameros preparados con su respectivo boleto entregado de propia mano del presidente Hidalgo Gallardo y de Margarita Montes, presidenta del DIF.<\/p>\n\n\n\n<p>Los d\u00edas viernes, s\u00e1bado y domingo se realizaron festivales de forma consecutiva en las colonias Vasco de Quiroga, Ciudad del Sol y Colonia Santa Fe, a d\u00f3nde se invit\u00f3 a los ni\u00f1os de La Piedad y sus familias para el disfrute de diversiones como show de payasitos, mini feria, paseos en trenecito y otras sorpresas de consumo, donde con asistencia llena los ni\u00f1os disfrutaron de su d\u00eda.<\/p>\n\n\n\n<figure class=\"wp-block-image size-large is-style-default\"><img loading=\"lazy\" decoding=\"async\" width=\"1024\" height=\"681\" src=\"http:\/\/tvalaire.com\/wp-content\/uploads\/2022\/05\/4-1-1024x681.jpeg\" alt=\"\" class=\"wp-image-10078\" srcset=\"http:\/\/tvalaire.com\/wp-content\/uploads\/2022\/05\/4-1-1024x681.jpeg 1024w, http:\/\/tvalaire.com\/wp-content\/uploads\/2022\/05\/4-1-300x200.jpeg 300w, http:\/\/tvalaire.com\/wp-content\/uploads\/2022\/05\/4-1-768x511.jpeg 768w, http:\/\/tvalaire.com\/wp-content\/uploads\/2022\/05\/4-1-1536x1021.jpeg 1536w, http:\/\/tvalaire.com\/wp-content\/uploads\/2022\/05\/4-1.jpeg 1600w\" sizes=\"(max-width: 1024px) 100vw, 1024px\" \/><\/figure>\n\n\n\n<figure class=\"wp-block-image size-large is-style-default\"><img loading=\"lazy\" decoding=\"async\" width=\"1024\" height=\"681\" src=\"http:\/\/tvalaire.com\/wp-content\/uploads\/2022\/05\/2-2-1024x681.jpeg\" alt=\"\" class=\"wp-image-10079\" srcset=\"http:\/\/tvalaire.com\/wp-content\/uploads\/2022\/05\/2-2-1024x681.jpeg 1024w, http:\/\/tvalaire.com\/wp-content\/uploads\/2022\/05\/2-2-300x200.jpeg 300w, http:\/\/tvalaire.com\/wp-content\/uploads\/2022\/05\/2-2-768x511.jpeg 768w, http:\/\/tvalaire.com\/wp-content\/uploads\/2022\/05\/2-2-1536x1021.jpeg 1536w, http:\/\/tvalaire.com\/wp-content\/uploads\/2022\/05\/2-2.jpeg 1600w\" sizes=\"(max-width: 1024px) 100vw, 1024px\" \/><\/figure>\n","protected":false},"excerpt":{"rendered":"<p>M\u00e1s de 3 mil quinientos ni\u00f1os y ni\u00f1as participaron en las festividades Se realizaron festivales&#8230;<\/p>\n","protected":false},"author":1,"featured_media":10077,"comment_status":"open","ping_status":"open","sticky":false,"template":"","format":"standard","meta":{"jetpack_post_was_ever_published":false,"_jetpack_newsletter_access":"","_jetpack_dont_email_post_to_subs":false,"_jetpack_newsletter_tier_id":0,"_jetpack_memberships_contains_paywalled_content":false,"_jetpack_memberships_contains_paid_content":false,"footnotes":"","jetpack_publicize_message":"","jetpack_publicize_feature_enabled":true,"jetpack_social_post_already_shared":true,"jetpack_social_options":{"image_generator_settings":{"template":"highway","enabled":false},"version":2}},"categories":[1],"tags":[15,36],"class_list":["post-10054","post","type-post","status-publish","format-standard","has-post-thumbnail","hentry","category-la-piedad","tag-la-piedad","tag-principales"],"jetpack_publicize_connections":[],"jetpack_sharing_enabled":true,"featured_image_urls":{"full":["http:\/\/tvalaire.com\/wp-content\/uploads\/2022\/05\/7.jpeg",1600,1064,false],"thumbnail":["http:\/\/tvalaire.com\/wp-content\/uploads\/2022\/05\/7-150x150.jpeg",150,150,true],"medium":["http:\/\/tvalaire.com\/wp-content\/uploads\/2022\/05\/7-300x200.jpeg",300,200,true],"medium_large":["http:\/\/tvalaire.com\/wp-content\/uploads\/2022\/05\/7-768x511.jpeg",640,426,true],"large":["http:\/\/tvalaire.com\/wp-content\/uploads\/2022\/05\/7-1024x681.jpeg",640,426,true],"post-slider-thumb-size":["http:\/\/tvalaire.com\/wp-content\/uploads\/2022\/05\/7-330x190.jpeg",330,190,true],"post-category-slider-size":["http:\/\/tvalaire.com\/wp-content\/uploads\/2022\/05\/7.jpeg",330,219,false],"1536x1536":["http:\/\/tvalaire.com\/wp-content\/uploads\/2022\/05\/7-1536x1021.jpeg",1536,1021,true],"2048x2048":["http:\/\/tvalaire.com\/wp-content\/uploads\/2022\/05\/7.jpeg",1600,1064,false],"newsium-slider-full":["http:\/\/tvalaire.com\/wp-content\/uploads\/2022\/05\/7-1280x845.jpeg",1280,845,true],"newsium-featured":["http:\/\/tvalaire.com\/wp-content\/uploads\/2022\/05\/7-1024x681.jpeg",1024,681,true],"newsium-medium":["http:\/\/tvalaire.com\/wp-content\/uploads\/2022\/05\/7-720x475.jpeg",720,475,true]},"author_info":{"info":["tvalairenoti"]},"category_info":"<a href=\"http:\/\/tvalaire.com\/?cat=1\" rel=\"category\">La Piedad<\/a>","tag_info":"La Piedad","comment_count":"0","jetpack_featured_media_url":"http:\/\/tvalaire.com\/wp-content\/uploads\/2022\/05\/7.jpeg","_links":{"self":[{"href":"http:\/\/tvalaire.com\/index.php?rest_route=\/wp\/v2\/posts\/10054"}],"collection":[{"href":"http:\/\/tvalaire.com\/index.php?rest_route=\/wp\/v2\/posts"}],"about":[{"href":"http:\/\/tvalaire.com\/index.php?rest_route=\/wp\/v2\/types\/post"}],"author":[{"embeddable":true,"href":"http:\/\/tvalaire.com\/index.php?rest_route=\/wp\/v2\/users\/1"}],"replies":[{"embeddable":true,"href":"http:\/\/tvalaire.com\/index.php?rest_route=%2Fwp%2Fv2%2Fcomments&post=10054"}],"version-history":[{"count":1,"href":"http:\/\/tvalaire.com\/index.php?rest_route=\/wp\/v2\/posts\/10054\/revisions"}],"predecessor-version":[{"id":10080,"href":"http:\/\/tvalaire.com\/index.php?rest_route=\/wp\/v2\/posts\/10054\/revisions\/10080"}],"wp:featuredmedia":[{"embeddable":true,"href":"http:\/\/tvalaire.com\/index.php?rest_route=\/wp\/v2\/media\/10077"}],"wp:attachment":[{"href":"http:\/\/tvalaire.com\/index.php?rest_route=%2Fwp%2Fv2%2Fmedia&parent=10054"}],"wp:term":[{"taxonomy":"category","embeddable":true,"href":"http:\/\/tvalaire.com\/index.php?rest_route=%2Fwp%2Fv2%2Fcategories&post=10054"},{"taxonomy":"post_tag","embeddable":true,"href":"http:\/\/tvalaire.com\/index.php?rest_route=%2Fwp%2Fv2%2Ftags&post=10054"}],"curies":[{"name":"wp","href":"https:\/\/api.w.org\/{rel}","templated":true}]}}