{"id":1005,"date":"2017-03-21T09:13:34","date_gmt":"2017-03-21T15:13:34","guid":{"rendered":"http:\/\/tvalaire.com\/?p=1005"},"modified":"2017-03-21T09:13:34","modified_gmt":"2017-03-21T15:13:34","slug":"victor-vazquez-entrega-pavimentacion-en-la-calle-arquimides","status":"publish","type":"post","link":"http:\/\/tvalaire.com\/?p=1005","title":{"rendered":"V\u00cdCTOR V\u00c1ZQUEZ ENTREGA PAVIMENTACI\u00d3N EN LA CALLE ARQU\u00cdMIDES"},"content":{"rendered":"<p>El Presidente Municipal de Puru\u00e1ndiro V\u00edctor V\u00e1zquez atiende necesidad en la calle Arqu\u00edmedes de la cabecera municipal, con la pavimentaci\u00f3n a base de concreto hidr\u00e1ulico en la misma.<\/p>\n<p>\u201cNo solamente en estas calles hay esa gran necesidad de\u00a0 mejorar los servicios de las calles, pero era una prioridad esta obra. Ante ello el regidor Dr. Erasmo Ambriz nos hab\u00eda hecho una petici\u00f3n que le hab\u00edan solicitado los vecinos, aqu\u00ed estaba pr\u00e1cticamente levantado el concreto, en un estado intransitable, poniendo en riesgo tambi\u00e9n la integridad de los transe\u00fantes\u201d, se\u00f1al\u00f3 el Edil.<\/p>\n<p>Ante dicha situaci\u00f3n revisaron la necesidad, en donde solicitaron que se les colocara un parche, pero no era posible, dado que la estructura de la pavimentaci\u00f3n era la que estaba mal, por tal motivo, el cabildo decidi\u00f3 autorizar esta obra para corregir el problema.<\/p>\n<p>As\u00ed mismo V\u00edctor V\u00e1zquez solicit\u00f3 a la ciudadan\u00eda su comprensi\u00f3n para poder corregir no solamente una calle, si no poco a poco ir atendiendo esta necesidad, desafortunadamente hay calles que se hicieron hace cuatro o cinco a\u00f1os y ya est\u00e1n tronadas, otras que ya dieron su vida \u00fatil, pero se ira trabajando, puntualiz\u00f3.<\/p>\n<p>Por su parte el director del Instituto Mexicano del Seguro Social Dr. Hugo Medina Ledesma indic\u00f3 \u201cl\u00f3gicamente el IMSS sale beneficiado porque es un acceso para los derecho habientes, as\u00ed como a los del ISSTE (Instituto de Seguridad y Servicios Sociales de los Trabajadores del Estado) y todos los vecinos de esta calle, por eso a nombre de todos ellos doy las gracias por tan bonito gesto\u201d.<\/p>\n<p>&nbsp;<\/p>\n<p><img loading=\"lazy\" decoding=\"async\" class=\"alignnone size-medium wp-image-1009\" src=\"http:\/\/tvalaire.com\/wp-content\/uploads\/2017\/03\/inauguracion-en-la-calle-arquimedes-4-300x199.jpg\" alt=\"\" width=\"300\" height=\"199\" srcset=\"http:\/\/tvalaire.com\/wp-content\/uploads\/2017\/03\/inauguracion-en-la-calle-arquimedes-4-300x199.jpg 300w, http:\/\/tvalaire.com\/wp-content\/uploads\/2017\/03\/inauguracion-en-la-calle-arquimedes-4-768x509.jpg 768w, http:\/\/tvalaire.com\/wp-content\/uploads\/2017\/03\/inauguracion-en-la-calle-arquimedes-4-1024x678.jpg 1024w\" sizes=\"(max-width: 300px) 100vw, 300px\" \/><\/p>\n<p><img loading=\"lazy\" decoding=\"async\" class=\"alignnone size-medium wp-image-1008\" src=\"http:\/\/tvalaire.com\/wp-content\/uploads\/2017\/03\/inauguracion-en-la-calle-arquimedes-3-300x199.jpg\" alt=\"\" width=\"300\" height=\"199\" srcset=\"http:\/\/tvalaire.com\/wp-content\/uploads\/2017\/03\/inauguracion-en-la-calle-arquimedes-3-300x199.jpg 300w, http:\/\/tvalaire.com\/wp-content\/uploads\/2017\/03\/inauguracion-en-la-calle-arquimedes-3-768x509.jpg 768w, http:\/\/tvalaire.com\/wp-content\/uploads\/2017\/03\/inauguracion-en-la-calle-arquimedes-3-1024x678.jpg 1024w\" sizes=\"(max-width: 300px) 100vw, 300px\" \/><\/p>\n<p><img loading=\"lazy\" decoding=\"async\" class=\"alignnone size-medium wp-image-1006\" src=\"http:\/\/tvalaire.com\/wp-content\/uploads\/2017\/03\/inauguracion-en-la-calle-arquimedes-1-300x199.jpg\" alt=\"\" width=\"300\" height=\"199\" srcset=\"http:\/\/tvalaire.com\/wp-content\/uploads\/2017\/03\/inauguracion-en-la-calle-arquimedes-1-300x199.jpg 300w, http:\/\/tvalaire.com\/wp-content\/uploads\/2017\/03\/inauguracion-en-la-calle-arquimedes-1-768x509.jpg 768w, http:\/\/tvalaire.com\/wp-content\/uploads\/2017\/03\/inauguracion-en-la-calle-arquimedes-1-1024x678.jpg 1024w\" sizes=\"(max-width: 300px) 100vw, 300px\" \/><\/p>\n<p>&nbsp;<\/p>\n<p>&nbsp;<\/p>\n","protected":false},"excerpt":{"rendered":"<p>El Presidente Municipal de Puru\u00e1ndiro V\u00edctor V\u00e1zquez atiende necesidad en la calle Arqu\u00edmedes de la&#8230;<\/p>\n","protected":false},"author":1,"featured_media":1007,"comment_status":"open","ping_status":"open","sticky":false,"template":"","format":"standard","meta":{"jetpack_post_was_ever_published":false,"_jetpack_newsletter_access":"","_jetpack_dont_email_post_to_subs":false,"_jetpack_newsletter_tier_id":0,"_jetpack_memberships_contains_paywalled_content":false,"_jetpack_memberships_contains_paid_content":false,"footnotes":"","jetpack_publicize_message":"","jetpack_publicize_feature_enabled":true,"jetpack_social_post_already_shared":false,"jetpack_social_options":{"image_generator_settings":{"template":"highway","enabled":false},"version":2}},"categories":[4],"tags":[24],"class_list":["post-1005","post","type-post","status-publish","format-standard","has-post-thumbnail","hentry","category-puruandiro","tag-puruandiro"],"jetpack_publicize_connections":[],"jetpack_sharing_enabled":true,"featured_image_urls":{"full":["http:\/\/tvalaire.com\/wp-content\/uploads\/2017\/03\/inauguracion-en-la-calle-arquimedes-2.jpg",2464,1632,false],"thumbnail":["http:\/\/tvalaire.com\/wp-content\/uploads\/2017\/03\/inauguracion-en-la-calle-arquimedes-2-150x150.jpg",150,150,true],"medium":["http:\/\/tvalaire.com\/wp-content\/uploads\/2017\/03\/inauguracion-en-la-calle-arquimedes-2-300x199.jpg",300,199,true],"medium_large":["http:\/\/tvalaire.com\/wp-content\/uploads\/2017\/03\/inauguracion-en-la-calle-arquimedes-2-768x509.jpg",640,424,true],"large":["http:\/\/tvalaire.com\/wp-content\/uploads\/2017\/03\/inauguracion-en-la-calle-arquimedes-2-1024x678.jpg",640,424,true],"post-slider-thumb-size":["http:\/\/tvalaire.com\/wp-content\/uploads\/2017\/03\/inauguracion-en-la-calle-arquimedes-2.jpg",287,190,false],"post-category-slider-size":["http:\/\/tvalaire.com\/wp-content\/uploads\/2017\/03\/inauguracion-en-la-calle-arquimedes-2.jpg",330,219,false],"1536x1536":["http:\/\/tvalaire.com\/wp-content\/uploads\/2017\/03\/inauguracion-en-la-calle-arquimedes-2.jpg",1536,1017,false],"2048x2048":["http:\/\/tvalaire.com\/wp-content\/uploads\/2017\/03\/inauguracion-en-la-calle-arquimedes-2.jpg",2048,1356,false],"newsium-slider-full":["http:\/\/tvalaire.com\/wp-content\/uploads\/2017\/03\/inauguracion-en-la-calle-arquimedes-2.jpg",1276,845,false],"newsium-featured":["http:\/\/tvalaire.com\/wp-content\/uploads\/2017\/03\/inauguracion-en-la-calle-arquimedes-2.jpg",1024,678,false],"newsium-medium":["http:\/\/tvalaire.com\/wp-content\/uploads\/2017\/03\/inauguracion-en-la-calle-arquimedes-2.jpg",717,475,false]},"author_info":{"info":["tvalairenoti"]},"category_info":"<a href=\"http:\/\/tvalaire.com\/?cat=4\" rel=\"category\">Puru\u00e1ndiro<\/a>","tag_info":"Puru\u00e1ndiro","comment_count":"0","jetpack_featured_media_url":"http:\/\/tvalaire.com\/wp-content\/uploads\/2017\/03\/inauguracion-en-la-calle-arquimedes-2.jpg","_links":{"self":[{"href":"http:\/\/tvalaire.com\/index.php?rest_route=\/wp\/v2\/posts\/1005"}],"collection":[{"href":"http:\/\/tvalaire.com\/index.php?rest_route=\/wp\/v2\/posts"}],"about":[{"href":"http:\/\/tvalaire.com\/index.php?rest_route=\/wp\/v2\/types\/post"}],"author":[{"embeddable":true,"href":"http:\/\/tvalaire.com\/index.php?rest_route=\/wp\/v2\/users\/1"}],"replies":[{"embeddable":true,"href":"http:\/\/tvalaire.com\/index.php?rest_route=%2Fwp%2Fv2%2Fcomments&post=1005"}],"version-history":[{"count":1,"href":"http:\/\/tvalaire.com\/index.php?rest_route=\/wp\/v2\/posts\/1005\/revisions"}],"predecessor-version":[{"id":1010,"href":"http:\/\/tvalaire.com\/index.php?rest_route=\/wp\/v2\/posts\/1005\/revisions\/1010"}],"wp:featuredmedia":[{"embeddable":true,"href":"http:\/\/tvalaire.com\/index.php?rest_route=\/wp\/v2\/media\/1007"}],"wp:attachment":[{"href":"http:\/\/tvalaire.com\/index.php?rest_route=%2Fwp%2Fv2%2Fmedia&parent=1005"}],"wp:term":[{"taxonomy":"category","embeddable":true,"href":"http:\/\/tvalaire.com\/index.php?rest_route=%2Fwp%2Fv2%2Fcategories&post=1005"},{"taxonomy":"post_tag","embeddable":true,"href":"http:\/\/tvalaire.com\/index.php?rest_route=%2Fwp%2Fv2%2Ftags&post=1005"}],"curies":[{"name":"wp","href":"https:\/\/api.w.org\/{rel}","templated":true}]}}