{"id":10012,"date":"2022-03-11T10:34:00","date_gmt":"2022-03-11T16:34:00","guid":{"rendered":"http:\/\/tvalaire.com\/?p=10012"},"modified":"2022-04-04T10:57:03","modified_gmt":"2022-04-04T15:57:03","slug":"gobernador-de-michoacan-visita-la-piedad-y-reitera-trabajar-en-coordinacion","status":"publish","type":"post","link":"http:\/\/tvalaire.com\/?p=10012","title":{"rendered":"GOBERNADOR DE MICHOAC\u00c1N VISITA LA PIEDAD Y REITERA TRABAJAR EN COORDINACI\u00d3N"},"content":{"rendered":"\n<p><\/p>\n\n\n\n<ul class=\"wp-block-list\"><li><strong>Habr\u00e1 mejoras en infraestructura de escuelas de La Piedad<\/strong><\/li><li><strong>Alcalde Samuel Hidalgo, da seguimiento a gestiones<\/strong><\/li><\/ul>\n\n\n\n<p>El Gobernador del Estado de Michoac\u00e1n Alfredo Ram\u00edrez Bedolla, estuvo en la Escuela de Artes del municipio de La Piedad, donde se reuni\u00f3 con el presidente Samuel Hidalgo Gallardo, as\u00ed como con<a><\/a> integrantes del H. Ayuntamiento de la ciudad a quienes inform\u00f3 sobre un paquete de recursos para esa localidad.<\/p>\n\n\n\n<p>Ah\u00ed, el jefe del ejecutivo estatal mostr\u00f3 su intenci\u00f3n para coordinarse en proyectos y programas a fin de trabajar en el desarrollo del municipio, acci\u00f3n que fue bien vista por Hidalgo Gallardo, quien dijo a su vez el objetivo es el favorecimiento de los habitantes de La Piedad.<\/p>\n\n\n\n<p>En su intervenci\u00f3n el primer mun\u00edcipe de la localidad Samuel Hidalgo, dio seguimiento a algunas acciones en las que previamente ya ha estado trabando de cerca con el Estatal y en las que comprenden obras de infraestructura urbana, salud, educaci\u00f3n, entre otras.<\/p>\n\n\n\n<p>Algunas de las obras que se mencionaron en beneficio de los vecinos de la Colonia Ciudad del Sol, es la rehabilitaci\u00f3n de un pozo de agua, as\u00ed como l\u00edneas de abastecimiento y suministro del vital l\u00edquido en esa zona de la ciudad.<\/p>\n\n\n\n<p>Sumado a esto, el presidente Hidalgo Gallardo, reconoci\u00f3 el inter\u00e9s el Gobernador para trabajar en colaboraci\u00f3n y mejorar las instalaciones de algunas instituciones educativas del municipio.<\/p>\n\n\n\n<p>Se\u00f1al\u00f3 que el sector educativo se ver\u00e1 favorecido con acciones que se llevar\u00e1n a cabo a trav\u00e9s del Instituto de la Infraestructura F\u00edsica Educativa del Estado de Michoac\u00e1n (IFEEM).<\/p>\n\n\n\n<figure class=\"wp-block-image size-large is-style-default\"><img loading=\"lazy\" decoding=\"async\" width=\"1024\" height=\"682\" src=\"http:\/\/tvalaire.com\/wp-content\/uploads\/2022\/04\/01-1-3-1024x682.jpeg\" alt=\"\" class=\"wp-image-10036\" srcset=\"http:\/\/tvalaire.com\/wp-content\/uploads\/2022\/04\/01-1-3-1024x682.jpeg 1024w, http:\/\/tvalaire.com\/wp-content\/uploads\/2022\/04\/01-1-3-300x200.jpeg 300w, http:\/\/tvalaire.com\/wp-content\/uploads\/2022\/04\/01-1-3-768x512.jpeg 768w, http:\/\/tvalaire.com\/wp-content\/uploads\/2022\/04\/01-1-3.jpeg 1280w\" sizes=\"(max-width: 1024px) 100vw, 1024px\" \/><\/figure>\n\n\n\n<figure class=\"wp-block-image size-large is-style-default\"><img loading=\"lazy\" decoding=\"async\" width=\"1024\" height=\"682\" src=\"http:\/\/tvalaire.com\/wp-content\/uploads\/2022\/04\/01-3-2-1024x682.jpeg\" alt=\"\" class=\"wp-image-10037\" srcset=\"http:\/\/tvalaire.com\/wp-content\/uploads\/2022\/04\/01-3-2-1024x682.jpeg 1024w, http:\/\/tvalaire.com\/wp-content\/uploads\/2022\/04\/01-3-2-300x200.jpeg 300w, http:\/\/tvalaire.com\/wp-content\/uploads\/2022\/04\/01-3-2-768x512.jpeg 768w, http:\/\/tvalaire.com\/wp-content\/uploads\/2022\/04\/01-3-2.jpeg 1280w\" sizes=\"(max-width: 1024px) 100vw, 1024px\" \/><\/figure>\n\n\n\n<figure class=\"wp-block-image size-large is-style-default\"><img loading=\"lazy\" decoding=\"async\" width=\"1024\" height=\"682\" src=\"http:\/\/tvalaire.com\/wp-content\/uploads\/2022\/04\/01-2-2-1024x682.jpeg\" alt=\"\" class=\"wp-image-10038\" srcset=\"http:\/\/tvalaire.com\/wp-content\/uploads\/2022\/04\/01-2-2-1024x682.jpeg 1024w, http:\/\/tvalaire.com\/wp-content\/uploads\/2022\/04\/01-2-2-300x200.jpeg 300w, http:\/\/tvalaire.com\/wp-content\/uploads\/2022\/04\/01-2-2-768x512.jpeg 768w, http:\/\/tvalaire.com\/wp-content\/uploads\/2022\/04\/01-2-2.jpeg 1280w\" sizes=\"(max-width: 1024px) 100vw, 1024px\" \/><\/figure>\n","protected":false},"excerpt":{"rendered":"<p>Habr\u00e1 mejoras en infraestructura de escuelas de La Piedad Alcalde Samuel Hidalgo, da seguimiento a&#8230;<\/p>\n","protected":false},"author":1,"featured_media":10035,"comment_status":"open","ping_status":"open","sticky":false,"template":"","format":"standard","meta":{"jetpack_post_was_ever_published":false,"_jetpack_newsletter_access":"","_jetpack_dont_email_post_to_subs":false,"_jetpack_newsletter_tier_id":0,"_jetpack_memberships_contains_paywalled_content":false,"_jetpack_memberships_contains_paid_content":false,"footnotes":"","jetpack_publicize_message":"","jetpack_publicize_feature_enabled":true,"jetpack_social_post_already_shared":true,"jetpack_social_options":{"image_generator_settings":{"template":"highway","enabled":false},"version":2}},"categories":[31,1],"tags":[15,36],"class_list":["post-10012","post","type-post","status-publish","format-standard","has-post-thumbnail","hentry","category-estado","category-la-piedad","tag-la-piedad","tag-principales"],"jetpack_publicize_connections":[],"jetpack_sharing_enabled":true,"featured_image_urls":{"full":["http:\/\/tvalaire.com\/wp-content\/uploads\/2022\/04\/01-4-1.jpeg",1149,766,false],"thumbnail":["http:\/\/tvalaire.com\/wp-content\/uploads\/2022\/04\/01-4-1-150x150.jpeg",150,150,true],"medium":["http:\/\/tvalaire.com\/wp-content\/uploads\/2022\/04\/01-4-1-300x200.jpeg",300,200,true],"medium_large":["http:\/\/tvalaire.com\/wp-content\/uploads\/2022\/04\/01-4-1-768x512.jpeg",640,427,true],"large":["http:\/\/tvalaire.com\/wp-content\/uploads\/2022\/04\/01-4-1-1024x683.jpeg",640,427,true],"post-slider-thumb-size":["http:\/\/tvalaire.com\/wp-content\/uploads\/2022\/04\/01-4-1-330x190.jpeg",330,190,true],"post-category-slider-size":["http:\/\/tvalaire.com\/wp-content\/uploads\/2022\/04\/01-4-1.jpeg",330,220,false],"1536x1536":["http:\/\/tvalaire.com\/wp-content\/uploads\/2022\/04\/01-4-1.jpeg",1149,766,false],"2048x2048":["http:\/\/tvalaire.com\/wp-content\/uploads\/2022\/04\/01-4-1.jpeg",1149,766,false],"newsium-slider-full":["http:\/\/tvalaire.com\/wp-content\/uploads\/2022\/04\/01-4-1.jpeg",1149,766,false],"newsium-featured":["http:\/\/tvalaire.com\/wp-content\/uploads\/2022\/04\/01-4-1-1024x683.jpeg",1024,683,true],"newsium-medium":["http:\/\/tvalaire.com\/wp-content\/uploads\/2022\/04\/01-4-1-720x475.jpeg",720,475,true]},"author_info":{"info":["tvalairenoti"]},"category_info":"<a href=\"http:\/\/tvalaire.com\/?cat=31\" rel=\"category\">Estado<\/a> <a href=\"http:\/\/tvalaire.com\/?cat=1\" rel=\"category\">La Piedad<\/a>","tag_info":"La Piedad","comment_count":"0","jetpack_featured_media_url":"http:\/\/tvalaire.com\/wp-content\/uploads\/2022\/04\/01-4-1.jpeg","_links":{"self":[{"href":"http:\/\/tvalaire.com\/index.php?rest_route=\/wp\/v2\/posts\/10012"}],"collection":[{"href":"http:\/\/tvalaire.com\/index.php?rest_route=\/wp\/v2\/posts"}],"about":[{"href":"http:\/\/tvalaire.com\/index.php?rest_route=\/wp\/v2\/types\/post"}],"author":[{"embeddable":true,"href":"http:\/\/tvalaire.com\/index.php?rest_route=\/wp\/v2\/users\/1"}],"replies":[{"embeddable":true,"href":"http:\/\/tvalaire.com\/index.php?rest_route=%2Fwp%2Fv2%2Fcomments&post=10012"}],"version-history":[{"count":1,"href":"http:\/\/tvalaire.com\/index.php?rest_route=\/wp\/v2\/posts\/10012\/revisions"}],"predecessor-version":[{"id":10039,"href":"http:\/\/tvalaire.com\/index.php?rest_route=\/wp\/v2\/posts\/10012\/revisions\/10039"}],"wp:featuredmedia":[{"embeddable":true,"href":"http:\/\/tvalaire.com\/index.php?rest_route=\/wp\/v2\/media\/10035"}],"wp:attachment":[{"href":"http:\/\/tvalaire.com\/index.php?rest_route=%2Fwp%2Fv2%2Fmedia&parent=10012"}],"wp:term":[{"taxonomy":"category","embeddable":true,"href":"http:\/\/tvalaire.com\/index.php?rest_route=%2Fwp%2Fv2%2Fcategories&post=10012"},{"taxonomy":"post_tag","embeddable":true,"href":"http:\/\/tvalaire.com\/index.php?rest_route=%2Fwp%2Fv2%2Ftags&post=10012"}],"curies":[{"name":"wp","href":"https:\/\/api.w.org\/{rel}","templated":true}]}}