{"id":10008,"date":"2022-03-15T10:34:00","date_gmt":"2022-03-15T16:34:00","guid":{"rendered":"http:\/\/tvalaire.com\/?p=10008"},"modified":"2022-04-04T10:47:55","modified_gmt":"2022-04-04T15:47:55","slug":"primera-capacitacion-de-la-embajada-estadounidense-para-tramite-de-pensiones","status":"publish","type":"post","link":"http:\/\/tvalaire.com\/?p=10008","title":{"rendered":"PRIMERA CAPACITACI\u00d3N DE LA EMBAJADA ESTADOUNIDENSE PARA TR\u00c1MITE DE PENSIONES"},"content":{"rendered":"\n<p><\/p>\n\n\n\n<ul class=\"wp-block-list\"><li><strong>Presidente de La Piedad recibe a Agentes Consulares<\/strong><\/li><li><strong>M\u00e1s de 30 municipios asisten a capacitaci\u00f3n<\/strong><\/li><\/ul>\n\n\n\n<p>El Gobierno Municipal de La Piedad, a trav\u00e9s de la direcci\u00f3n de Vinculaci\u00f3n Internacional, llev\u00f3 a cabo la \u201cPrimera Capacitaci\u00f3n de la Embajada Estadounidense para Tr\u00e1mites de Pensiones\u201d, en las instalaciones de UNIVA, donde asistieron m\u00e1s de 30 representantes de diversos municipios del estado, para recibir esta capacitaci\u00f3n.<\/p>\n\n\n\n<p>Por su parte, Samuel Hidalgo, presidente de La Piedad, agradeci\u00f3 la anfitrion\u00eda de la Doctora Natalia Alejandra Salinas Bravo, Directora de UNIVA, as\u00ed como la asistencia de los Agentes Consulares de la embajada de Estados Unidos en M\u00e9xico, Rodrigo Flores y Carlos D\u00edaz-Ceballo.<\/p>\n\n\n\n<p>As\u00ed mismo, los agentes consulares impartieron esta formaci\u00f3n, cuyo objetivo principal fue brindar herramientas y conocimientos, a los distintos representantes de cada municipio que se encargan de tramitar las pensiones de los ciudadanos inmigrantes.<\/p>\n\n\n\n<p>Cabe mencionar que la Direcci\u00f3n de Vinculaci\u00f3n Internacional en el municipio brinda asesor\u00eda en el tr\u00e1mite de las VISAS en sus diferentes clasificaciones, tr\u00e1mite de pasaporte americano para quienes tienen la doble nacionalidad, as\u00ed como actas de nacimiento y apostillamiento, ayuda para tramitar la pensi\u00f3n alimenticia y generar reporte de personas extraviadas en ese pa\u00eds. El horario de atenci\u00f3n es de lunes a viernes de 8:30am a 3:30pm en la calle Mariano Jim\u00e9nez #115.&nbsp;<\/p>\n\n\n\n<p><a><\/a>Dentro de los municipios que asistieron a dicha capacitaci\u00f3n fueron: Zamora, Chilchota, Numar\u00e1n, Vista Hermosa, Tanganc\u00edcuaro, Cotija, Paracho, Penjamillo, Brise\u00f1as, Churintzio, Cher\u00e1n, Venustiano Carranza, \u00c1lvaro Obreg\u00f3n, Puru\u00e1ndiro, Tingambato, Tangamandapio, Ting\u00fcind\u00edn, Cop\u00e1ndaro, Salvador Escalante y Nahuatzen.<\/p>\n\n\n\n<figure class=\"wp-block-image size-large is-style-default\"><img loading=\"lazy\" decoding=\"async\" width=\"1024\" height=\"682\" src=\"http:\/\/tvalaire.com\/wp-content\/uploads\/2022\/04\/01-4-1024x682.jpeg\" alt=\"\" class=\"wp-image-10023\" srcset=\"http:\/\/tvalaire.com\/wp-content\/uploads\/2022\/04\/01-4-1024x682.jpeg 1024w, http:\/\/tvalaire.com\/wp-content\/uploads\/2022\/04\/01-4-300x200.jpeg 300w, http:\/\/tvalaire.com\/wp-content\/uploads\/2022\/04\/01-4-768x512.jpeg 768w, http:\/\/tvalaire.com\/wp-content\/uploads\/2022\/04\/01-4.jpeg 1280w\" sizes=\"(max-width: 1024px) 100vw, 1024px\" \/><\/figure>\n\n\n\n<figure class=\"wp-block-image size-large is-style-default\"><img loading=\"lazy\" decoding=\"async\" width=\"1024\" height=\"682\" src=\"http:\/\/tvalaire.com\/wp-content\/uploads\/2022\/04\/01-2-1-1024x682.jpeg\" alt=\"\" class=\"wp-image-10025\" srcset=\"http:\/\/tvalaire.com\/wp-content\/uploads\/2022\/04\/01-2-1-1024x682.jpeg 1024w, http:\/\/tvalaire.com\/wp-content\/uploads\/2022\/04\/01-2-1-300x200.jpeg 300w, http:\/\/tvalaire.com\/wp-content\/uploads\/2022\/04\/01-2-1-768x512.jpeg 768w, http:\/\/tvalaire.com\/wp-content\/uploads\/2022\/04\/01-2-1.jpeg 1280w\" sizes=\"(max-width: 1024px) 100vw, 1024px\" \/><\/figure>\n\n\n\n<figure class=\"wp-block-image size-large is-style-default\"><img loading=\"lazy\" decoding=\"async\" width=\"1024\" height=\"682\" src=\"http:\/\/tvalaire.com\/wp-content\/uploads\/2022\/04\/01-1-1-1-1024x682.jpeg\" alt=\"\" class=\"wp-image-10024\" srcset=\"http:\/\/tvalaire.com\/wp-content\/uploads\/2022\/04\/01-1-1-1-1024x682.jpeg 1024w, http:\/\/tvalaire.com\/wp-content\/uploads\/2022\/04\/01-1-1-1-300x200.jpeg 300w, http:\/\/tvalaire.com\/wp-content\/uploads\/2022\/04\/01-1-1-1-768x512.jpeg 768w, http:\/\/tvalaire.com\/wp-content\/uploads\/2022\/04\/01-1-1-1.jpeg 1280w\" sizes=\"(max-width: 1024px) 100vw, 1024px\" \/><\/figure>\n","protected":false},"excerpt":{"rendered":"<p>Presidente de La Piedad recibe a Agentes Consulares M\u00e1s de 30 municipios asisten a capacitaci\u00f3n&#8230;<\/p>\n","protected":false},"author":1,"featured_media":10022,"comment_status":"open","ping_status":"open","sticky":false,"template":"","format":"standard","meta":{"jetpack_post_was_ever_published":false,"_jetpack_newsletter_access":"","_jetpack_dont_email_post_to_subs":false,"_jetpack_newsletter_tier_id":0,"_jetpack_memberships_contains_paywalled_content":false,"_jetpack_memberships_contains_paid_content":false,"footnotes":"","jetpack_publicize_message":"","jetpack_publicize_feature_enabled":true,"jetpack_social_post_already_shared":true,"jetpack_social_options":{"image_generator_settings":{"template":"highway","enabled":false},"version":2}},"categories":[1],"tags":[15,36],"class_list":["post-10008","post","type-post","status-publish","format-standard","has-post-thumbnail","hentry","category-la-piedad","tag-la-piedad","tag-principales"],"jetpack_publicize_connections":[],"jetpack_sharing_enabled":true,"featured_image_urls":{"full":["http:\/\/tvalaire.com\/wp-content\/uploads\/2022\/04\/01-3-1.jpeg",1115,743,false],"thumbnail":["http:\/\/tvalaire.com\/wp-content\/uploads\/2022\/04\/01-3-1-150x150.jpeg",150,150,true],"medium":["http:\/\/tvalaire.com\/wp-content\/uploads\/2022\/04\/01-3-1-300x200.jpeg",300,200,true],"medium_large":["http:\/\/tvalaire.com\/wp-content\/uploads\/2022\/04\/01-3-1-768x512.jpeg",640,427,true],"large":["http:\/\/tvalaire.com\/wp-content\/uploads\/2022\/04\/01-3-1-1024x682.jpeg",640,426,true],"post-slider-thumb-size":["http:\/\/tvalaire.com\/wp-content\/uploads\/2022\/04\/01-3-1-330x190.jpeg",330,190,true],"post-category-slider-size":["http:\/\/tvalaire.com\/wp-content\/uploads\/2022\/04\/01-3-1.jpeg",330,220,false],"1536x1536":["http:\/\/tvalaire.com\/wp-content\/uploads\/2022\/04\/01-3-1.jpeg",1115,743,false],"2048x2048":["http:\/\/tvalaire.com\/wp-content\/uploads\/2022\/04\/01-3-1.jpeg",1115,743,false],"newsium-slider-full":["http:\/\/tvalaire.com\/wp-content\/uploads\/2022\/04\/01-3-1.jpeg",1115,743,false],"newsium-featured":["http:\/\/tvalaire.com\/wp-content\/uploads\/2022\/04\/01-3-1-1024x682.jpeg",1024,682,true],"newsium-medium":["http:\/\/tvalaire.com\/wp-content\/uploads\/2022\/04\/01-3-1-720x475.jpeg",720,475,true]},"author_info":{"info":["tvalairenoti"]},"category_info":"<a href=\"http:\/\/tvalaire.com\/?cat=1\" rel=\"category\">La Piedad<\/a>","tag_info":"La Piedad","comment_count":"0","jetpack_featured_media_url":"http:\/\/tvalaire.com\/wp-content\/uploads\/2022\/04\/01-3-1.jpeg","_links":{"self":[{"href":"http:\/\/tvalaire.com\/index.php?rest_route=\/wp\/v2\/posts\/10008"}],"collection":[{"href":"http:\/\/tvalaire.com\/index.php?rest_route=\/wp\/v2\/posts"}],"about":[{"href":"http:\/\/tvalaire.com\/index.php?rest_route=\/wp\/v2\/types\/post"}],"author":[{"embeddable":true,"href":"http:\/\/tvalaire.com\/index.php?rest_route=\/wp\/v2\/users\/1"}],"replies":[{"embeddable":true,"href":"http:\/\/tvalaire.com\/index.php?rest_route=%2Fwp%2Fv2%2Fcomments&post=10008"}],"version-history":[{"count":1,"href":"http:\/\/tvalaire.com\/index.php?rest_route=\/wp\/v2\/posts\/10008\/revisions"}],"predecessor-version":[{"id":10026,"href":"http:\/\/tvalaire.com\/index.php?rest_route=\/wp\/v2\/posts\/10008\/revisions\/10026"}],"wp:featuredmedia":[{"embeddable":true,"href":"http:\/\/tvalaire.com\/index.php?rest_route=\/wp\/v2\/media\/10022"}],"wp:attachment":[{"href":"http:\/\/tvalaire.com\/index.php?rest_route=%2Fwp%2Fv2%2Fmedia&parent=10008"}],"wp:term":[{"taxonomy":"category","embeddable":true,"href":"http:\/\/tvalaire.com\/index.php?rest_route=%2Fwp%2Fv2%2Fcategories&post=10008"},{"taxonomy":"post_tag","embeddable":true,"href":"http:\/\/tvalaire.com\/index.php?rest_route=%2Fwp%2Fv2%2Ftags&post=10008"}],"curies":[{"name":"wp","href":"https:\/\/api.w.org\/{rel}","templated":true}]}}