{"id":10007,"date":"2022-03-16T10:34:00","date_gmt":"2022-03-16T16:34:00","guid":{"rendered":"http:\/\/tvalaire.com\/?p=10007"},"modified":"2022-04-04T10:44:33","modified_gmt":"2022-04-04T15:44:33","slug":"aprueba-cabildo-piedadense-obra-de-mejoramiento-en-el-salto","status":"publish","type":"post","link":"http:\/\/tvalaire.com\/?p=10007","title":{"rendered":"APRUEBA CABILDO PIEDADENSE OBRA DE MEJORAMIENTO EN EL SALTO"},"content":{"rendered":"\n<p><\/p>\n\n\n\n<ul class=\"wp-block-list\"><li><strong>Destinar\u00e1n m\u00e1s de 2.1 millones de pesos<\/strong><\/li><li><strong>Invita Alcalde a cuidar<a><\/a> los lugares naturales al a\u00edre libre<\/strong><\/li><\/ul>\n\n\n\n<p>Integrantes del H. Ayuntamiento del municipio de La Piedad, aprobaron por unanimidad la propuesta del presidente Samuel Hidalgo Gallardo, para dar de alta la obra de remodelaci\u00f3n de la plaza de la comunidad de El Salto.<\/p>\n\n\n\n<p>Armando Garc\u00eda Mart\u00ednez, Director de Urbanismo y Obras P\u00fablicas de La Piedad, en sesi\u00f3n ordinaria de Ayuntamiento, dio a conocer la modificaci\u00f3n al Programa Anual de Obra P\u00fablica (POA) en el cual se contemplan las acciones de mejoramiento.<\/p>\n\n\n\n<p>En Sesi\u00f3n de Ayuntamiento, los integrantes aprobaron el alta de la remodelaci\u00f3n que se tiene para la plaza de la comunidad de El Salto, en la cual se estima una inversi\u00f3n superior a los 2 millones 145 mil pesos, a trav\u00e9s del Fondo de Aportaciones para la Infraestructura de Servicios P\u00fablicos Municipales (FAEISPUM).<\/p>\n\n\n\n<p>En su momento Hidalgo Gallardo, dijo que es una obra que despu\u00e9s de bastantes a\u00f1os, pronto se har\u00e1 realidad, pues la intenci\u00f3n es habilitar un espacio digno y adecuado para los propios ciudadanos que suelen acudir al lugar en familia.<\/p>\n\n\n\n<p>Ah\u00ed mismo el Alcalde, hizo un llamado a la poblaci\u00f3n en general que suele acudir al lugar para que en medida de lo posible cuiden el espacio de recreaci\u00f3n natural que se tiene y eviten tirar basura en el lugar.&nbsp;<\/p>\n\n\n\n<p>Sumado a esto resalt\u00f3 que, si las reglas de operaci\u00f3n lo permiten en un corto plazo, se espera poder realizar una segunda etapa en la parte baja del lugar.<\/p>\n","protected":false},"excerpt":{"rendered":"<p>Destinar\u00e1n m\u00e1s de 2.1 millones de pesos Invita Alcalde a cuidar los lugares naturales al&#8230;<\/p>\n","protected":false},"author":1,"featured_media":10020,"comment_status":"open","ping_status":"open","sticky":false,"template":"","format":"standard","meta":{"jetpack_post_was_ever_published":false,"_jetpack_newsletter_access":"","_jetpack_dont_email_post_to_subs":false,"_jetpack_newsletter_tier_id":0,"_jetpack_memberships_contains_paywalled_content":false,"_jetpack_memberships_contains_paid_content":false,"footnotes":"","jetpack_publicize_message":"","jetpack_publicize_feature_enabled":true,"jetpack_social_post_already_shared":true,"jetpack_social_options":{"image_generator_settings":{"template":"highway","enabled":false},"version":2}},"categories":[1],"tags":[15,36],"class_list":["post-10007","post","type-post","status-publish","format-standard","has-post-thumbnail","hentry","category-la-piedad","tag-la-piedad","tag-principales"],"jetpack_publicize_connections":[],"jetpack_sharing_enabled":true,"featured_image_urls":{"full":["http:\/\/tvalaire.com\/wp-content\/uploads\/2022\/04\/01-1-1.jpeg",1280,853,false],"thumbnail":["http:\/\/tvalaire.com\/wp-content\/uploads\/2022\/04\/01-1-1-150x150.jpeg",150,150,true],"medium":["http:\/\/tvalaire.com\/wp-content\/uploads\/2022\/04\/01-1-1-300x200.jpeg",300,200,true],"medium_large":["http:\/\/tvalaire.com\/wp-content\/uploads\/2022\/04\/01-1-1-768x512.jpeg",640,427,true],"large":["http:\/\/tvalaire.com\/wp-content\/uploads\/2022\/04\/01-1-1-1024x682.jpeg",640,426,true],"post-slider-thumb-size":["http:\/\/tvalaire.com\/wp-content\/uploads\/2022\/04\/01-1-1-330x190.jpeg",330,190,true],"post-category-slider-size":["http:\/\/tvalaire.com\/wp-content\/uploads\/2022\/04\/01-1-1.jpeg",330,220,false],"1536x1536":["http:\/\/tvalaire.com\/wp-content\/uploads\/2022\/04\/01-1-1.jpeg",1280,853,false],"2048x2048":["http:\/\/tvalaire.com\/wp-content\/uploads\/2022\/04\/01-1-1.jpeg",1280,853,false],"newsium-slider-full":["http:\/\/tvalaire.com\/wp-content\/uploads\/2022\/04\/01-1-1-1280x845.jpeg",1280,845,true],"newsium-featured":["http:\/\/tvalaire.com\/wp-content\/uploads\/2022\/04\/01-1-1-1024x682.jpeg",1024,682,true],"newsium-medium":["http:\/\/tvalaire.com\/wp-content\/uploads\/2022\/04\/01-1-1-720x475.jpeg",720,475,true]},"author_info":{"info":["tvalairenoti"]},"category_info":"<a href=\"http:\/\/tvalaire.com\/?cat=1\" rel=\"category\">La Piedad<\/a>","tag_info":"La Piedad","comment_count":"0","jetpack_featured_media_url":"http:\/\/tvalaire.com\/wp-content\/uploads\/2022\/04\/01-1-1.jpeg","_links":{"self":[{"href":"http:\/\/tvalaire.com\/index.php?rest_route=\/wp\/v2\/posts\/10007"}],"collection":[{"href":"http:\/\/tvalaire.com\/index.php?rest_route=\/wp\/v2\/posts"}],"about":[{"href":"http:\/\/tvalaire.com\/index.php?rest_route=\/wp\/v2\/types\/post"}],"author":[{"embeddable":true,"href":"http:\/\/tvalaire.com\/index.php?rest_route=\/wp\/v2\/users\/1"}],"replies":[{"embeddable":true,"href":"http:\/\/tvalaire.com\/index.php?rest_route=%2Fwp%2Fv2%2Fcomments&post=10007"}],"version-history":[{"count":1,"href":"http:\/\/tvalaire.com\/index.php?rest_route=\/wp\/v2\/posts\/10007\/revisions"}],"predecessor-version":[{"id":10021,"href":"http:\/\/tvalaire.com\/index.php?rest_route=\/wp\/v2\/posts\/10007\/revisions\/10021"}],"wp:featuredmedia":[{"embeddable":true,"href":"http:\/\/tvalaire.com\/index.php?rest_route=\/wp\/v2\/media\/10020"}],"wp:attachment":[{"href":"http:\/\/tvalaire.com\/index.php?rest_route=%2Fwp%2Fv2%2Fmedia&parent=10007"}],"wp:term":[{"taxonomy":"category","embeddable":true,"href":"http:\/\/tvalaire.com\/index.php?rest_route=%2Fwp%2Fv2%2Fcategories&post=10007"},{"taxonomy":"post_tag","embeddable":true,"href":"http:\/\/tvalaire.com\/index.php?rest_route=%2Fwp%2Fv2%2Ftags&post=10007"}],"curies":[{"name":"wp","href":"https:\/\/api.w.org\/{rel}","templated":true}]}}